{"id":18025,"date":"2025-11-22T17:30:53","date_gmt":"2025-11-22T17:30:53","guid":{"rendered":"https:\/\/swiat24.pl.ua\/?p=18025"},"modified":"2025-11-22T17:30:53","modified_gmt":"2025-11-22T17:30:53","slug":"andrzej-duda-o-bodnarze-i-zurku-to-sa-pionki","status":"publish","type":"post","link":"https:\/\/swiat24.pl.ua\/?p=18025","title":{"rendered":"Andrzej Duda o Bodnarze i \u017burku: \u201eTo s\u0105 pionki\u201d"},"content":{"rendered":"\n<p>W najnowszym wywiadzie, kt\u00f3ry ju\u017c zd\u0105\u017cy\u0142 wywo\u0142a\u0107 gor\u0105ce dyskusje w polskiej polityce, by\u0142y prezydent Andrzej Duda komentuje zar\u00f3wno sytuacj\u0119 Zbigniewa Ziobry, jak i rol\u0119 obecnych ministr\u00f3w sprawiedliwo\u015bci. <\/p>\n\n\n\n<p>Padaj\u0105 mocne s\u0142owa, sugestywne por\u00f3wnania oraz oskar\u017cenia, kt\u00f3re jak sam zaznacza \u201emog\u0105 kogo\u015b zbulwersowa\u0107\u201d.<\/p>\n\n\n\n<p>Duda o Ziobrze<br>By\u0142y prezydent bardzo emocjonalnie odni\u00f3s\u0142 si\u0119 do sprawy Zbigniewa Ziobry, wobec kt\u00f3rego prokuratura zastosowa\u0142a zabezpieczenie maj\u0105tkowe. Podkre\u015bli\u0142 dramatyzm sytuacji, m\u00f3wi\u0105c:<\/p>\n\n\n\n<p>Patrz\u0105c na t\u0119 sytuacj\u0119, na chorob\u0119 ministra Zbigniewa Ziobry\u2026 p\u0142aka\u0107 naprawd\u0119 si\u0119 chce, kiedy si\u0119 na to patrzy, bo to jest straszne.<\/p>\n\n\n\n<p>W kontek\u015bcie zarzut\u00f3w dotycz\u0105cych Funduszu Sprawiedliwo\u015bci Duda stwierdzi\u0142, \u017ce ca\u0142a sprawa \u201es\u0142u\u017cy zastraszeniu\u201d i ma odstrasza\u0107 potencjalnych zwolennik\u00f3w \u201eobozu patriotycznego\u201d. Jego zdaniem przekaz jest jasny: \u201ekto si\u0119 sprzeciwia Tuskowi i jego bandzie, ten b\u0119dzie w wi\u0119zieniu\u201d.<br><\/p>\n\n\n\n<p>Mocne s\u0142owa o Bodnarze i \u017burku<br>Najwi\u0119ksze poruszenie wywo\u0142a\u0142 fragment rozmowy, w kt\u00f3rym pad\u0142o pytanie, \u201ekto z punktu widzenia demokracji i praworz\u0105dno\u015bci jest gorszy jako minister sprawiedliwo\u015bci &#8211; Adam Bodnar czy Waldemar \u017burek?\u201d. Duda nie odpowiedzia\u0142 bezpo\u015brednio, lecz stwierdzi\u0142:<\/p>\n\n\n\n<p>Przepraszam za to okre\u015blenie, bo mo\u017ce kto\u015b si\u0119 zbulwersuje, ale to s\u0105 pionki. To Tusk tutaj decyduje.<\/p>\n\n\n\n<p>By\u0142y prezydent zasugerowa\u0142 przy tym, \u017ce prawdziwe decyzje zapadaj\u0105 poza oficjalnymi strukturami:<\/p>\n\n\n\n<p>Pytanie, kto Tuskowi wydaje polecenia\u2026 to mo\u017cna si\u0119 tylko domy\u015bla\u0107.<\/p>\n\n\n\n<p>Tego typu wypowiedzi z pewno\u015bci\u0105 b\u0119d\u0105 szeroko komentowane, bo wprowadzaj\u0105 do debaty nowe insynuacje dotycz\u0105ce struktury w\u0142adzy w kraju.<br><\/p>\n\n\n\n<p>Ziobro na celowniku prokuratury<br>Wed\u0142ug ustale\u0144 \u015bledczych Zbigniew Ziobro mia\u0142 pope\u0142ni\u0107 26 przest\u0119pstw, w tym wydawa\u0107 \u201enielegalne polecenia\u201d dotycz\u0105ce dotacji z Funduszu Sprawiedliwo\u015bci. Sejm wyrazi\u0142 zgod\u0119 na jego zatrzymanie i aresztowanie, a polityk przebywa obecnie na W\u0119grzech.<\/p>\n\n\n\n<p>Sam Ziobro stanowczo odrzuca zarzuty, twierdz\u0105c, \u017ce s\u0105 one \u201efa\u0142szywe, nieprawdziwe i ca\u0142kowicie absurdalne\u201d, a Fundusz \u201eby\u0142 wydawany zgodnie z prawem\u201d. W mediach spo\u0142eczno\u015bciowych napisa\u0142 nawet, \u017ce \u201estawiane mi wymy\u015blone zarzuty to determinacja przest\u0119pczej szajki, rz\u0105dz\u0105cej dzi\u015b Polsk\u0105\u201d.<br><\/p>\n\n\n\n<p><\/p>\n","protected":false},"excerpt":{"rendered":"W najnowszym wywiadzie, kt\u00f3ry ju\u017c zd\u0105\u017cy\u0142 wywo\u0142a\u0107 gor\u0105ce dyskusje w polskiej polityce, by\u0142y prezydent Andrzej Duda komentuje zar\u00f3wno sytuacj\u0119 Zbigniewa Ziobry, jak i \n<a class=\"moretag\" href=\"https:\/\/swiat24.pl.ua\/?p=18025\"> [...]<\/a>","protected":false},"author":1,"featured_media":18026,"comment_status":"open","ping_status":"open","sticky":false,"template":"","format":"standard","meta":{"footnotes":""},"categories":[1],"tags":[],"class_list":["post-18025","post","type-post","status-publish","format-standard","has-post-thumbnail","hentry","category-blog"],"_links":{"self":[{"href":"https:\/\/swiat24.pl.ua\/index.php?rest_route=\/wp\/v2\/posts\/18025","targetHints":{"allow":["GET"]}}],"collection":[{"href":"https:\/\/swiat24.pl.ua\/index.php?rest_route=\/wp\/v2\/posts"}],"about":[{"href":"https:\/\/swiat24.pl.ua\/index.php?rest_route=\/wp\/v2\/types\/post"}],"author":[{"embeddable":true,"href":"https:\/\/swiat24.pl.ua\/index.php?rest_route=\/wp\/v2\/users\/1"}],"replies":[{"embeddable":true,"href":"https:\/\/swiat24.pl.ua\/index.php?rest_route=%2Fwp%2Fv2%2Fcomments&post=18025"}],"version-history":[{"count":1,"href":"https:\/\/swiat24.pl.ua\/index.php?rest_route=\/wp\/v2\/posts\/18025\/revisions"}],"predecessor-version":[{"id":18027,"href":"https:\/\/swiat24.pl.ua\/index.php?rest_route=\/wp\/v2\/posts\/18025\/revisions\/18027"}],"wp:featuredmedia":[{"embeddable":true,"href":"https:\/\/swiat24.pl.ua\/index.php?rest_route=\/wp\/v2\/media\/18026"}],"wp:attachment":[{"href":"https:\/\/swiat24.pl.ua\/index.php?rest_route=%2Fwp%2Fv2%2Fmedia&parent=18025"}],"wp:term":[{"taxonomy":"category","embeddable":true,"href":"https:\/\/swiat24.pl.ua\/index.php?rest_route=%2Fwp%2Fv2%2Fcategories&post=18025"},{"taxonomy":"post_tag","embeddable":true,"href":"https:\/\/swiat24.pl.ua\/index.php?rest_route=%2Fwp%2Fv2%2Ftags&post=18025"}],"curies":[{"name":"wp","href":"https:\/\/api.w.org\/{rel}","templated":true}]}}