{"id":18005,"date":"2025-11-22T14:05:35","date_gmt":"2025-11-22T14:05:35","guid":{"rendered":"https:\/\/swiat24.pl.ua\/?p=18005"},"modified":"2025-11-22T14:05:35","modified_gmt":"2025-11-22T14:05:35","slug":"wpadka-slawomira-cenckiewicza-jan-grabiec-podsumowal-prawa-reke-prezydenta","status":"publish","type":"post","link":"https:\/\/swiat24.pl.ua\/?p=18005","title":{"rendered":"Wpadka S\u0142awomira Cenckiewicza. Jan Grabiec podsumowa\u0142 &#8220;praw\u0105 r\u0119k\u0119&#8221; prezydenta"},"content":{"rendered":"\n<p>Wydawa\u0142o si\u0119, \u017ce Biuro Bezpiecze\u0144stwa Narodowego (BBN) to ostatnie miejsce, kt\u00f3re powinno ulega\u0107 dezinformacji. <\/p>\n\n\n\n<p>Tymczasem S\u0142awomir Cenckiewicz, okre\u015blany mianem &#8220;prawej r\u0119ki&#8221; prezydenta Karola Nawrockiego, sta\u0142 si\u0119 bohaterem skandalu po tym, jak powieli\u0142 niezweryfikowane doniesienia internetowe dotycz\u0105ce bezpiecze\u0144stwa na kolei. Opozycja rz\u0105dowa nie zostawia na nim suchej nitki.<\/p>\n\n\n\n<p>Kim jest S\u0142awomir Cenckiewicz?<br>W obecnym uk\u0142adzie w\u0142adzy (listopad 2025) S\u0142awomir Cenckiewicz pe\u0142ni funkcj\u0119 Szefa Biura Bezpiecze\u0144stwa Narodowego (BBN). Historyk i badacz: Znany z wieloletniej pracy w IPN (gdzie wsp\u00f3\u0142pracowa\u0142 z Karolem Nawrockim) oraz z publikacji ksi\u0105\u017ckowych prze\u015bwietlaj\u0105cych przesz\u0142o\u015b\u0107 Lecha Wa\u0142\u0119sy.&nbsp;<\/p>\n\n\n\n<p>Autor &#8220;Resetu&#8221;: Wsp\u00f3\u0142tw\u00f3rca g\u0142o\u015bnego serialu dokumentalnego o relacjach polsko-rosyjskich, kt\u00f3ry by\u0142 fundamentem narracji prawicy o zagro\u017ceniach ze wschodu.&nbsp;<\/p>\n\n\n\n<p>Rola u boku Prezydenta: Jako szef BBN jest g\u0142\u00f3wnym doradc\u0105 prezydenta ds. bezpiecze\u0144stwa i \u0142\u0105cznikiem mi\u0119dzy Pa\u0142acem a s\u0142u\u017cbami specjalnymi. Jego s\u0142owa s\u0105 traktowane jako wa\u017cne stanowisko g\u0142owy pa\u0144stwa.\u00a0<br><\/p>\n\n\n\n<figure class=\"wp-block-image size-full\"><img loading=\"lazy\" decoding=\"async\" width=\"1013\" height=\"564\" src=\"https:\/\/swiat24.pl.ua\/wp-content\/uploads\/2025\/11\/image-23.png\" alt=\"\" class=\"wp-image-18007\" srcset=\"https:\/\/swiat24.pl.ua\/wp-content\/uploads\/2025\/11\/image-23.png 1013w, https:\/\/swiat24.pl.ua\/wp-content\/uploads\/2025\/11\/image-23-300x167.png 300w, https:\/\/swiat24.pl.ua\/wp-content\/uploads\/2025\/11\/image-23-768x428.png 768w\" sizes=\"auto, (max-width: 1013px) 100vw, 1013px\" \/><\/figure>\n\n\n\n<p>Wpadka z dywersantem. Co udost\u0119pni\u0142 szef BBN?<br>Osi\u0105 sporu sta\u0142a si\u0119 informacja o zatrzymaniu podejrzanego o pr\u00f3by dywersji na kolei. W obliczu realnego zagro\u017cenia sabota\u017cem (wojna hybrydowa), temat ten budzi ogromne emocje.<\/p>\n\n\n\n<p>S\u0142awomir Cenckiewicz udost\u0119pni\u0142 w mediach spo\u0142eczno\u015bciowych informacj\u0119 sugeruj\u0105c\u0105 konkretne powi\u0105zania lub to\u017csamo\u015b\u0107 zatrzymanego, opieraj\u0105c si\u0119 na niepotwierdzonych doniesieniach kr\u0105\u017c\u0105cych w sieci.&nbsp;<\/p>\n\n\n\n<p>Problem: Informacja okaza\u0142a si\u0119 nieprawdziwa (tzw. fake news).<\/p>\n\n\n\n<p>Skutek: Zamiast uspokoi\u0107 nastroje, szef BBN wprowadzi\u0142 opini\u0119 publiczn\u0105 w b\u0142\u0105d w krytycznej kwestii bezpiecze\u0144stwa infrastruktury krytycznej. Internauci i eksperci szybko wytkn\u0119li, \u017ce osoba na jego stanowisku powinna czerpa\u0107 wiedz\u0119 z tajnych raport\u00f3w s\u0142u\u017cb, a nie z Twittera.\u00a0<br><\/p>\n\n\n\n<p>&#8220;Kompromitacja bez precedensu&#8221;. Jan Grabiec kontratakuje<br>Na reakcj\u0119 obozu rz\u0105dowego nie trzeba by\u0142o d\u0142ugo czeka\u0107. Jan Grabiec, szef Kancelarii Prezesa Rady Ministr\u00f3w (KPRM), ostro skrytykowa\u0142 postaw\u0119 Cenckiewicza.&nbsp;<\/p>\n\n\n\n<p>Kompromitacja bez precedensu: Szef BBN S\u0142awomir Cenckiewicz rozpowszechnia k\u0142amstwo dotycz\u0105ce ataku terrorystycznego rosyjskich s\u0142u\u017cb pod \u017byczynem. Zarzuca polskiemu premierowi k\u0142amstwo, a s\u0142u\u017cbom brak profesjonalizmu w sprawie skazania jednego ze sprawc\u00f3w przez ukrai\u0144ski s\u0105d &#8211; powiedzia\u0142 polityk.<\/p>\n\n\n\n<p>G\u0142\u00f3wne zarzuty Grabca:<\/p>\n\n\n\n<p>Brak profesjonalizmu: Grabiec stwierdzi\u0142, \u017ce powielanie plotek przez szefa BBN to &#8220;kompromitacja bez precedensu&#8221;.<\/p>\n\n\n\n<p>Uderzenie w powag\u0119 urz\u0119du: Wed\u0142ug ministra, sytuacja, w kt\u00f3rej szef BBN &#8220;nie wie, co si\u0119 dzieje&#8221; i musi posi\u0142kowa\u0107 si\u0119 fa\u0142szywkami z internetu, podwa\u017ca zaufanie do ca\u0142ego systemu bezpiecze\u0144stwa pa\u0144stwa.<\/p>\n\n\n\n<p>Zagro\u017cenie: Grabiec zasugerowa\u0142, \u017ce takie dzia\u0142anie wpisuje si\u0119 w chaos informacyjny, na kt\u00f3rym zale\u017cy wrogim s\u0142u\u017cbom ze Wschodu. &#8220;Prawa r\u0119ka prezydenta powinna weryfikowa\u0107 fakty, a nie sia\u0107 panik\u0119&#8221; \u2013 to sens krytyki p\u0142yn\u0105cej z rz\u0105du.<\/p>\n\n\n\n<p>Czas si\u0119 zdecydowa\u0107, panie Cenckiewicz, czy chce by\u0107 pan polskim urz\u0119dnikiem czy trollem rosyjskiej propagandy &#8211; zwr\u00f3ci\u0142 si\u0119 Grabiec do szefa BBN.<br><\/p>\n","protected":false},"excerpt":{"rendered":"Wydawa\u0142o si\u0119, \u017ce Biuro Bezpiecze\u0144stwa Narodowego (BBN) to ostatnie miejsce, kt\u00f3re powinno ulega\u0107 dezinformacji. Tymczasem S\u0142awomir Cenckiewicz, okre\u015blany mianem &#8220;prawej r\u0119ki&#8221; prezydenta Karola \n<a class=\"moretag\" href=\"https:\/\/swiat24.pl.ua\/?p=18005\"> [...]<\/a>","protected":false},"author":1,"featured_media":18008,"comment_status":"open","ping_status":"open","sticky":false,"template":"","format":"standard","meta":{"footnotes":""},"categories":[1],"tags":[],"class_list":["post-18005","post","type-post","status-publish","format-standard","has-post-thumbnail","hentry","category-blog"],"_links":{"self":[{"href":"https:\/\/swiat24.pl.ua\/index.php?rest_route=\/wp\/v2\/posts\/18005","targetHints":{"allow":["GET"]}}],"collection":[{"href":"https:\/\/swiat24.pl.ua\/index.php?rest_route=\/wp\/v2\/posts"}],"about":[{"href":"https:\/\/swiat24.pl.ua\/index.php?rest_route=\/wp\/v2\/types\/post"}],"author":[{"embeddable":true,"href":"https:\/\/swiat24.pl.ua\/index.php?rest_route=\/wp\/v2\/users\/1"}],"replies":[{"embeddable":true,"href":"https:\/\/swiat24.pl.ua\/index.php?rest_route=%2Fwp%2Fv2%2Fcomments&post=18005"}],"version-history":[{"count":1,"href":"https:\/\/swiat24.pl.ua\/index.php?rest_route=\/wp\/v2\/posts\/18005\/revisions"}],"predecessor-version":[{"id":18009,"href":"https:\/\/swiat24.pl.ua\/index.php?rest_route=\/wp\/v2\/posts\/18005\/revisions\/18009"}],"wp:featuredmedia":[{"embeddable":true,"href":"https:\/\/swiat24.pl.ua\/index.php?rest_route=\/wp\/v2\/media\/18008"}],"wp:attachment":[{"href":"https:\/\/swiat24.pl.ua\/index.php?rest_route=%2Fwp%2Fv2%2Fmedia&parent=18005"}],"wp:term":[{"taxonomy":"category","embeddable":true,"href":"https:\/\/swiat24.pl.ua\/index.php?rest_route=%2Fwp%2Fv2%2Fcategories&post=18005"},{"taxonomy":"post_tag","embeddable":true,"href":"https:\/\/swiat24.pl.ua\/index.php?rest_route=%2Fwp%2Fv2%2Ftags&post=18005"}],"curies":[{"name":"wp","href":"https:\/\/api.w.org\/{rel}","templated":true}]}}