{"id":17993,"date":"2025-11-22T11:11:34","date_gmt":"2025-11-22T11:11:34","guid":{"rendered":"https:\/\/swiat24.pl.ua\/?p=17993"},"modified":"2025-11-22T11:11:34","modified_gmt":"2025-11-22T11:11:34","slug":"kaczynski-zly-na-zagranie-nawrockiego-jego-plan-poszedl-nie-po-mysli","status":"publish","type":"post","link":"https:\/\/swiat24.pl.ua\/?p=17993","title":{"rendered":"Kaczy\u0144ski z\u0142y na zagranie Nawrockiego. Jego plan poszed\u0142 nie po my\u015bli"},"content":{"rendered":"\n<p>Karol Nawrocki ma czas tylko do 3 grudnia, aby podj\u0105\u0107 decyzj\u0119 w sprawie dw\u00f3ch kluczowych ustaw prozwierz\u0119cych.<\/p>\n\n\n\n<p> Jak ustali\u0142a &#8220;Rzeczpospolita&#8221;, decyzja ta powoduje napi\u0119cie w obozie Zjednoczonej Prawicy. Jaros\u0142aw Kaczy\u0144ski podobno &#8220;mocno obawia si\u0119&#8221; o to, czy prezydent podpisze ustawy, co jest postrzegane jako test dla relacji mi\u0119dzy Pa\u0142acem Prezydenckim a Nowogrodzk\u0105.<\/p>\n\n\n\n<p>Co stoi na szali? Dwie kluczowe ustawy<br>Na biurku prezydenta czekaj\u0105 dwie ustawy, kt\u00f3re Sejm uchwali\u0142 w ostatnich tygodniach. Pierwsza z nich, przyj\u0119ta pod koniec wrze\u015bnia, wprowadza ca\u0142kowity zakaz trzymania ps\u00f3w na \u0142a\u0144cuchach.<\/p>\n\n\n\n<p> Nowe prawo ma r\u00f3wnie\u017c poprawi\u0107 warunki bytowe zwierz\u0105t domowych poprzez wprowadzenie minimalnych wymaga\u0144 dotycz\u0105cych powierzchni kojc\u00f3w.<\/p>\n\n\n\n<p>Druga ustawa, nad kt\u00f3r\u0105 Sejm pracowa\u0142 w po\u0142owie pa\u017adziernika, dotyczy zakazu hodowli zwierz\u0105t na futra. W praktyce przepisy obejm\u0105 g\u0142\u00f3wnie fermy norek, kt\u00f3re dominuj\u0105 w tym sektorze. Przedsi\u0119biorcy dostali czas na dostosowanie si\u0119 b\u0119d\u0105 zobowi\u0105zani do wygaszenia swojej dzia\u0142alno\u015bci do ko\u0144ca 2033 roku. Dla tych, kt\u00f3rzy zrobi\u0105 to wcze\u015bniej, przewidziano zach\u0119t\u0119 w postaci odszkodowania za zako\u0144czenie hodowli do 2031 roku.<br><\/p>\n\n\n\n<figure class=\"wp-block-image size-full\"><img loading=\"lazy\" decoding=\"async\" width=\"1014\" height=\"566\" src=\"https:\/\/swiat24.pl.ua\/wp-content\/uploads\/2025\/11\/image-19.png\" alt=\"\" class=\"wp-image-17994\" srcset=\"https:\/\/swiat24.pl.ua\/wp-content\/uploads\/2025\/11\/image-19.png 1014w, https:\/\/swiat24.pl.ua\/wp-content\/uploads\/2025\/11\/image-19-300x167.png 300w, https:\/\/swiat24.pl.ua\/wp-content\/uploads\/2025\/11\/image-19-768x429.png 768w\" sizes=\"auto, (max-width: 1014px) 100vw, 1014px\" \/><\/figure>\n\n\n\n<p>Dlaczego decyzja do 3 grudnia jest tak wa\u017cna?<br>Prezydent Karol Nawrocki ma prawo do 3 grudnia 2025 roku, aby podpisa\u0107 ustawy, zawetowa\u0107 je lub skierowa\u0107 do Trybuna\u0142u Konstytucyjnego. W polityce terminy prawne cz\u0119sto nios\u0105 ze sob\u0105 tak\u017ce ogromny ci\u0119\u017car polityczny.<\/p>\n\n\n\n<p>W\u015br\u00f3d polityk\u00f3w Prawo i Sprawiedliwo\u015bci pojawiaj\u0105 si\u0119 g\u0142osy, \u017ce decyzja prezydenta b\u0119dzie sprawdzianem dla relacji pomi\u0119dzy Nowogrodzk\u0105 (siedzib\u0105 partii) a Pa\u0142acem Prezydenckim. Jak relacjonuje \u017ar\u00f3d\u0142o zbli\u017cone do Jaros\u0142awa Kaczy\u0144skiego, prezes PiS osobi\u015bcie &#8220;mocno obawia si\u0119 o decyzj\u0119 prezydenta&#8221;.<br><\/p>\n\n\n\n<p>Czy b\u0119d\u0105 kolejne spi\u0119cia na linii Kaczy\u0144ski &#8211; Nawrocki?<br>Wypowied\u017a osoby z otoczenia Kaczy\u0144skiego dla &#8220;Rzeczpospolitej&#8221; wskazuje na konkretne \u017ar\u00f3d\u0142o niepokoju. Prezes PiS ma wyra\u017ca\u0107 obaw\u0119, \u017ce &#8220;mo\u017ce nie by\u0107 \u0142atwo&#8221;, poniewa\u017c jego zdaniem dost\u0119p do Pa\u0142acu Prezydenckiego i ucha Karola Nawrockiego maj\u0105 rolnicy, ale organizacje prozwierz\u0119ce ju\u017c nie. Sugeruje to obaw\u0119, \u017ce g\u0142os \u015brodowisk zwi\u0105zanych z hodowl\u0105 zwierz\u0105t mo\u017ce by\u0107 dla prezydenta wa\u017cniejszy ni\u017c argumenty zwolennik\u00f3w nowych przepis\u00f3w.<\/p>\n\n\n\n<p>Ta sytuacja pokazuje, \u017ce nawet w obr\u0119bie jednego obozu politycznego mog\u0105 istnie\u0107 napi\u0119cia i obawy dotycz\u0105ce strategicznych decyzji. Decyzja prezydenta w sprawie ustaw prozwierz\u0119cych z pewno\u015bci\u0105 b\u0119dzie szeroko komentowana i mo\u017ce znacz\u0105co wp\u0142yn\u0105\u0107 na postrzeganie wsp\u00f3\u0142pracy w obozie Zjednoczonej Prawicy.<br><\/p>\n\n\n\n<p><\/p>\n","protected":false},"excerpt":{"rendered":"Karol Nawrocki ma czas tylko do 3 grudnia, aby podj\u0105\u0107 decyzj\u0119 w sprawie dw\u00f3ch kluczowych ustaw prozwierz\u0119cych. Jak ustali\u0142a &#8220;Rzeczpospolita&#8221;, decyzja ta powoduje \n<a class=\"moretag\" href=\"https:\/\/swiat24.pl.ua\/?p=17993\"> [...]<\/a>","protected":false},"author":1,"featured_media":17995,"comment_status":"open","ping_status":"open","sticky":false,"template":"","format":"standard","meta":{"footnotes":""},"categories":[1],"tags":[],"class_list":["post-17993","post","type-post","status-publish","format-standard","has-post-thumbnail","hentry","category-blog"],"_links":{"self":[{"href":"https:\/\/swiat24.pl.ua\/index.php?rest_route=\/wp\/v2\/posts\/17993","targetHints":{"allow":["GET"]}}],"collection":[{"href":"https:\/\/swiat24.pl.ua\/index.php?rest_route=\/wp\/v2\/posts"}],"about":[{"href":"https:\/\/swiat24.pl.ua\/index.php?rest_route=\/wp\/v2\/types\/post"}],"author":[{"embeddable":true,"href":"https:\/\/swiat24.pl.ua\/index.php?rest_route=\/wp\/v2\/users\/1"}],"replies":[{"embeddable":true,"href":"https:\/\/swiat24.pl.ua\/index.php?rest_route=%2Fwp%2Fv2%2Fcomments&post=17993"}],"version-history":[{"count":1,"href":"https:\/\/swiat24.pl.ua\/index.php?rest_route=\/wp\/v2\/posts\/17993\/revisions"}],"predecessor-version":[{"id":17996,"href":"https:\/\/swiat24.pl.ua\/index.php?rest_route=\/wp\/v2\/posts\/17993\/revisions\/17996"}],"wp:featuredmedia":[{"embeddable":true,"href":"https:\/\/swiat24.pl.ua\/index.php?rest_route=\/wp\/v2\/media\/17995"}],"wp:attachment":[{"href":"https:\/\/swiat24.pl.ua\/index.php?rest_route=%2Fwp%2Fv2%2Fmedia&parent=17993"}],"wp:term":[{"taxonomy":"category","embeddable":true,"href":"https:\/\/swiat24.pl.ua\/index.php?rest_route=%2Fwp%2Fv2%2Fcategories&post=17993"},{"taxonomy":"post_tag","embeddable":true,"href":"https:\/\/swiat24.pl.ua\/index.php?rest_route=%2Fwp%2Fv2%2Ftags&post=17993"}],"curies":[{"name":"wp","href":"https:\/\/api.w.org\/{rel}","templated":true}]}}