{"id":17941,"date":"2025-11-21T11:33:24","date_gmt":"2025-11-21T11:33:24","guid":{"rendered":"https:\/\/swiat24.pl.ua\/?p=17941"},"modified":"2025-11-21T11:33:24","modified_gmt":"2025-11-21T11:33:24","slug":"donald-tusk-podsumowal-szymona-holownie-krotko-i-na-temat","status":"publish","type":"post","link":"https:\/\/swiat24.pl.ua\/?p=17941","title":{"rendered":"Donald Tusk podsumowa\u0142 Szymona Ho\u0142owni\u0119. Kr\u00f3tko i na temat"},"content":{"rendered":"\n<p>Donald Tusk by\u0142 ostatnio go\u015bciem podcastu Wojew\u00f3dzki&amp;K\u0119dzierski. W czasie rozmowy nie zabrak\u0142o kontrowersyjnych temat\u00f3w. W pewnym momencie Tusk postanowi\u0142 ostro dosoli\u0107 Ho\u0142owni. Ale to by\u0142o mocne.&nbsp;<\/p>\n\n\n\n<p>Donald Tusk wyst\u0105pi\u0142 w podca\u015bcie<br>Donald Tusk rzadko pojawia si\u0119 w programach publicystycznych, dlatego jego rozmowa z Kub\u0105 Wojew\u00f3dzkim i Piotrem K\u0119dzierskim wzbudzi\u0142a du\u017ce zainteresowanie. <\/p>\n\n\n\n<p>W szczerym wywiadzie premier podsumowa\u0142 dwa lata swoich rz\u0105d\u00f3w, m\u00f3wi\u0105c o oczekiwaniach, rozczarowaniach i wyzwaniach, z jakimi przysz\u0142o mu si\u0119 mierzy\u0107. Podkre\u015bli\u0142, \u017ce mimo krytyki nadal cieszy si\u0119 zaufaniem wielu Polak\u00f3w.<\/p>\n\n\n\n<p>Sporo miejsca po\u015bwi\u0119cono napi\u0119ciom w koalicji rz\u0105dz\u0105cej \u2014 Tusk przyzna\u0142, \u017ce r\u00f3\u017cnice \u015bwiatopogl\u0105dowe, zw\u0142aszcza dotycz\u0105ce praw kobiet, bywaj\u0105 \u017ar\u00f3d\u0142em spor\u00f3w, ale jedno\u015b\u0107 pozostaje priorytetem. Wspomnia\u0142 r\u00f3wnie\u017c o trudno\u015bciach z reform\u0105 wymiaru sprawiedliwo\u015bci i rozliczaniem afer.<\/p>\n\n\n\n<p>Premier odni\u00f3s\u0142 si\u0119 te\u017c do dzia\u0142a\u0144 Szymona Ho\u0142owni i Karola Nawrockiego, oceniaj\u0105c ich wp\u0142yw na obecn\u0105 scen\u0119 polityczn\u0105, oraz do kwestii relacji mi\u0119dzynarodowych \u2014 szczeg\u00f3lnie z USA, Izraelem i Ukrain\u0105. Podkre\u015bli\u0142 potrzeb\u0119 ostro\u017cno\u015bci i skupienia si\u0119 na bezpiecze\u0144stwie Polski.<\/p>\n\n\n\n<p>Na zako\u0144czenie Tusk podzieli\u0142 si\u0119 osobistymi refleksjami o polityce, relacjach z Jaros\u0142awem Kaczy\u0144skim i trudno\u015bci w odbudowie spo\u0142ecznego zaufania.<br><\/p>\n\n\n\n<figure class=\"wp-block-image size-full\"><img loading=\"lazy\" decoding=\"async\" width=\"641\" height=\"853\" src=\"https:\/\/swiat24.pl.ua\/wp-content\/uploads\/2025\/11\/image-16.png\" alt=\"\" class=\"wp-image-17942\" srcset=\"https:\/\/swiat24.pl.ua\/wp-content\/uploads\/2025\/11\/image-16.png 641w, https:\/\/swiat24.pl.ua\/wp-content\/uploads\/2025\/11\/image-16-225x300.png 225w\" sizes=\"auto, (max-width: 641px) 100vw, 641px\" \/><\/figure>\n\n\n\n<p>Donald Tusk za\u017cartowa\u0142 z wieku Kuby Wojew\u00f3dzkiego<br>Podczas rozmowy nie zabrak\u0142o l\u017cejszych, humorystycznych moment\u00f3w. Jedna z zabawniejszych scen dotyczy\u0142a wieku Kuby Wojew\u00f3dzkiego. Dziennikarz, m\u00f3wi\u0105c o sobie, stwierdzi\u0142: &#8220;Ja mam 60 lat\u2026&#8221;, na co Donald Tusk z u\u015bmiechem zapyta\u0142:<\/p>\n\n\n\n<p>\u201cCo on powiedzia\u0142? On powiedzia\u0142, \u017ce ile ma lat?\u201d<\/p>\n\n\n\n<p>Kiedy Wojew\u00f3dzki potwierdzi\u0142, \u017ce ma 60, premier \u017cartobliwie go poprawi\u0142: &#8220;62&#8221;.<\/p>\n\n\n\n<p>Zaskoczony prowadz\u0105cy natychmiast odpowiedzia\u0142: &#8220;Ta rozmowa robi si\u0119 coraz\u2026 Co panu, CIA podpowiedzia\u0142o?&#8221;<\/p>\n\n\n\n<p>Na to Tusk odpar\u0142 z rozbawieniem:&nbsp;<\/p>\n\n\n\n<p>&#8220;A tylko wy si\u0119 przygotowujecie do takich rozm\u00f3w? Ja te\u017c si\u0119 przygotowa\u0142em&#8221; \u2014 zako\u0144czy\u0142 z u\u015bmiechem.<br><\/p>\n\n\n\n<p>Donald Tusk ostro dosoli\u0142 Szymonowi Ho\u0142owni<br>W wywiadzie Donald Tusk zosta\u0142 zapytany o to, jak zareagowa\u0142, gdy dowiedzia\u0142 si\u0119, \u017ce Szymon Ho\u0142ownia spotyka\u0142 si\u0119 w domu z Jaros\u0142awem Kaczy\u0144skim w domu Adama Bielana. Reakcja Tuska by\u0142a natychmiastowa. Premier stwierdzi\u0142, \u017ce czu\u0142 \u201cmd\u0142o\u015bci\u201d.<\/p>\n\n\n\n<p>To jednak nie koniec ostrych s\u0142\u00f3w. Szef rz\u0105du stwierdzi\u0142 te\u017c, \u017ce g\u0142\u00f3wnym problemem marsza\u0142ka Sejmu jest jego symetryzm oraz sk\u0142onno\u015b\u0107 do wywo\u0142ywania zast\u0119pczych spor\u00f3w, zamiast zajmowania si\u0119 rzeczywistym konfliktem mi\u0119dzy Koalicj\u0105 Obywatelsk\u0105 a Prawem i Sprawiedliwo\u015bci\u0105.<\/p>\n\n\n\n<p>W\u0142a\u015bnie z tej symetrii zrodzi\u0142y si\u0119 problemy, a p\u00f3\u017aniej takie pokusy. No bo je\u015bli mo\u017cna p\u00f3j\u015b\u0107 do Bielana? Wiemy, kim on jest, gospodarz tej kolacji. Wiemy, kim by\u0142 i co ma za ko\u0142nierzem. I p\u00f3j\u015b\u0107 do niego w nocy i si\u0119 fraternizowa\u0107 z Kaczy\u0144skim, to by\u0142a konsekwencja w\u0142a\u015bnie tej symetrii.<\/p>\n\n\n\n<p>Tusk odni\u00f3s\u0142 si\u0119 r\u00f3wnie\u017c do tego, \u017ce Szymon Ho\u0142ownia \u017c\u0105da nominowania na funkcj\u0119 wicepremiera rekomendowanej przez Rad\u0119 Krajow\u0105 Polski 2050 minister funduszy i polityki regionalnej Katarzyny Pe\u0142czy\u0144skiej-Na\u0142\u0119cz.<\/p>\n\n\n\n<p>Sami widzicie, co si\u0119 dzieje. B\u0119d\u0119 sko\u0144czonym frajerem, je\u015bli przez to strac\u0119 wi\u0119kszo\u015b\u0107 &#8211; odpowiedzia\u0142 zdecydowanie.<br><\/p>\n\n\n\n<figure class=\"wp-block-embed is-type-video is-provider-youtube wp-block-embed-youtube wp-embed-aspect-16-9 wp-has-aspect-ratio\"><div class=\"wp-block-embed__wrapper\">\n<iframe loading=\"lazy\" title=\"Czy to koniec ery Tuska? Bilans dw\u00f3ch lat rz\u0105d\u00f3w | Wojew\u00f3dzkiK\u0119dzierski\" width=\"747\" height=\"420\" src=\"https:\/\/www.youtube.com\/embed\/dj62iIUJODw?feature=oembed\" frameborder=\"0\" allow=\"accelerometer; autoplay; clipboard-write; encrypted-media; gyroscope; picture-in-picture; web-share\" referrerpolicy=\"strict-origin-when-cross-origin\" allowfullscreen><\/iframe>\n<\/div><\/figure>\n","protected":false},"excerpt":{"rendered":"Donald Tusk by\u0142 ostatnio go\u015bciem podcastu Wojew\u00f3dzki&amp;K\u0119dzierski. W czasie rozmowy nie zabrak\u0142o kontrowersyjnych temat\u00f3w. W pewnym momencie Tusk postanowi\u0142 ostro dosoli\u0107 Ho\u0142owni. Ale \n<a class=\"moretag\" href=\"https:\/\/swiat24.pl.ua\/?p=17941\"> [...]<\/a>","protected":false},"author":1,"featured_media":17943,"comment_status":"open","ping_status":"open","sticky":false,"template":"","format":"standard","meta":{"footnotes":""},"categories":[1],"tags":[],"class_list":["post-17941","post","type-post","status-publish","format-standard","has-post-thumbnail","hentry","category-blog"],"_links":{"self":[{"href":"https:\/\/swiat24.pl.ua\/index.php?rest_route=\/wp\/v2\/posts\/17941","targetHints":{"allow":["GET"]}}],"collection":[{"href":"https:\/\/swiat24.pl.ua\/index.php?rest_route=\/wp\/v2\/posts"}],"about":[{"href":"https:\/\/swiat24.pl.ua\/index.php?rest_route=\/wp\/v2\/types\/post"}],"author":[{"embeddable":true,"href":"https:\/\/swiat24.pl.ua\/index.php?rest_route=\/wp\/v2\/users\/1"}],"replies":[{"embeddable":true,"href":"https:\/\/swiat24.pl.ua\/index.php?rest_route=%2Fwp%2Fv2%2Fcomments&post=17941"}],"version-history":[{"count":1,"href":"https:\/\/swiat24.pl.ua\/index.php?rest_route=\/wp\/v2\/posts\/17941\/revisions"}],"predecessor-version":[{"id":17944,"href":"https:\/\/swiat24.pl.ua\/index.php?rest_route=\/wp\/v2\/posts\/17941\/revisions\/17944"}],"wp:featuredmedia":[{"embeddable":true,"href":"https:\/\/swiat24.pl.ua\/index.php?rest_route=\/wp\/v2\/media\/17943"}],"wp:attachment":[{"href":"https:\/\/swiat24.pl.ua\/index.php?rest_route=%2Fwp%2Fv2%2Fmedia&parent=17941"}],"wp:term":[{"taxonomy":"category","embeddable":true,"href":"https:\/\/swiat24.pl.ua\/index.php?rest_route=%2Fwp%2Fv2%2Fcategories&post=17941"},{"taxonomy":"post_tag","embeddable":true,"href":"https:\/\/swiat24.pl.ua\/index.php?rest_route=%2Fwp%2Fv2%2Ftags&post=17941"}],"curies":[{"name":"wp","href":"https:\/\/api.w.org\/{rel}","templated":true}]}}