{"id":17930,"date":"2025-11-20T18:07:17","date_gmt":"2025-11-20T18:07:17","guid":{"rendered":"https:\/\/swiat24.pl.ua\/?p=17930"},"modified":"2025-11-20T18:07:17","modified_gmt":"2025-11-20T18:07:17","slug":"nawrocki-wezwany-do-interwencji-polacy-apeluja-ws-renty-wdowiej-petycja-krazy-po-sieci","status":"publish","type":"post","link":"https:\/\/swiat24.pl.ua\/?p=17930","title":{"rendered":"Nawrocki wezwany do interwencji. Polacy apeluj\u0105 ws. renty wdowiej. Petycja kr\u0105\u017cy po sieci"},"content":{"rendered":"\n<p>Wydawa\u0142o si\u0119, \u017ce wprowadzenie tzw. renty wdowiej zamknie temat ub\u00f3stwa w\u015br\u00f3d os\u00f3b, kt\u00f3re straci\u0142y wsp\u00f3\u0142ma\u0142\u017conka. <\/p>\n\n\n\n<p>Tymczasem do Pa\u0142acu Prezydenckiego trafi\u0142a dramatyczna petycja, kt\u00f3ra obna\u017ca dziur\u0119 w nowych przepisach. Prezydent Karol Nawrocki, kt\u00f3ry wygra\u0142 wybory m.in. has\u0142ami o godno\u015bci i wsparciu rodziny, staje przed pierwszym powa\u017cnym testem wiarygodno\u015bci spo\u0142ecznej.\u00a0<\/p>\n\n\n\n<p>Co obieca\u0142 Prezydent? Spo\u0142eczny pakt Karola Nawrockiego<br>Karol Nawrocki w kampanii wyborczej 2025 roku bardzo mocno akcentowa\u0142 kwestie bezpiecze\u0144stwa socjalnego. Jako kandydat obozu prawicowego, pozycjonowa\u0142 si\u0119 jako &#8220;Prezydent zwyk\u0142ych ludzi&#8221;, kontrastuj\u0105c z liberalnym podej\u015bciem do gospodarki.<\/p>\n\n\n\n<p>G\u0142\u00f3wne punkty jego programu i obietnic prezydenckich obejmowa\u0142y:<\/p>\n\n\n\n<p>Nienaruszalno\u015b\u0107 \u015bwiadcze\u0144: Gwarancj\u0119, \u017ce programy takie jak 800+, 13. i 14. emerytura zostan\u0105 utrzymane.<br>Godno\u015b\u0107 senior\u00f3w i os\u00f3b samotnych: Zapowiada\u0142 walk\u0119 z ub\u00f3stwem w\u015br\u00f3d emeryt\u00f3w, co mia\u0142o by\u0107 realizowane w\u0142a\u015bnie poprzez poparcie dla mechanizm\u00f3w takich jak renta wdowia.<br>Aktywno\u015b\u0107 legislacyjn\u0105: <\/p>\n\n\n\n<p>Obiecywa\u0142, \u017ce nie b\u0119dzie &#8220;biernym notariuszem&#8221;, ale inicjatorem zmian, kt\u00f3re za\u0142ataj\u0105 dziury w systemie pomocy spo\u0142ecznej.<br>Jako Prezydent zapowiada\u0142, \u017ce ka\u017cda ustawa uderzaj\u0105ca w portfele najubo\u017cszych spotka si\u0119 z jego wetem, a ka\u017cda pomagaj\u0105ca rodzinom \u2013 z jego podpisem. Teraz te s\u0142owa s\u0105 weryfikowane przez rzeczywisto\u015b\u0107.<br><\/p>\n\n\n\n<figure class=\"wp-block-image size-full\"><img loading=\"lazy\" decoding=\"async\" width=\"1011\" height=\"568\" src=\"https:\/\/swiat24.pl.ua\/wp-content\/uploads\/2025\/11\/image-15.png\" alt=\"\" class=\"wp-image-17931\" srcset=\"https:\/\/swiat24.pl.ua\/wp-content\/uploads\/2025\/11\/image-15.png 1011w, https:\/\/swiat24.pl.ua\/wp-content\/uploads\/2025\/11\/image-15-300x169.png 300w, https:\/\/swiat24.pl.ua\/wp-content\/uploads\/2025\/11\/image-15-768x431.png 768w\" sizes=\"auto, (max-width: 1011px) 100vw, 1011px\" \/><\/figure>\n\n\n\n<p>Renta Wdowia 2025. Ile wynosi?<br>W 2025 roku mechanizm renty wdowiej ju\u017c funkcjonuje, ale jest obwarowany skomplikowanymi zasadami. To nie jest sta\u0142y zasi\u0142ek dla ka\u017cdego.<\/p>\n\n\n\n<p>Jak to dzia\u0142a w 2025 roku? Renta wdowia pozwala na \u0142\u0105czenie \u015bwiadcze\u0144. Wdowa lub wdowiec mo\u017ce zachowa\u0107:<\/p>\n\n\n\n<p>Swoj\u0105 emerytur\u0119\/rent\u0119 + 15% renty po zmar\u0142ym ma\u0142\u017conku.<br>LUB: Rent\u0119 rodzinn\u0105 po zmar\u0142ym (100%) + 15% swojej emerytury. (Docelowo ten wska\u017anik &#8220;dodatku&#8221; ma wzrosn\u0105\u0107 do 25% w 2027 roku).&nbsp;<br>Kwestia finansowa: Maksymalna kwota takiego po\u0142\u0105czonego \u015bwiadczenia nie mo\u017ce przekroczy\u0107 trzykrotno\u015bci najni\u017cszej emerytury. W 2025 roku, przy minimalnej emeryturze oscyluj\u0105cej wok\u00f3\u0142 1900 z\u0142 brutto, g\u00f3rny limit to ok. 5700 z\u0142 brutto.<\/p>\n\n\n\n<p>Dla wielu emeryt\u00f3w to ogromna ulga. Problemem nie jest jednak wysoko\u015b\u0107 \u015bwiadczenia, ale kryterium wiekowe. Aby skorzysta\u0107 z renty wdowiej w nowym modelu, trzeba osi\u0105gn\u0105\u0107 powszechny wiek emerytalny (60 lat dla kobiet, 65 lat dla m\u0119\u017cczyzn). I tu zaczyna si\u0119 dramat.<br><\/p>\n\n\n\n<p>Krzyk rozpaczy 47-latki. Co zawiera petycja do Prezydenta?<br>W internecie wrze po opublikowaniu petycji, kt\u00f3rej twarz\u0105 sta\u0142a si\u0119 47-letnia wdowa. Kobieta zwraca uwag\u0119 na grup\u0119, kt\u00f3r\u0105 system ca\u0142kowicie pomin\u0105\u0142 \u2013 tzw. &#8220;wdowy w wieku produkcyjnym&#8221;.<\/p>\n\n\n\n<p>O co chodzi w petycji? Autorka listu punktuje absurdy obecnego prawa:<\/p>\n\n\n\n<p>Wykluczenie wiekowe: Jako 47-latka nie ma prawa do &#8220;renty wdowiej&#8221; (modelu \u0142\u0105czonego), bo nie jest emerytk\u0105.<\/p>\n\n\n\n<p>Brak renty rodzinnej: Cz\u0119sto nie przys\u0142uguje jej te\u017c zwyk\u0142a renta rodzinna, bo jest zdolna do pracy i nie wychowuje ju\u017c ma\u0142ych dzieci (dzieci cz\u0119sto s\u0105 ju\u017c pe\u0142noletnie lub w wieku licealnym).<\/p>\n\n\n\n<p>Pu\u0142apka jednego dochodu: Po \u015bmierci m\u0119\u017ca, jej gospodarstwo domowe straci\u0142o jedn\u0105 pensj\u0119, ale koszty \u017cycia (czynsz, kredyt hipoteczny, pr\u0105d, gaz) pozosta\u0142y takie same. Jedna pensja 47-latki cz\u0119sto nie wystarcza na utrzymanie domu, na kt\u00f3ry pracowali we dwoje.<\/p>\n\n\n\n<p>Czego domagaj\u0105 si\u0119 sygnatariusze? Petycja wzywa Prezydenta Nawrockiego do pilnej inicjatywy ustawodawczej. Kobiety chc\u0105 zniesienia lub obni\u017cenia kryterium wiekowego dla wd\u00f3w, albo wprowadzenia &#8220;\u015bwiadczenia pomostowego&#8221; dla os\u00f3b, kt\u00f3re owdowia\u0142y przed osi\u0105gni\u0119ciem wieku emerytalnego, a kt\u00f3rych dochody drastycznie spad\u0142y po \u015bmierci wsp\u00f3\u0142ma\u0142\u017conka. To &#8220;sprawdzam&#8221; dla prezydenckiej obietnicy, \u017ce w Polsce nikt nie zostanie pozostawiony sam sobie.<br><\/p>\n","protected":false},"excerpt":{"rendered":"Wydawa\u0142o si\u0119, \u017ce wprowadzenie tzw. renty wdowiej zamknie temat ub\u00f3stwa w\u015br\u00f3d os\u00f3b, kt\u00f3re straci\u0142y wsp\u00f3\u0142ma\u0142\u017conka. Tymczasem do Pa\u0142acu Prezydenckiego trafi\u0142a dramatyczna petycja, kt\u00f3ra \n<a class=\"moretag\" href=\"https:\/\/swiat24.pl.ua\/?p=17930\"> [...]<\/a>","protected":false},"author":1,"featured_media":17932,"comment_status":"open","ping_status":"open","sticky":false,"template":"","format":"standard","meta":{"footnotes":""},"categories":[1],"tags":[],"class_list":["post-17930","post","type-post","status-publish","format-standard","has-post-thumbnail","hentry","category-blog"],"_links":{"self":[{"href":"https:\/\/swiat24.pl.ua\/index.php?rest_route=\/wp\/v2\/posts\/17930","targetHints":{"allow":["GET"]}}],"collection":[{"href":"https:\/\/swiat24.pl.ua\/index.php?rest_route=\/wp\/v2\/posts"}],"about":[{"href":"https:\/\/swiat24.pl.ua\/index.php?rest_route=\/wp\/v2\/types\/post"}],"author":[{"embeddable":true,"href":"https:\/\/swiat24.pl.ua\/index.php?rest_route=\/wp\/v2\/users\/1"}],"replies":[{"embeddable":true,"href":"https:\/\/swiat24.pl.ua\/index.php?rest_route=%2Fwp%2Fv2%2Fcomments&post=17930"}],"version-history":[{"count":1,"href":"https:\/\/swiat24.pl.ua\/index.php?rest_route=\/wp\/v2\/posts\/17930\/revisions"}],"predecessor-version":[{"id":17933,"href":"https:\/\/swiat24.pl.ua\/index.php?rest_route=\/wp\/v2\/posts\/17930\/revisions\/17933"}],"wp:featuredmedia":[{"embeddable":true,"href":"https:\/\/swiat24.pl.ua\/index.php?rest_route=\/wp\/v2\/media\/17932"}],"wp:attachment":[{"href":"https:\/\/swiat24.pl.ua\/index.php?rest_route=%2Fwp%2Fv2%2Fmedia&parent=17930"}],"wp:term":[{"taxonomy":"category","embeddable":true,"href":"https:\/\/swiat24.pl.ua\/index.php?rest_route=%2Fwp%2Fv2%2Fcategories&post=17930"},{"taxonomy":"post_tag","embeddable":true,"href":"https:\/\/swiat24.pl.ua\/index.php?rest_route=%2Fwp%2Fv2%2Ftags&post=17930"}],"curies":[{"name":"wp","href":"https:\/\/api.w.org\/{rel}","templated":true}]}}