{"id":17907,"date":"2025-11-20T16:39:14","date_gmt":"2025-11-20T16:39:14","guid":{"rendered":"https:\/\/swiat24.pl.ua\/?p=17907"},"modified":"2025-11-20T16:39:14","modified_gmt":"2025-11-20T16:39:14","slug":"pilne-wiesci-ws-zbigniewa-ziobry-prokuratura-podjela-kluczowa-decyzje","status":"publish","type":"post","link":"https:\/\/swiat24.pl.ua\/?p=17907","title":{"rendered":"Pilne wie\u015bci ws. Zbigniewa Ziobry. Prokuratura podj\u0119\u0142a kluczow\u0105 decyzj\u0119"},"content":{"rendered":"\n<p>Decyzja, kt\u00f3ra zapad\u0142a w zaciszu gabinet\u00f3w Prokuratury Krajowej 12 listopada, stanowi punkt zwrotny w rozliczeniach rz\u0105d\u00f3w Zjednoczonej Prawicy. <\/p>\n\n\n\n<p>\u015aledczy, prowadz\u0105cy wielow\u0105tkowe i skomplikowane post\u0119powanie w sprawie nieprawid\u0142owo\u015bci w Funduszu Sprawiedliwo\u015bci, zdecydowali si\u0119 na bezprecedensowy krok wobec Zbigniewa Ziobry. M\u00f3wi o tym ca\u0142a Polska.<\/p>\n\n\n\n<p>Zarzuty wobec Zbigniewa Ziobry<br>\u015aledztwo dotycz\u0105ce Funduszu Sprawiedliwo\u015bci to obecnie jedno z najwi\u0119kszych i najbardziej rozwojowych post\u0119powa\u0144 prowadzonych przez polski wymiar sprawiedliwo\u015bci. <\/p>\n\n\n\n<p>Fundusz, kt\u00f3ry w swoim za\u0142o\u017ceniu mia\u0142 nie\u015b\u0107 pomoc ofiarom przest\u0119pstw oraz wspiera\u0107 resocjalizacj\u0119, wed\u0142ug ustale\u0144 \u015bledczych sta\u0142 si\u0119 narz\u0119dziem licznych nadu\u017cy\u0107, s\u0142u\u017c\u0105cym mi\u0119dzy innymi budowaniu politycznego zaplecza Suwerennej Polski. <\/p>\n\n\n\n<p>Prokuratura zarzuca Zbigniewowi Ziobrze, \u017ce wykorzystuj\u0105c swoj\u0105 podw\u00f3jn\u0105 rol\u0119, Ministra Sprawiedliwo\u015bci i Prokuratora Generalnego, stworzy\u0142 i nadzorowa\u0142 mechanizm systemowego wyprowadzania publicznych pieni\u0119dzy. Wed\u0142ug wylicze\u0144 \u015bledczych mowa o kwotach si\u0119gaj\u0105cych co najmniej 143 milion\u00f3w z\u0142otych, a w szerszym kontek\u015bcie badanych w\u0105tk\u00f3w nawet kilkuset milion\u00f3w, kt\u00f3re mia\u0142y zosta\u0107 rozdysponowane z ra\u017c\u0105cym naruszeniem prawa, bez zachowania zasad transparentno\u015bci i celowo\u015bci.<br><\/p>\n\n\n\n<figure class=\"wp-block-image size-full\"><img loading=\"lazy\" decoding=\"async\" width=\"906\" height=\"626\" src=\"https:\/\/swiat24.pl.ua\/wp-content\/uploads\/2025\/11\/image-13.png\" alt=\"\" class=\"wp-image-17908\" srcset=\"https:\/\/swiat24.pl.ua\/wp-content\/uploads\/2025\/11\/image-13.png 906w, https:\/\/swiat24.pl.ua\/wp-content\/uploads\/2025\/11\/image-13-300x207.png 300w, https:\/\/swiat24.pl.ua\/wp-content\/uploads\/2025\/11\/image-13-768x531.png 768w\" sizes=\"auto, (max-width: 906px) 100vw, 906px\" \/><\/figure>\n\n\n\n<p>Kluczowym elementem aktu oskar\u017cenia jest zarzut z art. 258 Kodeksu karnego, czyli kierowanie zorganizowan\u0105 grup\u0105 przest\u0119pcz\u0105. Konstrukcja ta, zazwyczaj zarezerwowana dla \u015bwiata mafijnego, w tym przypadku opisuje hierarchiczn\u0105 struktur\u0119 wewn\u0105trz ministerstwa. Na jej szczycie mia\u0142 sta\u0107 Zbigniew Ziobro, deleguj\u0105cy zadania na swoich zaufanych wiceministr\u00f3w, Marcina Romanowskiego i Micha\u0142a Wosia, oraz dyrektor\u00f3w departament\u00f3w. Mechanizm przest\u0119pczy mia\u0142 polega\u0107 na ca\u0142kowicie uznaniowym przyznawaniu wielomilionowych dotacji podmiotom powi\u0105zanym ideologicznie, towarzysko lub politycznie z kierownictwem resortu. \u015arodki te, zamiast trafia\u0107 do ofiar przemocy domowej czy poszkodowanych w wypadkach, mia\u0142y zasila\u0107 konta fundacji bez do\u015bwiadczenia, by\u0142y przeznaczane na zakup systemu inwigilacji Pegasus (25 mln z\u0142 przekazane CBA) czy finansowanie kampanii wyborczych polityk\u00f3w Suwerennej Polski pod przykrywk\u0105 promocji dzia\u0142alno\u015bci Funduszu w konkretnych okr\u0119gach wyborczych. Warto zaznaczy\u0107, \u017ce samego Zbigniewa Ziobr\u0119 podejrzewa si\u0119 o pope\u0142nienie 26 przest\u0119pstw.<\/p>\n\n\n\n<p>Prze\u0142omem w \u015bledztwie okaza\u0142a si\u0119 postawa Tomasza Mraza, by\u0142ego dyrektora Departamentu Funduszu Sprawiedliwo\u015bci, kt\u00f3ry zdecydowa\u0142 si\u0119 na wsp\u00f3\u0142prac\u0119 z organami \u015bcigania w charakterze tak zwanego &#8220;ma\u0142ego \u015bwiadka koronnego\u201d. To jego zeznania, poparte dziesi\u0105tkami godzin nagra\u0144 rozm\u00f3w z kierownictwem resortu, ods\u0142oni\u0142y kulisy r\u0119cznego sterowania konkursami.<br><\/p>\n\n\n\n<p>Post\u0119powanie wobec Zbigniewa Ziobry<br>Sytuacja prawna Zbigniewa Ziobry jest skomplikowana nie tylko ze wzgl\u0119du na materi\u0119 dowodow\u0105, ale r\u00f3wnie\u017c z uwagi na jego sytuacj\u0119 zdrowotn\u0105 i status immunitetowy. Polityk przez d\u0142ugie miesi\u0105ce nie pokazywa\u0142 si\u0119 publicznie w Sejmie, a jego obro\u0144cy przedstawiali zwolnienia lekarskie wskazuj\u0105ce na ci\u0119\u017ck\u0105 chorob\u0119 nowotworow\u0105 i konieczno\u015b\u0107 skomplikowanego leczenia onkologicznego. To w\u0142a\u015bnie stan zdrowia jest g\u0142\u00f3wn\u0105 lini\u0105 obrony przed bezpo\u015brednim udzia\u0142em w czynno\u015bciach procesowych. Obrona by\u0142ego ministra podwa\u017ca r\u00f3wnie\u017c sam\u0105 legalno\u015b\u0107 dzia\u0142a\u0144 prokuratury, kwestionuj\u0105c spos\u00f3b powo\u0142ania obecnego Prokuratora Krajowego i nazywaj\u0105c dzia\u0142ania \u015bledczych &#8220;polityczn\u0105 zemst\u0105\u201d nowej koalicji rz\u0105dz\u0105cej.<br><\/p>\n\n\n\n<figure class=\"wp-block-image size-full\"><img loading=\"lazy\" decoding=\"async\" width=\"907\" height=\"605\" src=\"https:\/\/swiat24.pl.ua\/wp-content\/uploads\/2025\/11\/image-14.png\" alt=\"\" class=\"wp-image-17909\" srcset=\"https:\/\/swiat24.pl.ua\/wp-content\/uploads\/2025\/11\/image-14.png 907w, https:\/\/swiat24.pl.ua\/wp-content\/uploads\/2025\/11\/image-14-300x200.png 300w, https:\/\/swiat24.pl.ua\/wp-content\/uploads\/2025\/11\/image-14-768x512.png 768w\" sizes=\"auto, (max-width: 907px) 100vw, 907px\" \/><\/figure>\n\n\n\n<p>Mimo tych przeszk\u00f3d machina procesowa nie zwalnia. Sejm skutecznie uchyli\u0142 immunitet Zbigniewa Ziobry, co otworzy\u0142o drog\u0119 do postawienia mu zarzut\u00f3w. Prokuratura wyst\u0105pi\u0142a r\u00f3wnie\u017c z wnioskiem o zgod\u0119 na tymczasowe aresztowanie, a posiedzenie s\u0105du w tej sprawie ma si\u0119 odby\u0107 12 grudnia. Je\u015bli zostanie rozpatrzony pozytywnie, Zbigniew Ziobro b\u0119dzie m\u00f3g\u0142 trafi\u0107 do aresztu.<\/p>\n\n\n\n<p>Je\u015bli Ziobro przebywa na W\u0119grzech, kluczowa mo\u017ce okaza\u0107 si\u0119 postawa tamtejszego wymiaru sprawiedliwo\u015bci i ewentualne polityczne t\u0142o decyzji o ekstradycji. Obro\u0144cy polityka, antycypuj\u0105c ten scenariusz, z\u0142o\u017cyli propozycj\u0119 przes\u0142uchania go w trybie wideokonferencji lub w miejscu jego pobytu za granic\u0105, co jest pr\u00f3b\u0105 utrzymania kontroli nad sytuacj\u0105 i unikni\u0119cia medialnego spektaklu zatrzymania. Dla Zbigniewa Ziobry najnowsze dzia\u0142ania prokuratury oznacza to nie tylko wizerunkowy cios, ale realne problemy finansowe.<br><\/p>\n\n\n\n<p><\/p>\n","protected":false},"excerpt":{"rendered":"Decyzja, kt\u00f3ra zapad\u0142a w zaciszu gabinet\u00f3w Prokuratury Krajowej 12 listopada, stanowi punkt zwrotny w rozliczeniach rz\u0105d\u00f3w Zjednoczonej Prawicy. \u015aledczy, prowadz\u0105cy wielow\u0105tkowe i skomplikowane \n<a class=\"moretag\" href=\"https:\/\/swiat24.pl.ua\/?p=17907\"> [...]<\/a>","protected":false},"author":1,"featured_media":17910,"comment_status":"open","ping_status":"open","sticky":false,"template":"","format":"standard","meta":{"footnotes":""},"categories":[1],"tags":[],"class_list":["post-17907","post","type-post","status-publish","format-standard","has-post-thumbnail","hentry","category-blog"],"_links":{"self":[{"href":"https:\/\/swiat24.pl.ua\/index.php?rest_route=\/wp\/v2\/posts\/17907","targetHints":{"allow":["GET"]}}],"collection":[{"href":"https:\/\/swiat24.pl.ua\/index.php?rest_route=\/wp\/v2\/posts"}],"about":[{"href":"https:\/\/swiat24.pl.ua\/index.php?rest_route=\/wp\/v2\/types\/post"}],"author":[{"embeddable":true,"href":"https:\/\/swiat24.pl.ua\/index.php?rest_route=\/wp\/v2\/users\/1"}],"replies":[{"embeddable":true,"href":"https:\/\/swiat24.pl.ua\/index.php?rest_route=%2Fwp%2Fv2%2Fcomments&post=17907"}],"version-history":[{"count":1,"href":"https:\/\/swiat24.pl.ua\/index.php?rest_route=\/wp\/v2\/posts\/17907\/revisions"}],"predecessor-version":[{"id":17911,"href":"https:\/\/swiat24.pl.ua\/index.php?rest_route=\/wp\/v2\/posts\/17907\/revisions\/17911"}],"wp:featuredmedia":[{"embeddable":true,"href":"https:\/\/swiat24.pl.ua\/index.php?rest_route=\/wp\/v2\/media\/17910"}],"wp:attachment":[{"href":"https:\/\/swiat24.pl.ua\/index.php?rest_route=%2Fwp%2Fv2%2Fmedia&parent=17907"}],"wp:term":[{"taxonomy":"category","embeddable":true,"href":"https:\/\/swiat24.pl.ua\/index.php?rest_route=%2Fwp%2Fv2%2Fcategories&post=17907"},{"taxonomy":"post_tag","embeddable":true,"href":"https:\/\/swiat24.pl.ua\/index.php?rest_route=%2Fwp%2Fv2%2Ftags&post=17907"}],"curies":[{"name":"wp","href":"https:\/\/api.w.org\/{rel}","templated":true}]}}