{"id":17899,"date":"2025-11-20T14:43:15","date_gmt":"2025-11-20T14:43:15","guid":{"rendered":"https:\/\/swiat24.pl.ua\/?p=17899"},"modified":"2025-11-20T14:43:15","modified_gmt":"2025-11-20T14:43:15","slug":"radoslaw-sikorski-grzmi-ws-smierci-leppera-obwinia-obecnych-europoslow-pis","status":"publish","type":"post","link":"https:\/\/swiat24.pl.ua\/?p=17899","title":{"rendered":"Rados\u0142aw Sikorski grzmi ws. \u015bmierci Leppera. Obwinia obecnych europos\u0142\u00f3w PiS"},"content":{"rendered":"\n<p>Wypowied\u017a Rados\u0142awa Sikorskiego ponownie poruszy\u0142a temat, kt\u00f3ry w polskiej polityce od lat budzi emocje i nieko\u0144cz\u0105ce si\u0119 dyskusje. <\/p>\n\n\n\n<p>Mimo, \u017ce m\u00f3wi si\u0119 o nim rzadko, wystarczy kilka zda\u0144, by powr\u00f3ci\u0142y dawne w\u0105tpliwo\u015bci. Co sprawi\u0142o, \u017ce sprawa z przesz\u0142o\u015bci zn\u00f3w sta\u0142a si\u0119 g\u0142o\u015bna \u2013 i czy przyniesie nowe pytania? <\/p>\n\n\n\n<p>Tym bardziej \u017ce dotyczy nie tylko pami\u0119ci o Andrzeju Lepperze, ale te\u017c najnowszych s\u0142\u00f3w Jaros\u0142awa Kaczy\u0144skiego, kt\u00f3re dodatkowo rozgrza\u0142y debat\u0119. W\u0142a\u015bnie ten zestaw nazwisk sprawia, \u017ce atmosfera ponownie staje si\u0119 wyj\u0105tkowo napi\u0119ta.<\/p>\n\n\n\n<p>Powracaj\u0105ce echa historii i narastaj\u0105ce emocje wok\u00f3\u0142 starej sprawy<br>W polskim \u017cyciu publicznym istniej\u0105 tematy, kt\u00f3re \u2013 mimo up\u0142ywu lat \u2013 nie trac\u0105 swojej si\u0142y oddzia\u0142ywania. Jednym z nich jest tragedia, kt\u00f3ra ponad dekad\u0119 temu wstrz\u0105sn\u0119\u0142a opini\u0105 publiczn\u0105 i na d\u0142ugo sta\u0142a si\u0119 osi\u0105 spor\u00f3w politycznych. Dzi\u015b wraca ona z now\u0105 intensywno\u015bci\u0105, a impulsem do jej ponownego rozpatrywania sta\u0142a si\u0119 seria g\u0142o\u015bnych wypowiedzi jednego z czo\u0142owych polityk\u00f3w.<\/p>\n\n\n\n<p>To w\u0142a\u015bnie one na nowo uruchomi\u0142y debat\u0119 o tym, jak dalekosi\u0119\u017cne mog\u0105 by\u0107 konsekwencje wydarze\u0144 sprzed lat \u2013 oraz czy wszystkie ich okoliczno\u015bci zosta\u0142y faktycznie wyja\u015bnione. Z ka\u017cd\u0105 kolejn\u0105 dyskusj\u0105 powraca pytanie: dlaczego niekt\u00f3re sprawy wci\u0105\u017c wymagaj\u0105 dopowiedzenia? I czy pojawiaj\u0105ce si\u0119 dzi\u015b g\u0142osy mog\u0105 rzuci\u0107 na nie nowe \u015bwiat\u0142o?<\/p>\n\n\n\n<p>Wielu odbiorc\u00f3w zauwa\u017ca, \u017ce powr\u00f3t tego w\u0105tku nie jest przypadkowy. Historia ta splata polityk\u0119, instytucje pa\u0144stwa i osobiste dramaty, tworz\u0105c jeden z najbardziej z\u0142o\u017conych i wra\u017cliwych temat\u00f3w ostatnich lat. Czy dlatego tak \u0142atwo zn\u00f3w podsyci\u0107 wok\u00f3\u0142 niej emocje?<br><\/p>\n\n\n\n<figure class=\"wp-block-image size-full\"><img loading=\"lazy\" decoding=\"async\" width=\"903\" height=\"521\" src=\"https:\/\/swiat24.pl.ua\/wp-content\/uploads\/2025\/11\/image-11.png\" alt=\"\" class=\"wp-image-17900\" srcset=\"https:\/\/swiat24.pl.ua\/wp-content\/uploads\/2025\/11\/image-11.png 903w, https:\/\/swiat24.pl.ua\/wp-content\/uploads\/2025\/11\/image-11-300x173.png 300w, https:\/\/swiat24.pl.ua\/wp-content\/uploads\/2025\/11\/image-11-768x443.png 768w\" sizes=\"auto, (max-width: 903px) 100vw, 903px\" \/><\/figure>\n\n\n\n<p>Polityczne reperkusje dawnych decyzji i d\u0142ugie konsekwencje g\u0142o\u015bnej afery<br>Odwo\u0142ania do wydarze\u0144 sprzed lat maj\u0105 szczeg\u00f3lny ci\u0119\u017car \u2013 zw\u0142aszcza gdy zahaczaj\u0105 o g\u0142o\u015bne afery, kt\u00f3re swego czasu rozgrzewa\u0142y kraj do czerwono\u015bci. Z perspektywy czasu wci\u0105\u017c pozostaje w nich wiele element\u00f3w budz\u0105cych debat\u0119: zar\u00f3wno tych dotycz\u0105cych funkcjonowania s\u0142u\u017cb, jak i wp\u0142ywu polityki na losy konkretnych jednostek.<\/p>\n\n\n\n<p>Wok\u00f3\u0142 tej cz\u0119\u015bci historii narastaj\u0105 dzi\u015b mocne dyskusje. Ch\u0119tnie powraca si\u0119 do pyta\u0144 o to, jak du\u017ce znaczenie mia\u0142a w\u00f3wczas presja, jakie decyzje zawa\u017cy\u0142y na kolejnych zdarzeniach oraz dlaczego niekt\u00f3re dzia\u0142ania pa\u0144stwa do dzi\u015b budz\u0105 emocje w\u015br\u00f3d komentator\u00f3w.<\/p>\n\n\n\n<p>Nie brakuje tak\u017ce g\u0142os\u00f3w sugeruj\u0105cych, \u017ce zrozumienie ca\u0142ego procesu wymaga cofni\u0119cia si\u0119 do samych fundament\u00f3w tej sprawy \u2013 a mianowicie do momentu, w kt\u00f3rym jedna operacja, jedno dzia\u0142anie i jeden polityczny konflikt doprowadzi\u0142y do lawiny wydarze\u0144.<\/p>\n\n\n\n<p>To w\u0142a\u015bnie one, zdaniem wielu, mia\u0142y wp\u0142yw na p\u00f3\u017aniejsze turbulencje, kt\u00f3re dotkn\u0119\u0142y uczestnik\u00f3w tej historii. Dlatego wci\u0105\u017c pojawiaj\u0105 si\u0119 pytania: czy wszystkie te konsekwencje by\u0142y \u015bwiadome? Czy mo\u017cna by\u0142o im zapobiec? I co w tej opowie\u015bci jest najwa\u017cniejsze dopiero dzisiaj?<br><\/p>\n\n\n\n<p>Kulisy tragedii, mocne zarzuty i kluczowe nazwiska. Sikorski wskazuje winnych<br>Wszystko zacz\u0119\u0142o si\u0119 od wypowiedzi Jaros\u0142awa Kaczy\u0144skiego, kt\u00f3ry podczas spotkania w Kwidzynie zasugerowa\u0142, \u017ce Andrzej Lepper nie pope\u0142ni\u0142 samob\u00f3jstwa, lecz m\u00f3g\u0142 zosta\u0107 zamordowany w zwi\u0105zku z rzekom\u0105 ch\u0119ci\u0105 ujawnienia \u201eprawdy\u201d.<\/p>\n\n\n\n<p>Na te s\u0142owa ostro odpowiedzia\u0142 Rados\u0142aw Sikorski. Wicepremier stwierdzi\u0142, \u017ce:<\/p>\n\n\n\n<p>Do politycznego i finansowego zniszczenia i p\u00f3\u017aniejszego samob\u00f3jstwa przyczynili si\u0119 dranie, kt\u00f3rzy sfingowali afer\u0119 gruntow\u0105 \u2013 napisa\u0142 w mediach spo\u0142eczno\u015bciowych.&nbsp;<\/p>\n\n\n\n<p>Rozwi\u0144<br>Doda\u0142 r\u00f3wnie\u017c:<\/p>\n\n\n\n<p>Kaczy\u0144ski zrobi\u0142 ich ponownie ministrami, aby znowu mogli niszczy\u0107 ludziom \u017cycie, tym razem przy pomocy Pegasusa. Dwukrotnie u\u0142askawi\u0142 ich pisowski prezydent, a dzi\u015b s\u0105 pisowskimi europos\u0142ami. Ha\u0144ba kanaliom i ich patronom.<br><\/p>\n\n\n\n<figure class=\"wp-block-image size-full\"><img loading=\"lazy\" decoding=\"async\" width=\"905\" height=\"603\" src=\"https:\/\/swiat24.pl.ua\/wp-content\/uploads\/2025\/11\/image-12.png\" alt=\"\" class=\"wp-image-17901\" srcset=\"https:\/\/swiat24.pl.ua\/wp-content\/uploads\/2025\/11\/image-12.png 905w, https:\/\/swiat24.pl.ua\/wp-content\/uploads\/2025\/11\/image-12-300x200.png 300w, https:\/\/swiat24.pl.ua\/wp-content\/uploads\/2025\/11\/image-12-768x512.png 768w\" sizes=\"auto, (max-width: 905px) 100vw, 905px\" \/><\/figure>\n\n\n\n<p>Sikorski wskazuje wprost na osoby odpowiedzialne za afer\u0119 gruntow\u0105 z 2007 roku, w kt\u00f3rej operacj\u0119 CBA przeprowadzili Mariusz Kami\u0144ski i Maciej W\u0105sik. Obaj zostali skazani za przekroczenie uprawnie\u0144, jednak \u2013 jak podkre\u015bli\u0142 polityk \u2013 najpierw w 2015 roku, a potem ponownie w 2024 roku u\u0142askawi\u0142 ich prezydent Andrzej Duda, co umo\u017cliwi\u0142o im unikni\u0119cie odbycia kary i obj\u0119cie funkcji europos\u0142\u00f3w PiS.<\/p>\n\n\n\n<p>To w\u0142a\u015bnie t\u0119 afer\u0119 Sikorski obwinia za wydarzenia, kt\u00f3re mia\u0142y doprowadzi\u0107 do dramatycznego fina\u0142u. A fakty dotycz\u0105ce samej \u015bmierci Leppera s\u0105 znane ju\u017c od lat.<\/p>\n\n\n\n<p>\u015aledztwo wykaza\u0142o, \u017ce Andrzej Lepper zosta\u0142 znaleziony martwy 5 sierpnia 2011 roku w warszawskim biurze Samoobrony. Pok\u00f3j by\u0142 zamkni\u0119ty od \u015brodka, telewizor w\u0142\u0105czony, a klucze znajdowa\u0142y si\u0119 na miejscu. Sekcja zw\u0142ok potwierdzi\u0142a samob\u00f3jstwo przez powieszenie, wskazuj\u0105c na ucisk na szyj\u0119, tchawic\u0119 i krta\u0144, bez \u015blad\u00f3w walki czy udzia\u0142u os\u00f3b trzecich.<\/p>\n\n\n\n<p>\u015aledczy ustalili r\u00f3wnie\u017c dok\u0142adne ramy czasowe \u2013 zgon mia\u0142 nast\u0105pi\u0107 mi\u0119dzy 8:30 a 12:00, a ostatni\u0105 osob\u0105, kt\u00f3ra widzia\u0142a Leppera \u017cywego, by\u0142 jego kierowca. Wed\u0142ug oficjalnych ustale\u0144 polityk od lat zmaga\u0142 si\u0119 z depresj\u0105, problemami politycznymi i finansowymi.<\/p>\n\n\n\n<p>W\u0142a\u015bnie na tle tych fakt\u00f3w powracaj\u0105ce dzi\u015b zarzuty tworz\u0105 now\u0105 fal\u0119 emocji. Czy ta sprawa naprawd\u0119 zosta\u0142a zamkni\u0119ta? I dlaczego po tylu latach wci\u0105\u017c wzbudza tak silne napi\u0119cie?<br><\/p>\n","protected":false},"excerpt":{"rendered":"Wypowied\u017a Rados\u0142awa Sikorskiego ponownie poruszy\u0142a temat, kt\u00f3ry w polskiej polityce od lat budzi emocje i nieko\u0144cz\u0105ce si\u0119 dyskusje. Mimo, \u017ce m\u00f3wi si\u0119 o \n<a class=\"moretag\" href=\"https:\/\/swiat24.pl.ua\/?p=17899\"> [...]<\/a>","protected":false},"author":1,"featured_media":17902,"comment_status":"open","ping_status":"open","sticky":false,"template":"","format":"standard","meta":{"footnotes":""},"categories":[1],"tags":[],"class_list":["post-17899","post","type-post","status-publish","format-standard","has-post-thumbnail","hentry","category-blog"],"_links":{"self":[{"href":"https:\/\/swiat24.pl.ua\/index.php?rest_route=\/wp\/v2\/posts\/17899","targetHints":{"allow":["GET"]}}],"collection":[{"href":"https:\/\/swiat24.pl.ua\/index.php?rest_route=\/wp\/v2\/posts"}],"about":[{"href":"https:\/\/swiat24.pl.ua\/index.php?rest_route=\/wp\/v2\/types\/post"}],"author":[{"embeddable":true,"href":"https:\/\/swiat24.pl.ua\/index.php?rest_route=\/wp\/v2\/users\/1"}],"replies":[{"embeddable":true,"href":"https:\/\/swiat24.pl.ua\/index.php?rest_route=%2Fwp%2Fv2%2Fcomments&post=17899"}],"version-history":[{"count":1,"href":"https:\/\/swiat24.pl.ua\/index.php?rest_route=\/wp\/v2\/posts\/17899\/revisions"}],"predecessor-version":[{"id":17903,"href":"https:\/\/swiat24.pl.ua\/index.php?rest_route=\/wp\/v2\/posts\/17899\/revisions\/17903"}],"wp:featuredmedia":[{"embeddable":true,"href":"https:\/\/swiat24.pl.ua\/index.php?rest_route=\/wp\/v2\/media\/17902"}],"wp:attachment":[{"href":"https:\/\/swiat24.pl.ua\/index.php?rest_route=%2Fwp%2Fv2%2Fmedia&parent=17899"}],"wp:term":[{"taxonomy":"category","embeddable":true,"href":"https:\/\/swiat24.pl.ua\/index.php?rest_route=%2Fwp%2Fv2%2Fcategories&post=17899"},{"taxonomy":"post_tag","embeddable":true,"href":"https:\/\/swiat24.pl.ua\/index.php?rest_route=%2Fwp%2Fv2%2Ftags&post=17899"}],"curies":[{"name":"wp","href":"https:\/\/api.w.org\/{rel}","templated":true}]}}