{"id":17876,"date":"2025-11-19T16:21:40","date_gmt":"2025-11-19T16:21:40","guid":{"rendered":"https:\/\/swiat24.pl.ua\/?p=17876"},"modified":"2025-11-19T16:21:40","modified_gmt":"2025-11-19T16:21:40","slug":"nagla-decyzja-karola-nawrockiego-wlasnie-padlo-potwierdzenie-polki-i-polacy-czekali-tylko-na-to","status":"publish","type":"post","link":"https:\/\/swiat24.pl.ua\/?p=17876","title":{"rendered":"Nag\u0142a decyzja Karola Nawrockiego, w\u0142a\u015bnie pad\u0142o potwierdzenie. Polki i Polacy czekali tylko na to"},"content":{"rendered":"\n<p>Karol Nawrocki w\u0142a\u015bnie przekaza\u0142 informacje na temat podj\u0119cia wa\u017cnej decyzji. Polacy d\u0142ugo czekali, a\u017c kto\u015b zajmie si\u0119 tym tematem. <\/p>\n\n\n\n<p>To mo\u017ce by\u0107 zapowied\u017a du\u017cego prze\u0142omu. Wiadomo, kiedy ma doj\u015b\u0107 do spotkania w Pa\u0142acu Prezydenckim.<\/p>\n\n\n\n<p>Karol Nawrocki z rozmachem rozpocz\u0105\u0142 prezydentur\u0119<br>Kilka miesi\u0119cy po obj\u0119ciu urz\u0119du prezydent Karol Nawrocki zdaje si\u0119 doskonale rozumie\u0107, \u017ce polityczny miesi\u0105c miodowy dobieg\u0142 ko\u0144ca, a wyborcy oczekuj\u0105 realizacji konkretnych obietnic z\u0142o\u017conych w kampanii. <\/p>\n\n\n\n<p>Cho\u0107 prezydentura w Polsce nie wi\u0105\u017ce si\u0119 z bezpo\u015brednim zarz\u0105dzeniem resortami, to inicjatywa ustawodawcza daje g\u0142owie pa\u0144stwa pot\u0119\u017cne narz\u0119dzie do kszta\u0142towania debaty publicznej.<\/p>\n\n\n\n<p>Pierwsze miesi\u0105ce urz\u0119dowania nowego lokatora Pa\u0142acu Prezydenckiego up\u0142yn\u0119\u0142y pod znakiem intensywnych konsultacji z ekspertami, kt\u00f3re mia\u0142y przygotowa\u0107 grunt pod, jak to okre\u015blaj\u0105 wsp\u00f3\u0142pracownicy prezydenta, &#8220;legislacyjn\u0105 ofensyw\u0119\u201d.<\/p>\n\n\n\n<p> Dyskusja o potrzebie dokonania kolejnego kroku w grudniu nie jest wi\u0119c przypadkowa. Zbiega si\u0119 ona z ko\u0144cem roku bud\u017cetowego, kt\u00f3ry dla wielu plac\u00f3wek medycznych oznacza dramatyczn\u0105 walk\u0119 o dopi\u0119cie bilans\u00f3w i renegocjacj\u0119 kontrakt\u00f3w na nadchodz\u0105ce dwana\u015bcie miesi\u0119cy.<\/p>\n\n\n\n<p>Ochrona zdrowia, b\u0119d\u0105ca od dekad pi\u0119t\u0105 achillesow\u0105 kolejnych rz\u0105d\u00f3w, sta\u0142a si\u0119 centralnym punktem prezydenckiej agendy nie tylko z powod\u00f3w merytorycznych, ale i spo\u0142ecznych. Polacy s\u0105 zm\u0119czeni kolejkami, kt\u00f3re zamiast si\u0119 skraca\u0107, w wielu specjalizacjach wyd\u0142u\u017caj\u0105 si\u0119 w niesko\u0144czono\u015b\u0107. <\/p>\n\n\n\n<p>Nawrocki, buduj\u0105c sw\u00f3j wizerunek jako prezydenta aktywnego i bliskiego problemom zwyk\u0142ych obywateli, nie m\u00f3g\u0142 zignorowa\u0107 sygna\u0142\u00f3w p\u0142yn\u0105cych ze \u015brodowiska lekarskiego. Inicjatywy ustawodawcze, kt\u00f3re maj\u0105 zosta\u0107 zaprezentowane lub doprecyzowane podczas ewentualnego spotkania, maj\u0105 na celu nie tylko dora\u017ane &#8220;gaszenie po\u017car\u00f3w\u201d, ale pr\u00f3b\u0119 systemowego przemodelowania sposobu, w jaki pa\u0144stwo finansuje leczenie swoich obywateli.<br><\/p>\n\n\n\n<p>NFZ jest w stanie krytycznym<br>Sytuacja, w jakiej znajduje si\u0119 obecnie Narodowy Fundusz Zdrowia, jest okre\u015blana przez ekonomist\u00f3w mianem krytycznej. Wed\u0142ug doniesie\u0144 medialnych i analiz rynkowych, dziura w bud\u017cecie NFZ pog\u0142\u0119bia si\u0119 w zastraszaj\u0105cym tempie, a szacunki m\u00f3wi\u0105 o konieczno\u015bci natychmiastowego transferu miliard\u00f3w z\u0142otych, aby zachowa\u0107 p\u0142ynno\u015b\u0107 finansow\u0105 szpitali. Problemem nie s\u0105 ju\u017c tylko rosn\u0105ce koszty procedur medycznych, energii czy wynagrodze\u0144 dla personelu, ale przede wszystkim strukturalna niewydolno\u015b\u0107 systemu opartego na sk\u0142adce zdrowotnej, kt\u00f3ra w obecnym kszta\u0142cie nie jest w stanie pokry\u0107 zapotrzebowania starzej\u0105cego si\u0119 spo\u0142ecze\u0144stwa.<\/p>\n\n\n\n<p>D\u0142ugi szpitali, szczeg\u00f3lnie tych powiatowych, osi\u0105gn\u0119\u0142y poziomy, kt\u00f3re w normalnych warunkach rynkowych oznacza\u0142yby natychmiastow\u0105 upad\u0142o\u015b\u0107. W tym kontek\u015bcie prezydencki plan naprawy NFZ jawi si\u0119 jako ostatnia deska ratunku przed scenariuszem, w kt\u00f3rym pacjenci b\u0119d\u0105 odsy\u0142ani z kwitkiem nie z powodu braku miejsc, ale braku \u015brodk\u00f3w na op\u0142acenie pr\u0105du czy lek\u00f3w.<\/p>\n\n\n\n<p>Za\u0142o\u017cenia planu Karola Nawrockiego, kt\u00f3re powoli wyciekaj\u0105 do medi\u00f3w, sugeruj\u0105 odej\u015bcie od polityki &#8220;r\u0119cznego sterowania\u201d i dora\u017anych dotacji na rzecz g\u0142\u0119bszej reformy. M\u00f3wi si\u0119 o propozycji zwi\u0119kszenia nak\u0142ad\u00f3w na ochron\u0119 zdrowia do bezpiecznego poziomu przekraczaj\u0105cego 6 proc. PKB w perspektywie kilku lat, ale pod warunkiem uszczelnienia systemu wydatkowania tych \u015brodk\u00f3w. Prezydent ma r\u00f3wnie\u017c po\u0142o\u017cy\u0107 nacisk na odd\u0142u\u017cenie szpitali, ale w zamian za wdro\u017cenie rygorystycznych plan\u00f3w restrukturyzacyjnych, kt\u00f3re mia\u0142yby zapobiec powstawaniu nowych zobowi\u0105za\u0144. To podej\u015bcie rodzi jednak pytania o spo\u0142eczne koszty takich zmian, czy restrukturyzacja nie b\u0119dzie oznacza\u0107 likwidacji nierentownych oddzia\u0142\u00f3w w mniejszych miejscowo\u015bciach?<\/p>\n\n\n\n<p>Z perspektywy Pa\u0142acu Prezydenckiego kluczowe jest znalezienie z\u0142otego \u015brodka mi\u0119dzy ekonomiczn\u0105 efektywno\u015bci\u0105 a dost\u0119pno\u015bci\u0105 us\u0142ug medycznych, co w polskich warunkach cz\u0119sto przypomina pr\u00f3b\u0119 \u0142\u0105czenia ognia z wod\u0105. Postulowany szczyt ma by\u0107 miejscem, gdzie te trudne pytania zostan\u0105 zadane publicznie, a odpowiedzi na nie maj\u0105 sta\u0107 si\u0119 fundamentem nowych projekt\u00f3w ustaw.<\/p>\n\n\n\n<p>Karol Nawrocki zapowiedzia\u0142 kolejne wydarzenia<br>Pojawi\u0142y si\u0119 oficjalne informacje, przekazane przez Polsk\u0105 Agencj\u0119 Prasow\u0105, dotycz\u0105ce potrzeby zwo\u0142ania szczytu medycznego w Pa\u0142acu Prezydenckim. Ju\u017c 5 grudnia dojdzie do spotkania.<\/p>\n\n\n\n<p>Szeroko dyskutowana w kuluarach perspektywa organizacji szczytu medycznego zelektryzowa\u0142a \u015brodowisko medyczne i polityczne. Spotkanie w Pa\u0142acu Prezydenckim mia\u0142oby zgromadzi\u0107 przy jednym stole nie tylko polityk\u00f3w wszystkich opcji, ale przede wszystkim dyrektor\u00f3w szpitali, przedstawicieli samorz\u0105d\u00f3w lekarskich i piel\u0119gniarskich oraz ekspert\u00f3w od ekonomii zdrowia. Format ten, przypominaj\u0105cy nieco ide\u0119 \u201cokr\u0105g\u0142ego sto\u0142u\u201d, najprawdopodobniej ma na celu wypracowanie pakietu rozwi\u0105za\u0144, kt\u00f3re b\u0119d\u0105 mia\u0142y szans\u0119 na uchwalenie w parlamencie mimo obecnych podzia\u0142\u00f3w politycznych.<br><\/p>\n\n\n\n<blockquote class=\"twitter-tweet\" data-media-max-width=\"560\"><p lang=\"pl\" dir=\"ltr\">Rzecznik prezydenta: 5 grudnia w Pa\u0142acu Prezydenckim odb\u0119dzie si\u0119 szczyt medyczny<a href=\"https:\/\/twitter.com\/hashtag\/PAPInformacje?src=hash&amp;ref_src=twsrc%5Etfw\">#PAPInformacje<\/a> <a href=\"https:\/\/t.co\/iO5LdOBpcT\">pic.twitter.com\/iO5LdOBpcT<\/a><\/p>&mdash; PAP (@PAPinformacje) <a href=\"https:\/\/twitter.com\/PAPinformacje\/status\/1991157527954796865?ref_src=twsrc%5Etfw\">November 19, 2025<\/a><\/blockquote> <script async src=\"https:\/\/platform.twitter.com\/widgets.js\" charset=\"utf-8\"><\/script>\n\n\n\n<p>Szczyt medyczny ma by\u0107 r\u00f3wnie\u017c okazj\u0105 do przedstawienia konkretnych zada\u0144, jakie prezydent stawia przed sob\u0105 i swoj\u0105 kancelari\u0105 na kolejne lata kadencji. Nieoficjalnie m\u00f3wi si\u0119 o ch\u0119ci powo\u0142ania specjalnej Rady Medycznej przy Prezydencie RP, kt\u00f3ra mia\u0142aby sta\u0142e umocowanie i pe\u0142ni\u0142a istotn\u0105 funkcj\u0119 doradcz\u0105, wspieraj\u0105c proces legislacyjny. Ochrona zdrowia w Polsce wymaga bowiem stabilno\u015bci i przewidywalno\u015bci, a nie rewolucji co cztery lata przy okazji zmiany w\u0142adzy. Je\u015bli Karolowi Nawrockiemu uda si\u0119 przekona\u0107 do swojej wizji zar\u00f3wno sk\u0142\u00f3conych polityk\u00f3w, jak i sceptyczne \u015brodowisko medyczne, to wydarzenie mo\u017ce przej\u015b\u0107 do historii jako punkt zwrotny w walce o nowoczesn\u0105 i dost\u0119pn\u0105 s\u0142u\u017cb\u0119 zdrowia. W przeciwnym razie pozostanie jedynie kolejnym medialnym tematem, podczas gdy pacjenci nadal b\u0119d\u0105 musieli ustawia\u0107 si\u0119 w kolejkach jeszcze przed \u015bwitem.<br><\/p>\n","protected":false},"excerpt":{"rendered":"Karol Nawrocki w\u0142a\u015bnie przekaza\u0142 informacje na temat podj\u0119cia wa\u017cnej decyzji. Polacy d\u0142ugo czekali, a\u017c kto\u015b zajmie si\u0119 tym tematem. To mo\u017ce by\u0107 zapowied\u017a \n<a class=\"moretag\" href=\"https:\/\/swiat24.pl.ua\/?p=17876\"> [...]<\/a>","protected":false},"author":1,"featured_media":17877,"comment_status":"open","ping_status":"open","sticky":false,"template":"","format":"standard","meta":{"footnotes":""},"categories":[1],"tags":[],"class_list":["post-17876","post","type-post","status-publish","format-standard","has-post-thumbnail","hentry","category-blog"],"_links":{"self":[{"href":"https:\/\/swiat24.pl.ua\/index.php?rest_route=\/wp\/v2\/posts\/17876","targetHints":{"allow":["GET"]}}],"collection":[{"href":"https:\/\/swiat24.pl.ua\/index.php?rest_route=\/wp\/v2\/posts"}],"about":[{"href":"https:\/\/swiat24.pl.ua\/index.php?rest_route=\/wp\/v2\/types\/post"}],"author":[{"embeddable":true,"href":"https:\/\/swiat24.pl.ua\/index.php?rest_route=\/wp\/v2\/users\/1"}],"replies":[{"embeddable":true,"href":"https:\/\/swiat24.pl.ua\/index.php?rest_route=%2Fwp%2Fv2%2Fcomments&post=17876"}],"version-history":[{"count":1,"href":"https:\/\/swiat24.pl.ua\/index.php?rest_route=\/wp\/v2\/posts\/17876\/revisions"}],"predecessor-version":[{"id":17878,"href":"https:\/\/swiat24.pl.ua\/index.php?rest_route=\/wp\/v2\/posts\/17876\/revisions\/17878"}],"wp:featuredmedia":[{"embeddable":true,"href":"https:\/\/swiat24.pl.ua\/index.php?rest_route=\/wp\/v2\/media\/17877"}],"wp:attachment":[{"href":"https:\/\/swiat24.pl.ua\/index.php?rest_route=%2Fwp%2Fv2%2Fmedia&parent=17876"}],"wp:term":[{"taxonomy":"category","embeddable":true,"href":"https:\/\/swiat24.pl.ua\/index.php?rest_route=%2Fwp%2Fv2%2Fcategories&post=17876"},{"taxonomy":"post_tag","embeddable":true,"href":"https:\/\/swiat24.pl.ua\/index.php?rest_route=%2Fwp%2Fv2%2Ftags&post=17876"}],"curies":[{"name":"wp","href":"https:\/\/api.w.org\/{rel}","templated":true}]}}