{"id":17851,"date":"2025-11-19T14:48:43","date_gmt":"2025-11-19T14:48:43","guid":{"rendered":"https:\/\/swiat24.pl.ua\/?p=17851"},"modified":"2025-11-19T14:48:43","modified_gmt":"2025-11-19T14:48:43","slug":"plamy-na-dloniach-przyczyny-objawy-leczenie-przebarwien","status":"publish","type":"post","link":"https:\/\/swiat24.pl.ua\/?p=17851","title":{"rendered":"Plamy na d\u0142oniach: przyczyny, objawy, leczenie przebarwie\u0144"},"content":{"rendered":"\n<p><strong>Plamy na d\u0142oniach przyjmuj\u0105 wiele odcieni (od br\u0105zowych po bia\u0142e) i mog\u0105 pojawia\u0107 si\u0119 z r\u00f3\u017cnych przyczyn.<\/strong><\/p>\n\n\n\n<p><strong>Najcz\u0119stsz\u0105 s\u0105 niegro\u017ane zaburzenia funkcjonowania melanocyt\u00f3w, alergie kontaktowe czy zmiany hormonalne, ale r\u00f3wnie\u017c wymagaj\u0105ce leczenia dermatozy i choroby og\u00f3lnoustrojowe.<\/strong><\/p>\n\n\n\n<p><strong>W tym artykule przeczytasz o rodzajach plam, ich leczeniu oraz profilaktyce.<\/strong><\/p>\n\n\n\n<p><strong>Zapraszamy do lektury!<\/strong><\/p>\n\n\n\n<h2 class=\"wp-block-heading\"><img loading=\"lazy\" decoding=\"async\" src=\"https:\/\/media.recepta.pl\/.renditions\/wysiwyg\/plamy-na-dloniach.jpg\" alt=\"\" width=\"1000\" height=\"563\"><\/h2>\n\n\n\n<h2 class=\"wp-block-heading\">Co oznaczaj\u0105 przebarwione d\u0142onie? Rodzaje plam i objawy<\/h2>\n\n\n\n<p><strong>Plamy na d\u0142oniach<\/strong>&nbsp;wynikaj\u0105ce z zaburze\u0144 syntezy i transportu melaniny to inaczej zaburzenia barwnikowe (ciemniejsze od sk\u00f3ry to przebarwienia, a ja\u015bniejsze \u2013 odbarwienia). Potocznie okre\u015bla si\u0119 je jako:<\/p>\n\n\n\n<p>\u25cf&nbsp;&nbsp;&nbsp;&nbsp;&nbsp;&nbsp;&nbsp;<strong>Br\u0105zowe plamy na d\u0142oniach<\/strong>&nbsp;\u2013 czasami nazywane plamami starczymi albo w\u0105trobowymi (oba terminy s\u0105 niepoprawne i myl\u0105ce \u2013 nie maj\u0105 zwi\u0105zku ani z wiekiem, ani z chorobami w\u0105troby, chocia\u017c rzeczywi\u015bcie tego typu zmiany cz\u0119\u015bciej pojawiaj\u0105 si\u0119 u os\u00f3b starszych). Takie przebarwienia wynikaj\u0105 z d\u0142ugotrwa\u0142ej ekspozycji na promieniowanie (plamy soczewicowate) lub stanu zapalnego (plamy pozapalne),<\/p>\n\n\n\n<p>\u25cf&nbsp;&nbsp;&nbsp;&nbsp;&nbsp;&nbsp;&nbsp;<strong>Bia\u0142e plamy na d\u0142oniach<\/strong>&nbsp;\u2013 wyra\u017anie odgraniczone od sk\u00f3ry, nieregularne odbarwienia, cz\u0119sto symetryczne i wyst\u0119puj\u0105ce r\u00f3wnie\u017c na pozosta\u0142ych obszarach cia\u0142a pojawiaj\u0105 si\u0119 u os\u00f3b z bielactwem. Z kolei ma\u0142e, okr\u0105g\u0142e plamki na d\u0142oniach i przedramionach to objaw hipomelanozy kropelkowatej. Je\u015bli towarzyszy im \u0142uszczenie, mog\u0105 \u015bwiadczy\u0107 o infekcji grzybiczej, a nie zaburzeniach melanogenezy.<\/p>\n\n\n\n<p>W ten spos\u00f3b p\u0142ynnie przechodzimy do przebarwie\u0144, kt\u00f3re nie maj\u0105 zwi\u0105zku z melanin\u0105:<\/p>\n\n\n\n<p>\u25cf&nbsp;&nbsp;&nbsp;&nbsp;&nbsp;&nbsp;&nbsp;<strong>Jasne plamy na d\u0142oniach<\/strong>&nbsp;z \u0142uszczeniem i sucho\u015bci\u0105 \u2013 objaw grzybicy lub \u0142upie\u017cu bia\u0142ego,<\/p>\n\n\n\n<p>\u25cf&nbsp;&nbsp;&nbsp;&nbsp;&nbsp;&nbsp;&nbsp;<strong>\u017b\u00f3\u0142te plamy na d\u0142oniach<\/strong>&nbsp;\u2013 powodem zazwyczaj jest gromadzenie si\u0119 w sk\u00f3rze beta-karotenu (podobnie jak&nbsp;<strong>pomara\u0144czowe plamy na d\u0142oniach<\/strong>), ewentualnie kontakt z substancjami barwi\u0105cymi, nikotyn\u0105 itp. Je\u015bli towarzyszy im \u017c\u00f3\u0142te zabarwienie ga\u0142ek ocznych i inne objawy (np. zm\u0119czenie), nale\u017cy uda\u0107 si\u0119 do lekarza (podejrzenie problem\u00f3w z w\u0105trob\u0105),<\/p>\n\n\n\n<p>\u25cf&nbsp;&nbsp;&nbsp;&nbsp;&nbsp;&nbsp;&nbsp;<strong>Rdzawe plamy na d\u0142oniach<\/strong>&nbsp;\u2013 mog\u0105 wynika\u0107 z kontaktu sk\u00f3ry z chemikaliami lub substancjami zawieraj\u0105cymi \u017celazo, gromadzenia si\u0119 \u017celaza w organizmie z powodu hemochromatozy czy dysfunkcji w\u0105troby,<\/p>\n\n\n\n<p>\u25cf&nbsp;&nbsp;&nbsp;&nbsp;&nbsp;&nbsp;&nbsp;<strong>Ciemne plamy na d\u0142oniach w ci\u0105\u017cy<\/strong>&nbsp;\u2013 zazwyczaj nie stanowi\u0105 powod\u00f3w do obaw. Maj\u0105 zwi\u0105zek z zaburzeniami hormonalnymi i&nbsp;zwykle&nbsp;znikaj\u0105 samoistnie,<\/p>\n\n\n\n<p>\u25cf&nbsp;&nbsp;&nbsp;&nbsp;&nbsp;&nbsp;&nbsp;<strong>Czerwone plamy na d\u0142oniach<\/strong>&nbsp;\u2013 je\u015bli nie powsta\u0142y po kontakcie z substancjami barwi\u0105cymi, najcz\u0119\u015bciej towarzysz\u0105 im inne objawy, zar\u00f3wno miejscowe (\u0142uszczenie, pieczenie, \u015bwi\u0105d, b\u00f3l, p\u0119cherze), jak i og\u00f3lne. W takim przypadku mo\u017cna podejrzewa\u0107 choroby sk\u00f3ry (np. egzem\u0119, infekcje bakteryjne i wirusowe), alergie, choroby og\u00f3lnoustrojowe (tocze\u0144, \u0142uszczycowe zapalenie staw\u00f3w) albo podra\u017cnienia mechaniczne lub chemiczne. Czerwone plamy bez dodatkowych symptom\u00f3w sk\u00f3rnych czasami pojawiaj\u0105 si\u0119 przy problemach z kr\u0105\u017ceniem.<\/p>\n\n\n\n<h2 class=\"wp-block-heading\">&nbsp;<\/h2>\n\n\n\n<h2 class=\"wp-block-heading\">Plamy na d\u0142oniach: przyczyny<\/h2>\n\n\n\n<p>Przyczyny powstawania plam na d\u0142oniach s\u0105 bardzo r\u00f3\u017cnorodne (wiele z nich zosta\u0142o wymienionych we wcze\u015bniejszym \u015br\u00f3dtytule, poniewa\u017c trudno opisa\u0107 rodzaje plam bez podawania ich pod\u0142o\u017ca). Og\u00f3lnie rzecz bior\u0105c,&nbsp;<strong>czynniki wywo\u0142uj\u0105ce zmian\u0119 zabarwienia sk\u00f3ry<\/strong>&nbsp;to:<\/p>\n\n\n\n<p>\u25cf&nbsp;&nbsp;&nbsp;&nbsp;&nbsp;&nbsp;&nbsp;Ekspozycja na promieniowanie ultrafioletowe,<\/p>\n\n\n\n<p>\u25cf&nbsp;&nbsp;&nbsp;&nbsp;&nbsp;&nbsp;&nbsp;Zaburzenia hormonalne,<\/p>\n\n\n\n<p>\u25cf&nbsp;&nbsp;&nbsp;&nbsp;&nbsp;&nbsp;&nbsp;Choroby w\u0105troby,<\/p>\n\n\n\n<p>\u25cf&nbsp;&nbsp;&nbsp;&nbsp;&nbsp;&nbsp;&nbsp;Choroby autoimmunologiczne,<\/p>\n\n\n\n<p>\u25cf&nbsp;&nbsp;&nbsp;&nbsp;&nbsp;&nbsp;&nbsp;Alergie,<\/p>\n\n\n\n<p>\u25cf&nbsp;&nbsp;&nbsp;&nbsp;&nbsp;&nbsp;&nbsp;Podra\u017cnienia i urazy mechaniczne,<\/p>\n\n\n\n<p>\u25cf&nbsp;&nbsp;&nbsp;&nbsp;&nbsp;&nbsp;&nbsp;Infekcje grzybicze i bakteryjne,<\/p>\n\n\n\n<p>\u25cf&nbsp;&nbsp;&nbsp;&nbsp;&nbsp;&nbsp;&nbsp;Dieta (np. nadmiar beta-karotenu),<\/p>\n\n\n\n<p>\u25cf&nbsp;&nbsp;&nbsp;&nbsp;&nbsp;&nbsp;&nbsp;Niedobory witamin i sk\u0142adnik\u00f3w od\u017cywczych,<\/p>\n\n\n\n<p>\u25cf&nbsp;&nbsp;&nbsp;&nbsp;&nbsp;&nbsp;&nbsp;Kontakt sk\u00f3ry z substancjami barwi\u0105cymi,<\/p>\n\n\n\n<p>\u25cf&nbsp;&nbsp;&nbsp;&nbsp;&nbsp;&nbsp;&nbsp;Dermatozy,<\/p>\n\n\n\n<p>\u25cf&nbsp;&nbsp;&nbsp;&nbsp;&nbsp;&nbsp;&nbsp;Hemochromatoza i inne schorzenia metaboliczne,<\/p>\n\n\n\n<p>\u25cf&nbsp;&nbsp;&nbsp;&nbsp;&nbsp;&nbsp;&nbsp;Czynniki genetyczne,<\/p>\n\n\n\n<p>\u25cf&nbsp;&nbsp;&nbsp;&nbsp;&nbsp;&nbsp;&nbsp;Nowotwory sk\u00f3ry.<\/p>\n\n\n\n<h2 class=\"wp-block-heading\"><img loading=\"lazy\" decoding=\"async\" src=\"https:\/\/media.recepta.pl\/.renditions\/wysiwyg\/brazowe-plamy-na-dloniach.jpg\" alt=\"\" width=\"600\" height=\"338\"><\/h2>\n\n\n\n<h2 class=\"wp-block-heading\">Jak sobie poradzi\u0107 z przebarwieniami na d\u0142oniach?<\/h2>\n\n\n\n<p><strong>Leczenie plam na d\u0142oniach zale\u017cy od ich przyczyny.&nbsp;<\/strong>Warto wiedzie\u0107, \u017ce&nbsp;<strong>nie wszystkie przebarwienia sk\u00f3ry s\u0105 schorzeniem<\/strong>&nbsp;(np. piegi to cecha osobnicza), a niekt\u00f3re mog\u0105 samoistnie ust\u0105pi\u0107 (np. plamy w ci\u0105\u017cy lub w czasie menopauzy). Jak radzi\u0107 sobie z niechcianymi lub chorobowymi plamami na d\u0142oniach? Przede wszystkim nale\u017cy:<\/p>\n\n\n\n<p>\u25cf&nbsp;&nbsp;&nbsp;&nbsp;&nbsp;&nbsp;&nbsp;Unika\u0107 czynnik\u00f3w dra\u017cni\u0105cych (w przypadku alergii) i promieniowania UV (zmiany barwnikowe),<\/p>\n\n\n\n<p>\u25cf&nbsp;&nbsp;&nbsp;&nbsp;&nbsp;&nbsp;&nbsp;Stosowa\u0107 r\u0119kawiczki (w celu ochrony przed detergentami oraz mrozem),<\/p>\n\n\n\n<p>\u25cf&nbsp;&nbsp;&nbsp;&nbsp;&nbsp;&nbsp;&nbsp;Dba\u0107 o odpowiednie nawil\u017cenie sk\u00f3ry i ochron\u0119 przeciws\u0142oneczn\u0105,<\/p>\n\n\n\n<p>\u25cf&nbsp;&nbsp;&nbsp;&nbsp;&nbsp;&nbsp;&nbsp;Wdro\u017cy\u0107 leczenie zalecone przez specjalist\u0119, je\u015bli to konieczne.<\/p>\n\n\n\n<h3 class=\"wp-block-heading\">Leczenie specjalistyczne (farmakoterapia)<\/h3>\n\n\n\n<p>Je\u015bli przyczyn\u0105 przebarwie\u0144 na d\u0142oniach jest jakie\u015b konkretne schorzenie (sk\u00f3ry, autoimmunologiczne, metaboliczne itp.),&nbsp;<strong>nale\u017cy przede wszystkim leczy\u0107 chorob\u0119 podstawow\u0105<\/strong>. Nie spos\u00f3b w tym miejscu wymieni\u0107 wszystkich zalece\u0144 terapeutycznych \u2013 to zar\u00f3wno preparaty miejscowe, jak i doustne. Na plamy powsta\u0142e w wyniku nadmiernej produkcji melaniny dermatolog mo\u017ce przepisa\u0107 ma\u015bci zawieraj\u0105ce hydrochinon, kwas azelainowy lub retinoidy, kt\u00f3re pomagaj\u0105 w rozja\u015bnianiu przebarwie\u0144.<\/p>\n\n\n\n<h3 class=\"wp-block-heading\">Usuwanie plam na d\u0142oniach za pomoc\u0105 zabieg\u00f3w<\/h3>\n\n\n\n<p>W niwelowaniu przebarwie\u0144 wykorzystuje si\u0119 r\u00f3wnie\u017c r\u00f3\u017cne zabiegi:<\/p>\n\n\n\n<p>\u25cf&nbsp;&nbsp;&nbsp;&nbsp;&nbsp;&nbsp;&nbsp;<strong>Laseroterapi\u0119<\/strong>&nbsp;oraz&nbsp;<strong>IPL<\/strong>&nbsp;(Intense Pulsed Light) \u2013 wi\u0105zka \u015bwiat\u0142a rozbija nagromadzon\u0105 w sk\u00f3rze melanin\u0119,<\/p>\n\n\n\n<p>\u25cf&nbsp;&nbsp;&nbsp;&nbsp;&nbsp;&nbsp;&nbsp;<strong>Peelingi chemiczne<\/strong>&nbsp;\u2013 kwasy (np. glikolowy, migda\u0142owy, tr\u00f3jchlorooctowy) z\u0142uszczaj\u0105 nask\u00f3rek i wspomagaj\u0105 odnow\u0119 sk\u00f3ry,<\/p>\n\n\n\n<p>\u25cf&nbsp;&nbsp;&nbsp;&nbsp;&nbsp;&nbsp;&nbsp;<strong>Krioterapi\u0119<\/strong>&nbsp;\u2013 stopniowe z\u0142uszczanie zmian w wyniku zamra\u017cania ciek\u0142ym azotem,<\/p>\n\n\n\n<p>\u25cf&nbsp;&nbsp;&nbsp;&nbsp;&nbsp;&nbsp;&nbsp;<strong>Mikrodermabrazj\u0119<\/strong>&nbsp;\u2013 mechaniczne z\u0142uszczanie sk\u00f3ry,<\/p>\n\n\n\n<p>\u25cf&nbsp;&nbsp;&nbsp;&nbsp;&nbsp;&nbsp;&nbsp;<strong>Mezoterapi\u0119 z substancjami rozja\u015bniaj\u0105cymi<\/strong>&nbsp;\u2013 wprowadzanie mikroig\u0142ami pod sk\u00f3r\u0119 substancji aktywnych (np. witaminy C),<\/p>\n\n\n\n<p>\u25cf&nbsp;&nbsp;&nbsp;&nbsp;&nbsp;&nbsp;&nbsp;<strong>Radiofrekwencj\u0119 mikroig\u0142ow\u0105<\/strong>&nbsp;\u2013 po\u0142\u0105czenie mikroigie\u0142 i energii RF.<\/p>\n\n\n\n<p>Dob\u00f3r zabiegu zale\u017cy od rodzaju przebarwie\u0144, ich g\u0142\u0119boko\u015bci i stanu sk\u00f3ry. Warto skonsultowa\u0107 si\u0119 z dermatologiem lub kosmetologiem, kt\u00f3ry doradzi najlepsz\u0105 metod\u0119.<\/p>\n\n\n\n<h3 class=\"wp-block-heading\">Domowe sposoby na przebarwienia na d\u0142oniach<\/h3>\n\n\n\n<p>Jak usun\u0105\u0107 ciemne plamy na d\u0142oniach domowymi sposobami? Nie jest to, niestety, \u0142atwe \u2013 w przypadku najcz\u0119stszych przebarwie\u0144 pos\u0142onecznych to wynik d\u0142ugotrwa\u0142ej ekspozycji na promieniowanie i niewystarczaj\u0105cej ochrony sk\u00f3ry. Stosuj kosmetyki i&nbsp;<a href=\"https:\/\/recepta.pl\/kosmetyki\/pielegnacja-dloni\/kremy-i-balsamy-do-rak\/category\">kremy do r\u0105k<\/a>, kt\u00f3re zawieraj\u0105&nbsp;<strong>sk\u0142adniki aktywne na przebarwienia d\u0142oni<\/strong>, np.:<\/p>\n\n\n\n<p>\u25cf&nbsp;&nbsp;&nbsp;&nbsp;&nbsp;&nbsp;&nbsp;<a href=\"https:\/\/recepta.pl\/artykuly\/witamina-a-retinol-wystepowanie-i-przedawkowanie\">Retinol<\/a>&nbsp;\u2013 przyspiesza odnow\u0119 kom\u00f3rkow\u0105 i z\u0142uszczanie nask\u00f3rka. Nale\u017cy zacz\u0105\u0107 od niskich st\u0119\u017ce\u0144 i zachowa\u0107 ostro\u017cno\u015b\u0107 ze wzgl\u0119du na ryzyko podra\u017cnie\u0144,<\/p>\n\n\n\n<p>\u25cf&nbsp;&nbsp;&nbsp;&nbsp;&nbsp;&nbsp;&nbsp;<a href=\"https:\/\/recepta.pl\/zdrowie\/witaminy-i-mineraly\/witaminy\/witamina-c\/category\">Witamina C<\/a>&nbsp;\u2013 silny antyoksydant, kt\u00f3ry hamuje aktywno\u015b\u0107 melanocyt\u00f3w, a tak\u017ce wspomaga regeneracj\u0119 sk\u00f3ry,<\/p>\n\n\n\n<p>\u25cf&nbsp;&nbsp;&nbsp;&nbsp;&nbsp;&nbsp;&nbsp;Kwas kojowy \u2013 hamuje dzia\u0142anie tyrozynazy, enzymu odpowiedzialnego za produkcj\u0119 melaniny,<\/p>\n\n\n\n<p>\u25cf&nbsp;&nbsp;&nbsp;&nbsp;&nbsp;&nbsp;&nbsp;Arbutyna \u2013 r\u00f3wnie\u017c blokuje tyrozynaz\u0119, ale jest \u0142agodniejsza od innych depigmentuj\u0105cych substancji, dlatego rzadziej powoduje podra\u017cnienia,<\/p>\n\n\n\n<p>\u25cf&nbsp;&nbsp;&nbsp;&nbsp;&nbsp;&nbsp;&nbsp;Niacynamid \u2013 zmniejsza transfer melaniny do nask\u00f3rka, a do tego wzmacnia barier\u0119 hydrolipidow\u0105 sk\u00f3ry.<\/p>\n\n\n\n<p>Je\u015bli przebarwienia bardzo Ci przeszkadzaj\u0105 i trudno si\u0119 ich pozby\u0107, mo\u017cesz zastanowi\u0107 si\u0119 nad maskowaniem plam za pomoc\u0105 produkt\u00f3w koloryzuj\u0105cych, np. korektora albo kamufla\u017cu kosmetycznego.<\/p>\n\n\n\n<h3 class=\"wp-block-heading\">Dieta i suplementacja<\/h3>\n\n\n\n<p>Deficyty witamin z grupy B powoduj\u0105 czasami ciemne plamy pigmentacyjne (np. na kostkach d\u0142oni i d\u0142oniach od wewn\u0105trz mog\u0105 oznacza\u0107 niedob\u00f3r witaminy B12, a wyst\u0119puj\u0105ce ze stanem zapalnym i \u0142uszczeniem \u2013 witaminy B9). Przebarwienia wynikaj\u0105 te\u017c z niedostatecznej ilo\u015bci witaminy C, A i E z powodu wi\u0119kszego nara\u017cenia sk\u00f3ry na wolne rodniki, promieniowanie UV i procesy starzenia. Je\u015bli tak jest, warto&nbsp;stosowa\u0107&nbsp;zalecone przez lekarza&nbsp;<a href=\"https:\/\/recepta.pl\/zdrowie\/wlosy-skora-i-paznokcie\/category\">witaminy na sk\u00f3r\u0119<\/a>&nbsp;w formie suplement\u00f3w albo odpowiednio zmodyfikowa\u0107 diet\u0119.<\/p>\n\n\n\n<h2 class=\"wp-block-heading\">&nbsp;<\/h2>\n\n\n\n<figure class=\"wp-block-image\"><img decoding=\"async\" src=\"https:\/\/media.recepta.pl\/.renditions\/wysiwyg\/rdzawe-plamy-na-dloniach.jpg\" alt=\"\"\/><\/figure>\n\n\n\n<h2 class=\"wp-block-heading\">Jak zapobiega\u0107 plamom na d\u0142oniach?<\/h2>\n\n\n\n<p>Zapobieganie plamom na d\u0142oniach wymaga piel\u0119gnacji sk\u00f3ry oraz unikania czynnik\u00f3w, kt\u00f3re mog\u0105 prowadzi\u0107 do ich powstawania. Najwa\u017cniejsze elementy profilaktyki to:<\/p>\n\n\n\n<p>\u25cf&nbsp;&nbsp;&nbsp;&nbsp;&nbsp;&nbsp;&nbsp;Ochrona przeciws\u0142oneczna i mechaniczna (kremy z filtrem i r\u0119kawiczki),<\/p>\n\n\n\n<p>\u25cf&nbsp;&nbsp;&nbsp;&nbsp;&nbsp;&nbsp;&nbsp;Regularne nawil\u017canie, z\u0142uszczanie i regeneracja sk\u00f3ry,<\/p>\n\n\n\n<p>\u25cf&nbsp;&nbsp;&nbsp;&nbsp;&nbsp;&nbsp;&nbsp;Zbilansowana dieta.<\/p>\n\n\n\n<h2 class=\"wp-block-heading\">&nbsp;<\/h2>\n\n\n\n<h2 class=\"wp-block-heading\">Plamy na d\u0142oniach: podsumowanie<\/h2>\n\n\n\n<p>Plamy na d\u0142oniach przyjmuj\u0105 bardzo r\u00f3\u017cnorodny wygl\u0105d \u2013 mog\u0105 by\u0107 regularne i nieregularne, jasne, ciemne, czerwone czy sine. Bywaj\u0105 suche, sw\u0119dz\u0105ce czy \u0142uszcz\u0105ce si\u0119, a czasami towarzysz\u0105 im czasami objawy og\u00f3lne. Wi\u0119kszo\u015b\u0107 przebarwie\u0144 to tylko kwestia estetyczna, jednak niekt\u00f3re \u015bwiadcz\u0105 o powa\u017cnych chorobach. Nie nale\u017cy wi\u0119c ignorowa\u0107 plam na d\u0142oniach, zw\u0142aszcza gdy pojawi\u0142y si\u0119 nagle, gwa\u0142townie si\u0119 powi\u0119kszaj\u0105, bol\u0105 albo wsp\u00f3\u0142istniej\u0105 z innymi dolegliwo\u015bciami.<\/p>\n","protected":false},"excerpt":{"rendered":"Plamy na d\u0142oniach przyjmuj\u0105 wiele odcieni (od br\u0105zowych po bia\u0142e) i mog\u0105 pojawia\u0107 si\u0119 z r\u00f3\u017cnych przyczyn. Najcz\u0119stsz\u0105 s\u0105 niegro\u017ane zaburzenia funkcjonowania melanocyt\u00f3w, \n<a class=\"moretag\" href=\"https:\/\/swiat24.pl.ua\/?p=17851\"> [...]<\/a>","protected":false},"author":1,"featured_media":17852,"comment_status":"open","ping_status":"open","sticky":false,"template":"","format":"standard","meta":{"footnotes":""},"categories":[1],"tags":[],"class_list":["post-17851","post","type-post","status-publish","format-standard","has-post-thumbnail","hentry","category-blog"],"_links":{"self":[{"href":"https:\/\/swiat24.pl.ua\/index.php?rest_route=\/wp\/v2\/posts\/17851","targetHints":{"allow":["GET"]}}],"collection":[{"href":"https:\/\/swiat24.pl.ua\/index.php?rest_route=\/wp\/v2\/posts"}],"about":[{"href":"https:\/\/swiat24.pl.ua\/index.php?rest_route=\/wp\/v2\/types\/post"}],"author":[{"embeddable":true,"href":"https:\/\/swiat24.pl.ua\/index.php?rest_route=\/wp\/v2\/users\/1"}],"replies":[{"embeddable":true,"href":"https:\/\/swiat24.pl.ua\/index.php?rest_route=%2Fwp%2Fv2%2Fcomments&post=17851"}],"version-history":[{"count":1,"href":"https:\/\/swiat24.pl.ua\/index.php?rest_route=\/wp\/v2\/posts\/17851\/revisions"}],"predecessor-version":[{"id":17853,"href":"https:\/\/swiat24.pl.ua\/index.php?rest_route=\/wp\/v2\/posts\/17851\/revisions\/17853"}],"wp:featuredmedia":[{"embeddable":true,"href":"https:\/\/swiat24.pl.ua\/index.php?rest_route=\/wp\/v2\/media\/17852"}],"wp:attachment":[{"href":"https:\/\/swiat24.pl.ua\/index.php?rest_route=%2Fwp%2Fv2%2Fmedia&parent=17851"}],"wp:term":[{"taxonomy":"category","embeddable":true,"href":"https:\/\/swiat24.pl.ua\/index.php?rest_route=%2Fwp%2Fv2%2Fcategories&post=17851"},{"taxonomy":"post_tag","embeddable":true,"href":"https:\/\/swiat24.pl.ua\/index.php?rest_route=%2Fwp%2Fv2%2Ftags&post=17851"}],"curies":[{"name":"wp","href":"https:\/\/api.w.org\/{rel}","templated":true}]}}