{"id":17845,"date":"2025-11-19T13:26:30","date_gmt":"2025-11-19T13:26:30","guid":{"rendered":"https:\/\/swiat24.pl.ua\/?p=17845"},"modified":"2025-11-19T13:26:30","modified_gmt":"2025-11-19T13:26:30","slug":"tego-nie-wolno-juz-w-sejmie-czarzasty-oglosil-decyzje-ws-alkoholu","status":"publish","type":"post","link":"https:\/\/swiat24.pl.ua\/?p=17845","title":{"rendered":"Tego nie wolno ju\u017c w Sejmie. Czarzasty og\u0142osi\u0142 decyzj\u0119 ws. alkoholu"},"content":{"rendered":"\n<p>W\u0142odzimierz Czarzasty niespodziewanie wprowadzi\u0142 zakaz sprzeda\u017cy alkoholu w budynkach Sejmu. Od 24 listopada 2025 roku napoje wyskokowe znikn\u0105 ze sklepik\u00f3w i restauracji zarz\u0105dzanych przez Kancelari\u0119 Sejmu. Jest to element szerszego pakietu zmian, kt\u00f3re zapowiedzia\u0142.<\/p>\n\n\n\n<p>Szymon Ho\u0142ownia straci\u0142 pozycj\u0119 Marsza\u0142ka Sejmu<br>Szymon Ho\u0142ownia zrezygnowa\u0142 z funkcji Marsza\u0142ka Sejmu, a zgodnie z koalicyjnymi ustaleniami stanowisko obejmie W\u0142odzimierz Czarzasty z Lewicy.<\/p>\n\n\n\n<p>Ho\u0142ownia po\u017cegna\u0142 si\u0119 z pos\u0142ami, dzi\u0119kuj\u0105c za dwa lata wsp\u00f3lnej pracy, zar\u00f3wno w momentach porozumienia, jak i napi\u0119\u0107. Podkre\u015bli\u0142, \u017ce w roli marsza\u0142ka stara\u0142 si\u0119 zapewni\u0107 stabilno\u015b\u0107 pa\u0144stwa, a nie jedynie realizowa\u0107 partyjne interesy.<\/p>\n\n\n\n<p>Zgodnie z planem koalicyjnym, od 18 listopada na jego miejsce wszed\u0142 W\u0142odzimierz Czarzasty. Tymczasem Ho\u0142ownia obejmie nowe stanowisko wicemarsza\u0142ka Sejmu, pozostaj\u0105c w kierownictwie izby, ale ju\u017c w innej roli.<\/p>\n\n\n\n<p>Dla Ho\u0142owni ten krok by\u0142 przewidziany w ramach koalicyjnej umowy, jednak niekt\u00f3rzy komentatorzy postrzegaj\u0105 jego odej\u015bcie jako symboliczny koniec jednej politycznej przygody. Funkcja marsza\u0142ka, kt\u00f3ra mia\u0142a by\u0107 trampolin\u0105 do wi\u0119kszych ambicji, okaza\u0142a si\u0119 jednocze\u015bnie sporym wyzwaniem i politycznym obci\u0105\u017ceniem.<\/p>\n\n\n\n<p>Decyzja pokazuje r\u00f3wnie\u017c dynamik\u0119 i kompromisy w polskiej polityce koalicyjnej \u2014 Ho\u0142ownia zachowuje wp\u0142yw w Sejmie, ale musi ust\u0105pi\u0107 miejsca innemu przedstawicielowi koalicji, co jest naturalnym efektem negocjacji i r\u00f3wnowa\u017cenia si\u0142 w parlamencie.<br><\/p>\n\n\n\n<p>Kim jest W\u0142odzimierz Czarzasty?<br>W\u0142odzimierz Czarzasty to jedna z najbardziej rozpoznawalnych postaci polskiej lewicy, polityk i dzia\u0142acz, kt\u00f3ry od lat kszta\u0142tuje oblicze SLD i Lewicy w Polsce. Urodzi\u0142 si\u0119 w 1960 roku w Warszawie. Uko\u0144czy\u0142 studia prawnicze, a nast\u0119pnie zaanga\u017cowa\u0142 si\u0119 w dzia\u0142alno\u015b\u0107 polityczn\u0105, najpierw w strukturach Unii Demokratycznej, a p\u00f3\u017aniej w Sojuszu Lewicy Demokratycznej.<\/p>\n\n\n\n<p>Czarzasty zyska\u0142 reputacj\u0119 pragmatycznego i do\u015bwiadczonego polityka, kt\u00f3ry potrafi negocjowa\u0107 zar\u00f3wno wewn\u0105trz partii, jak i w szerszym kontek\u015bcie koalicyjnym. W 2016 roku zosta\u0142 wybrany na przewodnicz\u0105cego SLD, a jego dzia\u0142alno\u015b\u0107 obejmuje nie tylko zarz\u0105dzanie parti\u0105, ale r\u00f3wnie\u017c reprezentowanie jej w kontaktach z innymi ugrupowaniami politycznymi. Pod jego kierownictwem Lewica w Polsce zyska\u0142a now\u0105 struktur\u0119 organizacyjn\u0105 i wyra\u017aniejszy g\u0142os w debacie publicznej, a tak\u017ce lepsze wyniki wyborcze w wyborach parlamentarnych i samorz\u0105dowych.<\/p>\n\n\n\n<p>Czarzasty by\u0142 r\u00f3wnie\u017c pos\u0142em na Sejm, gdzie pe\u0142ni\u0142 funkcj\u0119 wiceprzewodnicz\u0105cego klubu parlamentarnego Lewicy, a jego aktywno\u015b\u0107 obejmuje zar\u00f3wno polityk\u0119 krajow\u0105, jak i inicjatywy ustawodawcze, zwi\u0105zane z prawami pracowniczymi, ochron\u0105 socjaln\u0105 czy polityk\u0105 r\u00f3wnych szans.<\/p>\n\n\n\n<p>Znany jest z bezpo\u015bredniego stylu komunikacji i umiej\u0119tno\u015bci utrzymywania r\u00f3wnowagi pomi\u0119dzy interesami r\u00f3\u017cnych frakcji w ramach Lewicy, co wielokrotnie pozwala\u0142o unikn\u0105\u0107 wewn\u0119trznych kryzys\u00f3w. Jego pozycja w partii i w szerszym politycznym uk\u0142adzie si\u0142 sprawia, \u017ce jest jednym z kluczowych graczy przy negocjacjach koalicyjnych oraz przy ustalaniu kierunku polityki lewicowej w kraju.<\/p>\n\n\n\n<p>Wygl\u0105da na to, \u017ce rol\u0119 Marsza\u0142ka zamierza traktowa\u0107 \u015bmiertelnie powa\u017cnie, bo w\u0142a\u015bnie og\u0142osi\u0142 swoj\u0105 pierwsz\u0105 decyzj\u0119. Nie b\u0119dzie popularna<\/p>\n\n\n\n<p>Czarzasty zabrania alkoholu w Sejmie<br>Czarzasty zaskoczy\u0142 wszystkich, wprowadzaj\u0105c zakaz sprzeda\u017cy alkoholu na terenie budynk\u00f3w Sejmu.&nbsp;<\/p>\n\n\n\n<p>Od 24 listopada 2025 roku napoje alkoholowe nie b\u0119d\u0105 dost\u0119pne w sklepikach ani restauracjach zarz\u0105dzanych przez Kancelari\u0119 Sejmu.<\/p>\n\n\n\n<p>To cz\u0119\u015b\u0107 szerszych zmian zapowiedzianych przez Czarzastego: r\u00f3wnocze\u015bnie og\u0142osi\u0142 nowy sk\u0142ad Kancelarii Sejmu, na czele kt\u00f3rej stanie Marek Siwiec, a wiceszefow\u0105 zostanie Dariusz Salomo\u0144czyk.<\/p>\n\n\n\n<p>Zakaz alkoholu ma by\u0107 sygna\u0142em powa\u017cnego podej\u015bcia do kultury parlamentarnej i wizerunku Sejmu. Krytycy jednak nie kryj\u0105 sceptycyzmu: cz\u0119\u015b\u0107 pos\u0142\u00f3w uwa\u017ca, \u017ce zakaz mo\u017ce okaza\u0107 si\u0119 ma\u0142o skuteczny, poniewa\u017c alkohol mo\u017cna b\u0119dzie w prosty spos\u00f3b przynie\u015b\u0107 na teren Sejmu spoza budynku.<\/p>\n\n\n\n<p>Decyzja Czarzastego wpisuje si\u0119 r\u00f3wnie\u017c w jego dotychczasow\u0105 walk\u0119 z alkoholem \u2014 wcze\u015bniej proponowa\u0142 m.in. og\u00f3lnokrajowy zakaz nocnej sprzeda\u017cy trunk\u00f3w oraz zakaz sprzeda\u017cy alkoholu na stacjach benzynowych.<\/p>\n\n\n\n<p>To posuni\u0119cie ma mocny wymiar symboliczny: pokazuje, \u017ce nowy marsza\u0142ek Sejmu nie boi si\u0119 stawia\u0107 kwestii moralnych i kulturowych w centrum debaty publicznej. Jednocze\u015bnie jest to test jego zdolno\u015bci do wdra\u017cania reform, kt\u00f3re zmieniaj\u0105 codzienn\u0105 rzeczywisto\u015b\u0107 polityczn\u0105 \u2013 nie tylko na papierze, ale r\u00f3wnie\u017c w zakamarkach najbardziej eksponowanej instytucji w\u0142adzy.<br><\/p>\n","protected":false},"excerpt":{"rendered":"W\u0142odzimierz Czarzasty niespodziewanie wprowadzi\u0142 zakaz sprzeda\u017cy alkoholu w budynkach Sejmu. Od 24 listopada 2025 roku napoje wyskokowe znikn\u0105 ze sklepik\u00f3w i restauracji zarz\u0105dzanych \n<a class=\"moretag\" href=\"https:\/\/swiat24.pl.ua\/?p=17845\"> [...]<\/a>","protected":false},"author":1,"featured_media":17846,"comment_status":"open","ping_status":"open","sticky":false,"template":"","format":"standard","meta":{"footnotes":""},"categories":[1],"tags":[],"class_list":["post-17845","post","type-post","status-publish","format-standard","has-post-thumbnail","hentry","category-blog"],"_links":{"self":[{"href":"https:\/\/swiat24.pl.ua\/index.php?rest_route=\/wp\/v2\/posts\/17845","targetHints":{"allow":["GET"]}}],"collection":[{"href":"https:\/\/swiat24.pl.ua\/index.php?rest_route=\/wp\/v2\/posts"}],"about":[{"href":"https:\/\/swiat24.pl.ua\/index.php?rest_route=\/wp\/v2\/types\/post"}],"author":[{"embeddable":true,"href":"https:\/\/swiat24.pl.ua\/index.php?rest_route=\/wp\/v2\/users\/1"}],"replies":[{"embeddable":true,"href":"https:\/\/swiat24.pl.ua\/index.php?rest_route=%2Fwp%2Fv2%2Fcomments&post=17845"}],"version-history":[{"count":1,"href":"https:\/\/swiat24.pl.ua\/index.php?rest_route=\/wp\/v2\/posts\/17845\/revisions"}],"predecessor-version":[{"id":17847,"href":"https:\/\/swiat24.pl.ua\/index.php?rest_route=\/wp\/v2\/posts\/17845\/revisions\/17847"}],"wp:featuredmedia":[{"embeddable":true,"href":"https:\/\/swiat24.pl.ua\/index.php?rest_route=\/wp\/v2\/media\/17846"}],"wp:attachment":[{"href":"https:\/\/swiat24.pl.ua\/index.php?rest_route=%2Fwp%2Fv2%2Fmedia&parent=17845"}],"wp:term":[{"taxonomy":"category","embeddable":true,"href":"https:\/\/swiat24.pl.ua\/index.php?rest_route=%2Fwp%2Fv2%2Fcategories&post=17845"},{"taxonomy":"post_tag","embeddable":true,"href":"https:\/\/swiat24.pl.ua\/index.php?rest_route=%2Fwp%2Fv2%2Ftags&post=17845"}],"curies":[{"name":"wp","href":"https:\/\/api.w.org\/{rel}","templated":true}]}}