{"id":17842,"date":"2025-11-19T12:23:40","date_gmt":"2025-11-19T12:23:40","guid":{"rendered":"https:\/\/swiat24.pl.ua\/?p=17842"},"modified":"2025-11-19T12:23:40","modified_gmt":"2025-11-19T12:23:40","slug":"slup-czarnego-dymu-widac-z-kilometrow-ogien-sial-spustoszenie-w-hali-znanej-firmy","status":"publish","type":"post","link":"https:\/\/swiat24.pl.ua\/?p=17842","title":{"rendered":"S\u0142up czarnego dymu wida\u0107 z kilometr\u00f3w. Ogie\u0144 sia\u0142 spustoszenie w hali znanej firmy"},"content":{"rendered":"\n<p>Po\u017car trawi\u0142 jedn\u0105 z hal zak\u0142ad\u00f3w mi\u0119snych Soko\u0142\u00f3w w Osiem (woj. kujawsko-pomorskie). Do zdarzenia dosz\u0142o w \u015brod\u0119 rano. Na miejscu pracowa\u0142o kilka zast\u0119p\u00f3w stra\u017cy po\u017carnej.<\/p>\n\n\n\n<p>Po\u017car w zak\u0142adach mi\u0119snych Soko\u0142\u00f3w<br>Dy\u017curny stra\u017cy po\u017carnej otrzyma\u0142 zg\u0142oszenie o po\u017carze oko\u0142o godziny 7. Ogie\u0144 pojawi\u0142 si\u0119 na dachu hali produkcyjnej zak\u0142ad\u00f3w mi\u0119snych Soko\u0142\u00f3w. Na miejsce natychmiast wys\u0142ano stra\u017cak\u00f3w.\u00a0<br><\/p>\n\n\n\n<p>Po\u017car gasi\u0142o kilka jednostek stra\u017cy po\u017carnej<br>Oko\u0142o 7:30 na miejscu pracowa\u0142o pi\u0119\u0107 zast\u0119p\u00f3w stra\u017cak\u00f3w. Kolejne jednostki by\u0142y w drodze. Konieczne okaza\u0142o si\u0119 sprowadzenie podno\u015bnika z grudzi\u0105dzkiej Jednostki Ratowniczo-Ga\u015bniczej. Szybka reakcja funkcjonariuszy sprawi\u0142a, \u017ce ogie\u0144 nie rozprzestrzeni\u0142 si\u0119 na inne obiekty na terenie zak\u0142adu.<\/p>\n\n\n\n<p>Miejscowo\u015b\u0107 Osie, powiat \u015bwiecki. Na terenie zak\u0142adu Soko\u0142\u00f3w S.A. dosz\u0142o do po\u017caru. Na miejscu dzia\u0142a pi\u0119\u0107 zast\u0119p\u00f3w stra\u017cy po\u017carnej, kolejne si\u0142y s\u0105 w drodze \u2014 informowa\u0142 portal Remiza.pl.<br><\/p>\n\n\n\n<p>Na miejscu 10 zast\u0119p\u00f3w stra\u017cy po\u017carnej<br>\u0141\u0105cznie w dzia\u0142aniach na miejscu bra\u0142o udzia\u0142 dziesi\u0119\u0107 zast\u0119p\u00f3w stra\u017cy po\u017carnej. Ogie\u0144 uda\u0142o si\u0119 opanowa\u0107 po godzinie. Funkcjonariusze nadal prowadz\u0105 akcj\u0119. Oddymiaj\u0105 pomieszczenia i sprawdzaj\u0105, czy w elementach konstrukcyjnych hali nie pozosta\u0142y ukryte zarzewia. Nikt nie ucierpia\u0142.<br><\/p>\n\n\n\n<p><\/p>\n","protected":false},"excerpt":{"rendered":"Po\u017car trawi\u0142 jedn\u0105 z hal zak\u0142ad\u00f3w mi\u0119snych Soko\u0142\u00f3w w Osiem (woj. kujawsko-pomorskie). Do zdarzenia dosz\u0142o w \u015brod\u0119 rano. Na miejscu pracowa\u0142o kilka zast\u0119p\u00f3w \n<a class=\"moretag\" href=\"https:\/\/swiat24.pl.ua\/?p=17842\"> [...]<\/a>","protected":false},"author":1,"featured_media":17843,"comment_status":"open","ping_status":"open","sticky":false,"template":"","format":"standard","meta":{"footnotes":""},"categories":[1],"tags":[],"class_list":["post-17842","post","type-post","status-publish","format-standard","has-post-thumbnail","hentry","category-blog"],"_links":{"self":[{"href":"https:\/\/swiat24.pl.ua\/index.php?rest_route=\/wp\/v2\/posts\/17842","targetHints":{"allow":["GET"]}}],"collection":[{"href":"https:\/\/swiat24.pl.ua\/index.php?rest_route=\/wp\/v2\/posts"}],"about":[{"href":"https:\/\/swiat24.pl.ua\/index.php?rest_route=\/wp\/v2\/types\/post"}],"author":[{"embeddable":true,"href":"https:\/\/swiat24.pl.ua\/index.php?rest_route=\/wp\/v2\/users\/1"}],"replies":[{"embeddable":true,"href":"https:\/\/swiat24.pl.ua\/index.php?rest_route=%2Fwp%2Fv2%2Fcomments&post=17842"}],"version-history":[{"count":1,"href":"https:\/\/swiat24.pl.ua\/index.php?rest_route=\/wp\/v2\/posts\/17842\/revisions"}],"predecessor-version":[{"id":17844,"href":"https:\/\/swiat24.pl.ua\/index.php?rest_route=\/wp\/v2\/posts\/17842\/revisions\/17844"}],"wp:featuredmedia":[{"embeddable":true,"href":"https:\/\/swiat24.pl.ua\/index.php?rest_route=\/wp\/v2\/media\/17843"}],"wp:attachment":[{"href":"https:\/\/swiat24.pl.ua\/index.php?rest_route=%2Fwp%2Fv2%2Fmedia&parent=17842"}],"wp:term":[{"taxonomy":"category","embeddable":true,"href":"https:\/\/swiat24.pl.ua\/index.php?rest_route=%2Fwp%2Fv2%2Fcategories&post=17842"},{"taxonomy":"post_tag","embeddable":true,"href":"https:\/\/swiat24.pl.ua\/index.php?rest_route=%2Fwp%2Fv2%2Ftags&post=17842"}],"curies":[{"name":"wp","href":"https:\/\/api.w.org\/{rel}","templated":true}]}}