{"id":17836,"date":"2025-11-19T11:40:57","date_gmt":"2025-11-19T11:40:57","guid":{"rendered":"https:\/\/swiat24.pl.ua\/?p=17836"},"modified":"2025-11-19T11:40:57","modified_gmt":"2025-11-19T11:40:57","slug":"ziobro-spedzi-boze-narodzenie-w-areszcie-sam-sobie-winny","status":"publish","type":"post","link":"https:\/\/swiat24.pl.ua\/?p=17836","title":{"rendered":"Ziobro sp\u0119dzi Bo\u017ce Narodzenie w areszcie? &#8220;Sam sobie winny&#8221;"},"content":{"rendered":"\n<p>By\u0142y minister sprawiedliwo\u015bci i prokurator generalny Zbigniew Ziobro stoi dzi\u015b w obliczu najpowa\u017cniejszych zarzut\u00f3w w swojej politycznej karierze. <\/p>\n\n\n\n<p><\/p>\n\n\n\n<p>Prokuratura Krajowa chce nie tylko postawi\u0107 mu a\u017c 26 zarzut\u00f3w, ale tak\u017ce aresztowa\u0107 go na trzy miesi\u0105ce. Sprawa dotyczy przede wszystkim g\u0142o\u015bnej afery wok\u00f3\u0142 Funduszu Sprawiedliwo\u015bci. Poniewa\u017c 22 grudnia odb\u0119dzie si\u0119 posiedzenie aresztowe w jego sprawie, mo\u017cliwe, \u017ce sp\u0119dzi \u015bwi\u0119ta w areszcie.<\/p>\n\n\n\n<p>Czarny scenariusz dla Ziobry<br>Prokuratura wnioskowa\u0142a o tymczasowy areszt dla Zbigniewa Ziobry. Je\u015bli s\u0105d przychyli si\u0119 do wniosku \u015bledczych, by\u0142y minister mo\u017ce sp\u0119dzi\u0107 \u015bwi\u0119ta za kratami. To by\u0142by bezprecedensowy ruch \u2013 by\u0142y szef resortu sprawiedliwo\u015bci, architekt &#8220;dobrej zmiany&#8221; w s\u0105dach, sam m\u00f3g\u0142by trafi\u0107 do celi jako podejrzany.<\/p>\n\n\n\n<p>Z oficjalnych komunikat\u00f3w i ujawnionych fragment\u00f3w wniosku wynika, \u017ce chodzi o 26 przest\u0119pstw, w tym:<\/p>\n\n\n\n<p>za\u0142o\u017cenie i kierowanie zorganizowan\u0105 grup\u0105 przest\u0119pcz\u0105,<br>nadu\u017cycie w\u0142adzy i przekroczenie uprawnie\u0144 jako ministra sprawiedliwo\u015bci i prokuratora generalnego,<br>niegospodarno\u015b\u0107 i sprzeniewierzenie publicznych pieni\u0119dzy z Funduszu Sprawiedliwo\u015bci,<br>dzia\u0142ania na szkod\u0119 interesu publicznego i prywatnego,<br>mo\u017cliwe przyw\u0142aszczenie ponad 150 mln z\u0142 \u015brodk\u00f3w z Funduszu Sprawiedliwo\u015bci \u2013 tak wynika z wypowiedzi przedstawicieli prokuratury.\u00a0<br>\u015aledczy twierdz\u0105, \u017ce pieni\u0105dze z funduszu, kt\u00f3ry mia\u0142 pomaga\u0107 ofiarom przest\u0119pstw, trafia\u0142y do &#8220;swoich&#8221; \u2013 do organizacji i podmiot\u00f3w powi\u0105zanych politycznie, cz\u0119sto z pomini\u0119ciem zasad uczciwego konkursu.<br><\/p>\n\n\n\n<figure class=\"wp-block-image size-full\"><img loading=\"lazy\" decoding=\"async\" width=\"906\" height=\"504\" src=\"https:\/\/swiat24.pl.ua\/wp-content\/uploads\/2025\/11\/image-10.png\" alt=\"\" class=\"wp-image-17837\" srcset=\"https:\/\/swiat24.pl.ua\/wp-content\/uploads\/2025\/11\/image-10.png 906w, https:\/\/swiat24.pl.ua\/wp-content\/uploads\/2025\/11\/image-10-300x167.png 300w, https:\/\/swiat24.pl.ua\/wp-content\/uploads\/2025\/11\/image-10-768x427.png 768w\" sizes=\"auto, (max-width: 906px) 100vw, 906px\" \/><\/figure>\n\n\n\n<p>Dlaczego prokuratura domaga si\u0119 aresztu dla Ziobry?<br>W komunikatach podkre\u015blono, \u017ce katalog zarzut\u00f3w jest tak powa\u017cny, \u017ce w gr\u0119 wchodz\u0105 bardzo surowe kary \u2013 w skrajnym wariancie nawet do 25 lat pozbawienia wolno\u015bci.&nbsp;<\/p>\n\n\n\n<p>Dlaczego \u015bledczy chc\u0105 aresztu, a nie &#8220;tylko&#8221; zarzut\u00f3w? Prokuratura wskazuje na:<\/p>\n\n\n\n<p>ryzyko ucieczki lub ukrywania si\u0119,<br>obaw\u0119 matactwa, czyli wp\u0142ywania na \u015bwiadk\u00f3w i wsp\u00f3\u0142pracownik\u00f3w,<br>mo\u017cliwo\u015b\u0107 niszczenia dokument\u00f3w i innych dowod\u00f3w,<br>wysokie prawdopodobie\u0144stwo orzeczenia surowej kary.<br>Dodatkowo, jak wynika z doniesie\u0144 medi\u00f3w, Ziobro &nbsp;przebywa za granic\u0105 i proponowa\u0142, by przes\u0142ucha\u0107 go np. na W\u0119grzech lub w Belgii, co prokuratura odbiera jako utrudnianie post\u0119powania.<\/p>\n\n\n\n<p>Ziobro b\u0119dzie sam sobie winny, bo robi wszystko, aby s\u0105d zdecydowa\u0142 o areszcie \u2013 m\u00f3wi w rozmowie z \u201cSuper Expressem\u201d pose\u0142 Lewicy Tomasz Trela.<\/p>\n\n\n\n<p>By\u0142y minister odpiera zarzuty i twierdzi, \u017ce jest ofiar\u0105 politycznej zemsty. W swoich wyst\u0105pieniach i o\u015bwiadczeniach m\u00f3wi o \u201epolowaniu na opozycj\u0119\u201d, a samo \u015bledztwo nazywa &#8220;politycznym spektaklem&#8221;<br><\/p>\n\n\n\n<p>Czy Ziobro naprawd\u0119 trafi do aresztu?<br>Na dzi\u015b sytuacja wygl\u0105da tak:&nbsp;<\/p>\n\n\n\n<p>jest wniosek o areszt i 26 zarzut\u00f3w zwi\u0105zanych z Funduszem Sprawiedliwo\u015bci,<br>Sejm uchyli\u0142 immunitet,<br>prokuratura wyda\u0142a postanowienie o przymusowym doprowadzeniu i chce osadzi\u0107 Ziobr\u0119 w areszcie,<br>s\u0105d ma ograniczony czas na decyzj\u0119 \u2013 je\u015bli uzna argumenty \u015bledczych za przekonuj\u0105ce, Ziobro mo\u017ce trafi\u0107 za kratki jeszcze w tym roku.<br>Czy rzeczywi\u015bcie zobaczymy by\u0142ego ministra sprawiedliwo\u015bci w roli aresztanta \u2013 poka\u017c\u0105 najbli\u017csze dni. Jedno jest pewne: afera Funduszu Sprawiedliwo\u015bci sta\u0142a si\u0119 najwi\u0119kszym polityczno-prawnym trz\u0119sieniem ziemi od lat, a nazwisko Ziobry ju\u017c na zawsze b\u0119dzie z ni\u0105 kojarzone \u2013 niezale\u017cnie od ko\u0144cowego wyroku s\u0105du.<br><\/p>\n","protected":false},"excerpt":{"rendered":"By\u0142y minister sprawiedliwo\u015bci i prokurator generalny Zbigniew Ziobro stoi dzi\u015b w obliczu najpowa\u017cniejszych zarzut\u00f3w w swojej politycznej karierze. Prokuratura Krajowa chce nie tylko \n<a class=\"moretag\" href=\"https:\/\/swiat24.pl.ua\/?p=17836\"> [...]<\/a>","protected":false},"author":1,"featured_media":17838,"comment_status":"open","ping_status":"open","sticky":false,"template":"","format":"standard","meta":{"footnotes":""},"categories":[1],"tags":[],"class_list":["post-17836","post","type-post","status-publish","format-standard","has-post-thumbnail","hentry","category-blog"],"_links":{"self":[{"href":"https:\/\/swiat24.pl.ua\/index.php?rest_route=\/wp\/v2\/posts\/17836","targetHints":{"allow":["GET"]}}],"collection":[{"href":"https:\/\/swiat24.pl.ua\/index.php?rest_route=\/wp\/v2\/posts"}],"about":[{"href":"https:\/\/swiat24.pl.ua\/index.php?rest_route=\/wp\/v2\/types\/post"}],"author":[{"embeddable":true,"href":"https:\/\/swiat24.pl.ua\/index.php?rest_route=\/wp\/v2\/users\/1"}],"replies":[{"embeddable":true,"href":"https:\/\/swiat24.pl.ua\/index.php?rest_route=%2Fwp%2Fv2%2Fcomments&post=17836"}],"version-history":[{"count":1,"href":"https:\/\/swiat24.pl.ua\/index.php?rest_route=\/wp\/v2\/posts\/17836\/revisions"}],"predecessor-version":[{"id":17839,"href":"https:\/\/swiat24.pl.ua\/index.php?rest_route=\/wp\/v2\/posts\/17836\/revisions\/17839"}],"wp:featuredmedia":[{"embeddable":true,"href":"https:\/\/swiat24.pl.ua\/index.php?rest_route=\/wp\/v2\/media\/17838"}],"wp:attachment":[{"href":"https:\/\/swiat24.pl.ua\/index.php?rest_route=%2Fwp%2Fv2%2Fmedia&parent=17836"}],"wp:term":[{"taxonomy":"category","embeddable":true,"href":"https:\/\/swiat24.pl.ua\/index.php?rest_route=%2Fwp%2Fv2%2Fcategories&post=17836"},{"taxonomy":"post_tag","embeddable":true,"href":"https:\/\/swiat24.pl.ua\/index.php?rest_route=%2Fwp%2Fv2%2Ftags&post=17836"}],"curies":[{"name":"wp","href":"https:\/\/api.w.org\/{rel}","templated":true}]}}