{"id":17817,"date":"2025-11-18T18:38:54","date_gmt":"2025-11-18T18:38:54","guid":{"rendered":"https:\/\/swiat24.pl.ua\/?p=17817"},"modified":"2025-11-18T18:38:54","modified_gmt":"2025-11-18T18:38:54","slug":"nasze-mysli-i-modlitwy-kierujemy-w-strone-sandry-bullock-i-jej-rodziny-w-zwiazku-z-ich-tragiczna-strata-2","status":"publish","type":"post","link":"https:\/\/swiat24.pl.ua\/?p=17817","title":{"rendered":"Nasze my\u015bli i modlitwy kierujemy w stron\u0119 Sandry Bullock i jej rodziny w zwi\u0105zku z ich tragiczn\u0105 strat\u0105"},"content":{"rendered":"\n<p>Sandra nie pojawia\u0142a si\u0119 publicznie od sierpnia 2023 r., kiedy jej wieloletni partner zmar\u0142 na SLA. Jednak powoli wraca do bran\u017cy rozrywkowej i na scen\u0119 randkow\u0105.<\/p>\n\n\n\n<p>Wed\u0142ug ostatnich doniesie\u0144, Sandr\u0119 Bullock ostatni raz widziano, jak za\u0142atwia\u0142a sprawunki 12 lipca, zaledwie kilka tygodni przed jej wielkimi urodzinami.<\/p>\n\n\n\n<p>Mia\u0142a na sobie wy\u0142\u0105cznie bia\u0142e ubrania i u\u015bmiecha\u0142a si\u0119 do fotograf\u00f3w, wychodz\u0105c z gabinetu dermatologa w Beverly Hills.<\/p>\n\n\n\n<p>Wed\u0142ug \u017ar\u00f3d\u0142a Us Weekly Sandra powoli wraca do \u017cycia publicznego.<\/p>\n\n\n\n<p>\u201eJest podekscytowana tym, co j\u0105 czeka\u201d. \u201eJest gotowa do ponownej gry\u201d.<\/p>\n\n\n\n<p>M\u00f3wi si\u0119, \u017ce gwiazda, kt\u00f3ra 26 lipca sko\u0144czy\u0142a 60 lat, sp\u0119dzi\u0142a troch\u0119 czasu rozmy\u015blaj\u0105c nad tym, co zrobi\u0142a.<\/p>\n\n\n\n<p>Sandra zagra\u0142a w ponad 50 filmach, w tym w thrillerze akcji Speed \u200b\u200b(1994), kt\u00f3ry by\u0142 dla niej prze\u0142omem, a tak\u017ce w Miss Agent, The Blind Side i The Proposal.<\/p>\n\n\n\n<figure class=\"wp-block-image\"><img decoding=\"async\" src=\"http:\/\/lajmetlive.com\/wp-content\/uploads\/2025\/05\/4-11-199x300.webp\" alt=\"\" class=\"wp-image-1713\"\/><\/figure>\n\n\n\n<p>W 2005 roku otrzyma\u0142a gwiazd\u0119 w Alei S\u0142aw w Hollywood. W 2014 roku magazyn Forbes uzna\u0142 j\u0105 za drug\u0105 najpot\u0119\u017cniejsz\u0105 aktork\u0119 na \u015bwiecie, a magazyn Time 100 zaliczy\u0142 j\u0105 do grona najwa\u017cniejszych os\u00f3b na \u015bwiecie.<\/p>\n\n\n\n<p>Fani Sandry byli wi\u0119c zszokowani, gdy dowiedzieli si\u0119, \u017ce dwa lata temu gwiazda zniknie ze sceny.<\/p>\n\n\n\n<p>Gwiazda powiedzia\u0142a w marcu 2022 r., \u017ce po premierze jej nowej komedii romantycznej \u201eThe Lost City\u201d zrobi sobie przerw\u0119 od bran\u017cy rozrywkowej.<\/p>\n\n\n\n<p>\u201ePotrafi\u0119 by\u0107 kreatywna, mog\u0119 by\u0107 cz\u0119\u015bci\u0105 spo\u0142eczno\u015bci, ale teraz musz\u0119 zrobi\u0107 sobie przerw\u0119 w pracy przed kamer\u0105\u201d \u2013 powiedzia\u0142a w wywiadzie dla CBS.<\/p>\n\n\n\n<p>Zapytana, jak d\u0142ugo b\u0119dzie poza Hollywood, Sandra odpowiedzia\u0142a: \u201eNie wiem\u201d.<\/p>\n\n\n\n<p>\u201eNie wiem\u2026 dop\u00f3ki nie poczuj\u0119 si\u0119 tak, jak czuj\u0119 si\u0119 teraz, stoj\u0105c przed kamer\u0105\u201d \u2013 powiedzia\u0142a.<\/p>\n\n\n\n<p>Od tamtej pory jedyn\u0105 rol\u0105 Sandry by\u0142 kr\u00f3tki, ale pami\u0119tny wyst\u0119p w komedii akcji Bullet Train z 2022 roku, u boku Brada Pitta, kt\u00f3ry gra\u0142 jej koleg\u0119 z planu filmu Lost City.<\/p>\n\n\n\n<p>Sp\u0119dza\u0142a wi\u0119cej czasu w domu z synem Louisem i c\u00f3rk\u0105 Layl\u0105, a tak\u017ce po\u015bwi\u0119ca\u0142a ca\u0142\u0105 swoj\u0105 uwag\u0119 swojemu partnerowi, fotografowi Bryanowi Randallowi, z kt\u00f3rym by\u0142a zwi\u0105zana przez osiem lat, u kt\u00f3rego w 2020 roku zdiagnozowano SLA.<\/p>\n\n\n\n<p>Sandra, kt\u00f3ra w 2021 roku w jednym z odcink\u00f3w programu Red Table Talk nazwa\u0142a Bryana \u201emi\u0142o\u015bci\u0105 swojego \u017cycia\u201d, by\u0142a przy swoim zmar\u0142ym ch\u0142opaku, gdy ten w samotno\u015bci zmaga\u0142 si\u0119 z chorob\u0105.<\/p>\n\n\n\n<p>SLA to \u015bmiertelna choroba neuron\u00f3w ruchowych, kt\u00f3ra z czasem niszczy kom\u00f3rki nerwowe w m\u00f3zgu i rdzeniu kr\u0119gowym. Nie ma na ni\u0105 lekarstwa.<\/p>\n\n\n\n<p>Bryan zmar\u0142 6 sierpnia 2023 roku, po trzech latach choroby.<\/p>\n","protected":false},"excerpt":{"rendered":"Sandra nie pojawia\u0142a si\u0119 publicznie od sierpnia 2023 r., kiedy jej wieloletni partner zmar\u0142 na SLA. Jednak powoli wraca do bran\u017cy rozrywkowej i \n<a class=\"moretag\" href=\"https:\/\/swiat24.pl.ua\/?p=17817\"> [...]<\/a>","protected":false},"author":1,"featured_media":17818,"comment_status":"open","ping_status":"open","sticky":false,"template":"","format":"standard","meta":{"footnotes":""},"categories":[1],"tags":[],"class_list":["post-17817","post","type-post","status-publish","format-standard","has-post-thumbnail","hentry","category-blog"],"_links":{"self":[{"href":"https:\/\/swiat24.pl.ua\/index.php?rest_route=\/wp\/v2\/posts\/17817","targetHints":{"allow":["GET"]}}],"collection":[{"href":"https:\/\/swiat24.pl.ua\/index.php?rest_route=\/wp\/v2\/posts"}],"about":[{"href":"https:\/\/swiat24.pl.ua\/index.php?rest_route=\/wp\/v2\/types\/post"}],"author":[{"embeddable":true,"href":"https:\/\/swiat24.pl.ua\/index.php?rest_route=\/wp\/v2\/users\/1"}],"replies":[{"embeddable":true,"href":"https:\/\/swiat24.pl.ua\/index.php?rest_route=%2Fwp%2Fv2%2Fcomments&post=17817"}],"version-history":[{"count":1,"href":"https:\/\/swiat24.pl.ua\/index.php?rest_route=\/wp\/v2\/posts\/17817\/revisions"}],"predecessor-version":[{"id":17819,"href":"https:\/\/swiat24.pl.ua\/index.php?rest_route=\/wp\/v2\/posts\/17817\/revisions\/17819"}],"wp:featuredmedia":[{"embeddable":true,"href":"https:\/\/swiat24.pl.ua\/index.php?rest_route=\/wp\/v2\/media\/17818"}],"wp:attachment":[{"href":"https:\/\/swiat24.pl.ua\/index.php?rest_route=%2Fwp%2Fv2%2Fmedia&parent=17817"}],"wp:term":[{"taxonomy":"category","embeddable":true,"href":"https:\/\/swiat24.pl.ua\/index.php?rest_route=%2Fwp%2Fv2%2Fcategories&post=17817"},{"taxonomy":"post_tag","embeddable":true,"href":"https:\/\/swiat24.pl.ua\/index.php?rest_route=%2Fwp%2Fv2%2Ftags&post=17817"}],"curies":[{"name":"wp","href":"https:\/\/api.w.org\/{rel}","templated":true}]}}