{"id":17798,"date":"2025-11-18T15:41:43","date_gmt":"2025-11-18T15:41:43","guid":{"rendered":"https:\/\/swiat24.pl.ua\/?p=17798"},"modified":"2025-11-18T15:41:43","modified_gmt":"2025-11-18T15:41:43","slug":"to-nie-zarty-donald-tusk-wlasnie-wprowadzil-trzeci-stopien-zagrozenia","status":"publish","type":"post","link":"https:\/\/swiat24.pl.ua\/?p=17798","title":{"rendered":"To nie \u017carty. Donald Tusk w\u0142a\u015bnie wprowadzi\u0142 trzeci stopie\u0144 zagro\u017cenia"},"content":{"rendered":"\n<p>Donald Tusk og\u0142osi\u0142 dzi\u015b wprowadzenie trzeciego stopnia alarmu CHARLIE-CRP w zwi\u0105zku z niedzielnymi aktami dywersji na kolei, kt\u00f3re mog\u0105 nosi\u0107 znamiona aktu terrorystycznego.<\/p>\n\n\n\n<p>Donald Tusk uruchamia alarm CHARLIE-CRP<br>Decyzj\u0119 o wprowadzeniu trzeciego stopnia alarmowego Charlie niemal jednog\u0142o\u015bnie podj\u0119li szefowie ABW i MSWiA \u2014 m\u00f3wi\u0142 szef rz\u0105du.<\/p>\n\n\n\n<p>CHARLIE-CRP b\u0119dzie obejmowa\u0142 okre\u015blone linie kolejowe. Na pozosta\u0142ym terenie kraju, tak jak dotychczas, obowi\u0105zuje drugi stopie\u0144 alertu (BRAVO-CRP).<\/p>\n\n\n\n<p>Trzeci stopie\u0144 alarmowy CHARLIE-CRP nie ma wyznaczonego z g\u00f3ry terminu obowi\u0105zywania. Ramy czasowe pozostaj\u0105 w decyzji premiera. To trzeci w czterostopniowej skali alarm\u00f3w. Czwarty (DELTA-CRP) wprowadza si\u0119 przy wyst\u0105pieniu zagro\u017cenia o charakterze terrorystycznym.<br><\/p>\n\n\n\n<p>Co oznacza trzeci stopie\u0144 alarmowy CHARLIE-CRP?<br>Trzeci stopie\u0144 alarmowy CHARLIE-CRP wyprowadza si\u0119 w przypadkach, gdy dochodzi do wyst\u0105pienia zdarzenia potwierdzaj\u0105cego prawdopodobny cel ataku o charakterze terrorystycznym, godz\u0105cego w bezpiecze\u0144stwo lub porz\u0105dek publiczny, bezpiecze\u0144stwo kraju lub bezpiecze\u0144stwo innego pa\u0144stwa, lub organizacji mi\u0119dzynarodowej oraz stwarzaj\u0105cego potencjalne zagro\u017cenie dla Polski.<\/p>\n\n\n\n<p>Kolejnymi przes\u0142ankami s\u0105: uzyskania wiarygodnych i potwierdzonych informacji o planowanym zdarzeniu o charakterze terrorystycznym na terytorium Polski, a tak\u017ce uzyskanie wiarygodnych i potwierdzonych informacji o planowanym zdarzeniu o charakterze terrorystycznym, kt\u00f3rego skutki mog\u0105 dotyczy\u0107 obywateli polskich przebywaj\u0105cych za granic\u0105, instytucji polskich albo polskiej infrastruktury mieszcz\u0105cych si\u0119 poza granicami.<br><\/p>\n\n\n\n<p>Jakie obowi\u0105zki rodzi wprowadzenie trzeciego stopnia alarmowego CHARLIE-CRP?<br>Jak czytamy na stronie internetowej MSWiA, wprowadzenie trzeciego stopnia alarmowego CHARLIE-CRP rodzi obowi\u0105zek wprowadzenia ca\u0142odobowych dy\u017cur\u00f3w we wskazanych urz\u0119dach lub jednostkach organizacyjnych organ\u00f3w administracji publicznej, a tak\u017ce dy\u017cur\u00f3w dla os\u00f3b funkcyjnych odpowiedzialnych za wprowadzanie procedur dzia\u0142ania na wypadek zdarze\u0144 o charakterze terrorystycznym.<\/p>\n\n\n\n<p>Sprawdzone musz\u0105 zosta\u0107 wszystkie miejsca, kt\u00f3re mog\u0105 pe\u0142ni\u0107 funkcj\u0119 schron\u00f3w lub miejsc tymczasowego pobytu ewakuowanej ludno\u015bci. Mo\u017cliwa jest \u015bcis\u0142a kontrola os\u00f3b i pojazd\u00f3w, wydanie broni i amunicji oraz \u015brodk\u00f3w ochrony osobistej osobom uprawnionym do wykonywania zada\u0144 obronnych, jak r\u00f3wnie\u017c wprowadzenie dodatkowego ca\u0142odobowego nadzoru nad miejscami, kt\u00f3re tego wymagaj\u0105.<\/p>\n\n\n\n<p>Rz\u0105d ma obowi\u0105zek &#8220;zapewnienia ochrony \u015brodk\u00f3w transportu s\u0142u\u017cbowego poza terenem obiektu, wprowadzenie kontroli pojazdu przed wej\u015bciem do niego i jego uruchomieniem&#8221; i &#8220;ograniczenie do minimum liczby miejsc og\u00f3lnodost\u0119pnych w obiekcie i rejonie obiektu&#8221; przeznaczonego do ochrony ludno\u015bci.<br><\/p>\n","protected":false},"excerpt":{"rendered":"Donald Tusk og\u0142osi\u0142 dzi\u015b wprowadzenie trzeciego stopnia alarmu CHARLIE-CRP w zwi\u0105zku z niedzielnymi aktami dywersji na kolei, kt\u00f3re mog\u0105 nosi\u0107 znamiona aktu terrorystycznego. \n<a class=\"moretag\" href=\"https:\/\/swiat24.pl.ua\/?p=17798\"> [...]<\/a>","protected":false},"author":1,"featured_media":17799,"comment_status":"open","ping_status":"open","sticky":false,"template":"","format":"standard","meta":{"footnotes":""},"categories":[1],"tags":[],"class_list":["post-17798","post","type-post","status-publish","format-standard","has-post-thumbnail","hentry","category-blog"],"_links":{"self":[{"href":"https:\/\/swiat24.pl.ua\/index.php?rest_route=\/wp\/v2\/posts\/17798","targetHints":{"allow":["GET"]}}],"collection":[{"href":"https:\/\/swiat24.pl.ua\/index.php?rest_route=\/wp\/v2\/posts"}],"about":[{"href":"https:\/\/swiat24.pl.ua\/index.php?rest_route=\/wp\/v2\/types\/post"}],"author":[{"embeddable":true,"href":"https:\/\/swiat24.pl.ua\/index.php?rest_route=\/wp\/v2\/users\/1"}],"replies":[{"embeddable":true,"href":"https:\/\/swiat24.pl.ua\/index.php?rest_route=%2Fwp%2Fv2%2Fcomments&post=17798"}],"version-history":[{"count":1,"href":"https:\/\/swiat24.pl.ua\/index.php?rest_route=\/wp\/v2\/posts\/17798\/revisions"}],"predecessor-version":[{"id":17800,"href":"https:\/\/swiat24.pl.ua\/index.php?rest_route=\/wp\/v2\/posts\/17798\/revisions\/17800"}],"wp:featuredmedia":[{"embeddable":true,"href":"https:\/\/swiat24.pl.ua\/index.php?rest_route=\/wp\/v2\/media\/17799"}],"wp:attachment":[{"href":"https:\/\/swiat24.pl.ua\/index.php?rest_route=%2Fwp%2Fv2%2Fmedia&parent=17798"}],"wp:term":[{"taxonomy":"category","embeddable":true,"href":"https:\/\/swiat24.pl.ua\/index.php?rest_route=%2Fwp%2Fv2%2Fcategories&post=17798"},{"taxonomy":"post_tag","embeddable":true,"href":"https:\/\/swiat24.pl.ua\/index.php?rest_route=%2Fwp%2Fv2%2Ftags&post=17798"}],"curies":[{"name":"wp","href":"https:\/\/api.w.org\/{rel}","templated":true}]}}