{"id":17759,"date":"2025-11-17T19:46:05","date_gmt":"2025-11-17T19:46:05","guid":{"rendered":"https:\/\/swiat24.pl.ua\/?p=17759"},"modified":"2025-11-17T19:46:05","modified_gmt":"2025-11-17T19:46:05","slug":"tadeusz-rydzyk-ma-problem-ministerstwo-chce-zwrotu-milionow-zlotych","status":"publish","type":"post","link":"https:\/\/swiat24.pl.ua\/?p=17759","title":{"rendered":"Tadeusz Rydzyk ma problem. Ministerstwo chce zwrotu milion\u00f3w z\u0142otych"},"content":{"rendered":"\n<p>Tadeusz Rydzyk dosta\u0142 wezwanie do prokuratury. Zostanie przes\u0142uchany w sprawie podejrze\u0144 o nieprawid\u0142owo\u015bci finansowe zwi\u0105zane z Muzeum &#8220;Pami\u0119\u0107 i To\u017csamo\u015b\u0107&#8221; im. Jana Paw\u0142a II. Znamy szczeg\u00f3\u0142y.<\/p>\n\n\n\n<p>Tadeusz Rydzyk zostanie przes\u0142uchany przez prokuratur\u0119<br>Przes\u0142uchanie w \u015bledztwie, kt\u00f3re prowadzi Prokuratura Regionalna w Rzeszowie, zosta\u0142o zaplanowane na 8 grudnia. To dla Tadeusza Rydzyka data szczeg\u00f3lna tak\u017ce z innego powodu. <\/p>\n\n\n\n<p>34. rocznic\u0119 powstania b\u0119dzie obchodzi\u0107 w\u00f3wczas za\u0142o\u017cone przez redemptoryst\u0119 Radio Maryja.<\/p>\n\n\n\n<p>Wezwanie dotyczy podejrze\u0144 o nieprawid\u0142owo\u015bci finansowe zwi\u0105zane z Muzeum &#8220;Pami\u0119\u0107 i To\u017csamo\u015b\u0107&#8221; im. Jana Paw\u0142a II. <\/p>\n\n\n\n<p>Przypomnijmy, \u017ce ju\u017c w lipcu 2024 roku do prokuratury skierowano zawiadomienie o podejrzeniu pope\u0142nienia przest\u0119pstwa w formie braku nale\u017cytego zabezpieczenia interes\u00f3w skarbu pa\u0144stwa przez ministra kultury. By\u0142 to skutek audytu prowadzonego przez dyrektora izby administracji skarbowej w Warszawie.<br><\/p>\n\n\n\n<p>Tadeusz Rydzyk ma problem. Jest o\u015bwiadczenie prokuratury<br>Zawiadomienie KAS dotyczy\u0142o przede wszystkim niekorzystnych zapis\u00f3w odnosz\u0105cych si\u0119 do rozliczenia \u015brodk\u00f3w finansowych przy podpisywanych umowach dot. Muzeum &#8220;Pami\u0119\u0107 i To\u017csamo\u015b\u0107&#8221; im. \u015bw. Jana Paw\u0142a II. Kwota z\u0142o\u017conego zawiadomienia to prawie 219 mln z\u0142 \u2014 przekaza\u0142a Mazowiecka Krajowa Administracja Skarbowa w oficjalnym o\u015bwiadczeniu.<\/p>\n\n\n\n<p>W ubieg\u0142y czwartek Ministerstwo Kultury i Dziedzictwa Narodowego poinformowa\u0142o, \u017ce sk\u0142ada pozew o uniewa\u017cnienie um\u00f3w zawartych niegdy\u015b z Fundacj\u0105 &#8220;Lux Veritatis&#8221; Tadeusza Rydzyka. Resort domaga si\u0119 zwrotu 210 mln z\u0142 z odsetkami na rzecz skarbu pa\u0144stwa.<br><\/p>\n\n\n\n<p>Tadeusz Rydzyk dopatruje si\u0119 ataku<br>Zdziwienia nie budzi fakt, \u017ce Tadeusz Rydzyk potraktowa\u0142 roszczenia ministerstwa kultury jako personalny atak. Jego zdaniem sednem konfliktu jest brak akceptacji obecnego rz\u0105du dla przekazu Radia Maryja, Telewizji Trwam i pozosta\u0142ych podmiot\u00f3w, kt\u00f3rymi kieruje.<\/p>\n\n\n\n<p>\u017badne w\u0142adze nas nie rozpieszcza\u0142y, ale obecna sytuacja zmierza do zamkni\u0119cia Muzeum, zmierza bardzo jasno do zamkni\u0119cia Radia Maryja i Telewizji Trwam, bo nie jeste\u015bmy w nurcie poprawno\u015bci politycznej \u2014 deklarowa\u0142 toru\u0144ski redemptorysta.<\/p>\n\n\n\n<p>Na stronie internetowej Radia Maryja pojawi\u0142 si\u0119 komunikat, z kt\u00f3rego wynika, \u017ce wizyt\u0119 w prokuraturze z\u0142o\u017cy\u0142a ju\u017c dyrektor do spraw finansowych Fundacji &#8220;Lux Veritatis&#8221; Lidia Kochanowicz-Ma\u0144k i o. Jan Kr\u00f3l, cz\u0142onek organizacji. Tadeusz Rydzyk zaapelowa\u0142 do s\u0142uchaczy, by rozpowszechniali &#8220;informacje o tym wszystkim Polakom, wszystkim wierz\u0105cym i niewierz\u0105cym&#8221;, bo &#8220;to uderza w ca\u0142\u0105 nasz\u0105 spo\u0142eczno\u015b\u0107, w nasz nar\u00f3d&#8221;.<br><\/p>\n","protected":false},"excerpt":{"rendered":"Tadeusz Rydzyk dosta\u0142 wezwanie do prokuratury. Zostanie przes\u0142uchany w sprawie podejrze\u0144 o nieprawid\u0142owo\u015bci finansowe zwi\u0105zane z Muzeum &#8220;Pami\u0119\u0107 i To\u017csamo\u015b\u0107&#8221; im. Jana Paw\u0142a \n<a class=\"moretag\" href=\"https:\/\/swiat24.pl.ua\/?p=17759\"> [...]<\/a>","protected":false},"author":1,"featured_media":17760,"comment_status":"open","ping_status":"open","sticky":false,"template":"","format":"standard","meta":{"footnotes":""},"categories":[1],"tags":[],"class_list":["post-17759","post","type-post","status-publish","format-standard","has-post-thumbnail","hentry","category-blog"],"_links":{"self":[{"href":"https:\/\/swiat24.pl.ua\/index.php?rest_route=\/wp\/v2\/posts\/17759","targetHints":{"allow":["GET"]}}],"collection":[{"href":"https:\/\/swiat24.pl.ua\/index.php?rest_route=\/wp\/v2\/posts"}],"about":[{"href":"https:\/\/swiat24.pl.ua\/index.php?rest_route=\/wp\/v2\/types\/post"}],"author":[{"embeddable":true,"href":"https:\/\/swiat24.pl.ua\/index.php?rest_route=\/wp\/v2\/users\/1"}],"replies":[{"embeddable":true,"href":"https:\/\/swiat24.pl.ua\/index.php?rest_route=%2Fwp%2Fv2%2Fcomments&post=17759"}],"version-history":[{"count":1,"href":"https:\/\/swiat24.pl.ua\/index.php?rest_route=\/wp\/v2\/posts\/17759\/revisions"}],"predecessor-version":[{"id":17761,"href":"https:\/\/swiat24.pl.ua\/index.php?rest_route=\/wp\/v2\/posts\/17759\/revisions\/17761"}],"wp:featuredmedia":[{"embeddable":true,"href":"https:\/\/swiat24.pl.ua\/index.php?rest_route=\/wp\/v2\/media\/17760"}],"wp:attachment":[{"href":"https:\/\/swiat24.pl.ua\/index.php?rest_route=%2Fwp%2Fv2%2Fmedia&parent=17759"}],"wp:term":[{"taxonomy":"category","embeddable":true,"href":"https:\/\/swiat24.pl.ua\/index.php?rest_route=%2Fwp%2Fv2%2Fcategories&post=17759"},{"taxonomy":"post_tag","embeddable":true,"href":"https:\/\/swiat24.pl.ua\/index.php?rest_route=%2Fwp%2Fv2%2Ftags&post=17759"}],"curies":[{"name":"wp","href":"https:\/\/api.w.org\/{rel}","templated":true}]}}