{"id":17736,"date":"2025-11-17T13:22:03","date_gmt":"2025-11-17T13:22:03","guid":{"rendered":"https:\/\/swiat24.pl.ua\/?p=17736"},"modified":"2025-11-17T13:22:03","modified_gmt":"2025-11-17T13:22:03","slug":"minister-sugeruje-tajne-narady-nawrockiego-z-kaczynskim-powiedzial-to-publicznie","status":"publish","type":"post","link":"https:\/\/swiat24.pl.ua\/?p=17736","title":{"rendered":"Minister sugeruje tajne narady Nawrockiego z Kaczy\u0144skim. Powiedzia\u0142 to publicznie"},"content":{"rendered":"\n<p>W polskiej polityce zn\u00f3w wrze, a atmosfera g\u0119stnieje od sugestii, insynuacji i ostrych komentarzy. <\/p>\n\n\n\n<p>Wicepremier Krzysztof Gawkowski w rozmowie z Radiem Zet przedstawi\u0142 zaskakuj\u0105ce twierdzenia dotycz\u0105ce rzekomych zakulisowych spotka\u0144 Jaros\u0142awa Kaczy\u0144skiego i prezydenta Karola Nawrockiego.<\/p>\n\n\n\n<p>Rzekome tajne spotkania Nawrockiego i Kaczy\u0144skiego<br>Wicepremier Krzysztof Gawkowski w rozmowie radiowej zaskoczy\u0142 s\u0142uchaczy, opisuj\u0105c, &nbsp;jak podkre\u015bli\u0142 &#8211; zas\u0142yszane informacje o sposobie kontakt\u00f3w pomi\u0119dzy Jaros\u0142awem Kaczy\u0144skim a prezydentem Karolem Nawrockim.<\/p>\n\n\n\n<p>S\u0142ysza\u0142em, \u017ce pan prezydent przyjmuje Jaros\u0142awa Kaczy\u0144skiego, z ty\u0142u sobie podje\u017cd\u017ca, \u017ceby nikt go nie widzia\u0142 &#8211; powiedzia\u0142.<\/p>\n\n\n\n<p>Wed\u0142ug Gawkowskiego takie wizyty \u201epo cichaczu\u201d nie s\u0142u\u017c\u0105 oficjalnym sprawom, lecz maj\u0105 dotyczy\u0107 \u201eustale\u0144 ponad g\u0142owami Polak\u00f3w\u201d. Sugestie te natychmiast wywo\u0142a\u0142y szerok\u0105 debat\u0119 dotycz\u0105c\u0105 przejrzysto\u015bci relacji mi\u0119dzy najwa\u017cniejszymi osobami w pa\u0144stwie.<br><\/p>\n\n\n\n<p>Powr\u00f3t dyskusji o reparacjach. Prezydent ma oczekiwa\u0107 dzia\u0142a\u0144 od rz\u0105du<br>Na polityczn\u0105 scen\u0119 ponownie wdar\u0142 si\u0119 tak\u017ce temat reparacji wojennych. Rzecznik prezydenta Rafa\u0142 Le\u015bkiewicz napisa\u0142 na platformie X:<\/p>\n\n\n\n<p>Prezydent RP Karol Nawrocki oczekuje od polskiego rz\u0105du, \u017ceby za\u017c\u0105da\u0142 zwrotu, w ostateczno\u015bci wykupi\u0142 wszystkie pami\u0105tki po Ofiarach zbrodni niemieckich na ziemiach polskich, a koszt tego przedsi\u0119wzi\u0119cia doliczy\u0142 do og\u00f3lnego rachunku reparacyjnego.<\/p>\n\n\n\n<p>Gawkowski twierdzi natomiast, \u017ce \u201es\u0142ysza\u0142 o reparacjach od pana Jaros\u0142awa Kaczy\u0144skiego, kt\u00f3ry jest, de facto, szefem prezydenta Nawrockiego\u201d. To stwierdzenie jeszcze bardziej rozgrza\u0142o polityczn\u0105 dyskusj\u0119 o tym, kto realnie wyznacza kierunki dzia\u0142a\u0144 g\u0142owy pa\u0144stwa.<br><\/p>\n\n\n\n<p>Ostre s\u0142owa Gawkowskiego<br>Wicepremier poszed\u0142 o krok dalej, sugeruj\u0105c zakulisowe ustalenia mi\u0119dzy liderem PiS a prezydentem. Jego zdaniem obaj politycy \u201edealuj\u0105 politycznie\u201d, a Nawrocki ma dzia\u0142a\u0107 pod wyra\u017anym wp\u0142ywem Kaczy\u0144skiego.<\/p>\n\n\n\n<p>Rozumiem, \u017ce Nawrocki chcia\u0142by wyj\u015b\u0107, ma bu\u0142aw\u0119, walczy troch\u0119 o to, pokazuje, \u017ce nie chce si\u0119 s\u0142ucha\u0107, ale wiadomo, kto tu rz\u0105dzi &#8211; m\u00f3wi\u0142.<\/p>\n\n\n\n<p>Te mocne s\u0142owa stawiaj\u0105 pytania o faktyczn\u0105 autonomi\u0119 prezydenta oraz o to, jak wygl\u0105da polityka prowadzona poza oficjalnymi kamerami.<br><\/p>\n","protected":false},"excerpt":{"rendered":"W polskiej polityce zn\u00f3w wrze, a atmosfera g\u0119stnieje od sugestii, insynuacji i ostrych komentarzy. Wicepremier Krzysztof Gawkowski w rozmowie z Radiem Zet przedstawi\u0142 \n<a class=\"moretag\" href=\"https:\/\/swiat24.pl.ua\/?p=17736\"> [...]<\/a>","protected":false},"author":1,"featured_media":17737,"comment_status":"open","ping_status":"open","sticky":false,"template":"","format":"standard","meta":{"footnotes":""},"categories":[1],"tags":[],"class_list":["post-17736","post","type-post","status-publish","format-standard","has-post-thumbnail","hentry","category-blog"],"_links":{"self":[{"href":"https:\/\/swiat24.pl.ua\/index.php?rest_route=\/wp\/v2\/posts\/17736","targetHints":{"allow":["GET"]}}],"collection":[{"href":"https:\/\/swiat24.pl.ua\/index.php?rest_route=\/wp\/v2\/posts"}],"about":[{"href":"https:\/\/swiat24.pl.ua\/index.php?rest_route=\/wp\/v2\/types\/post"}],"author":[{"embeddable":true,"href":"https:\/\/swiat24.pl.ua\/index.php?rest_route=\/wp\/v2\/users\/1"}],"replies":[{"embeddable":true,"href":"https:\/\/swiat24.pl.ua\/index.php?rest_route=%2Fwp%2Fv2%2Fcomments&post=17736"}],"version-history":[{"count":1,"href":"https:\/\/swiat24.pl.ua\/index.php?rest_route=\/wp\/v2\/posts\/17736\/revisions"}],"predecessor-version":[{"id":17738,"href":"https:\/\/swiat24.pl.ua\/index.php?rest_route=\/wp\/v2\/posts\/17736\/revisions\/17738"}],"wp:featuredmedia":[{"embeddable":true,"href":"https:\/\/swiat24.pl.ua\/index.php?rest_route=\/wp\/v2\/media\/17737"}],"wp:attachment":[{"href":"https:\/\/swiat24.pl.ua\/index.php?rest_route=%2Fwp%2Fv2%2Fmedia&parent=17736"}],"wp:term":[{"taxonomy":"category","embeddable":true,"href":"https:\/\/swiat24.pl.ua\/index.php?rest_route=%2Fwp%2Fv2%2Fcategories&post=17736"},{"taxonomy":"post_tag","embeddable":true,"href":"https:\/\/swiat24.pl.ua\/index.php?rest_route=%2Fwp%2Fv2%2Ftags&post=17736"}],"curies":[{"name":"wp","href":"https:\/\/api.w.org\/{rel}","templated":true}]}}