{"id":17691,"date":"2025-11-16T14:00:34","date_gmt":"2025-11-16T14:00:34","guid":{"rendered":"https:\/\/swiat24.pl.ua\/?p=17691"},"modified":"2025-11-16T14:00:34","modified_gmt":"2025-11-16T14:00:34","slug":"jednak-podpisze-karol-nawrocki-zadecydowal-zagraniczne-media-rozpisuja-sie-o-jego-decyzji","status":"publish","type":"post","link":"https:\/\/swiat24.pl.ua\/?p=17691","title":{"rendered":"Jednak podpisze. Karol Nawrocki zadecydowa\u0142, zagraniczne media rozpisuj\u0105 si\u0119 o jego decyzji"},"content":{"rendered":"\n<p>Prezydent Polski Karol Nawrocki poinformowa\u0142 14 listopada, \u017ce \u200b\u200bpodpisa\u0142 ustaw\u0119 o pomocy uchod\u017acom ukrai\u0144skim, kt\u00f3ra przed\u0142u\u017ca ich status prawny do marca 2026 roku. <\/p>\n\n\n\n<p>O jego decyzji masowo informuj\u0105 i dyskutuj\u0105 zagraniczne media. O polskim prezydencie ponownie wypowiedzia\u0142 si\u0119 tak\u017ce Donald Trump, okazuj\u0105c mu swoje poparcie.<\/p>\n\n\n\n<p>Karol Nawrocki podpisa\u0142 ustaw\u0119 o pomocy uchod\u017acom ukrai\u0144skim<br>Jak pisze ukrai\u0144ski portal Kyiv Independent, \u201ePolska sta\u0142a si\u0119 g\u0142\u00f3wnym celem dla ukrai\u0144skich uchod\u017ac\u00f3w po pe\u0142nej inwazji Rosji\u201d.<\/p>\n\n\n\n<p> Wed\u0142ug Wasyla Bodnara, ambasadora Ukrainy w Polsce, do lata 2025 roku w Polsce przebywa\u0142o oko\u0142o miliona ukrai\u0144skich uchod\u017ac\u00f3w.<\/p>\n\n\n\n<p>Po wybuchu wojny Polska umo\u017cliwi\u0142a \u015brodki wsparcia socjalnego dla Ukrai\u0144c\u00f3w, kt\u00f3re obejmowa\u0142y comiesi\u0119czn\u0105 pomoc finansow\u0105, dost\u0119p do opieki zdrowotnej i legalny pobyt.<br><\/p>\n\n\n\n<figure class=\"wp-block-image size-full\"><img loading=\"lazy\" decoding=\"async\" width=\"906\" height=\"592\" src=\"https:\/\/swiat24.pl.ua\/wp-content\/uploads\/2025\/11\/image-7.png\" alt=\"\" class=\"wp-image-17692\" srcset=\"https:\/\/swiat24.pl.ua\/wp-content\/uploads\/2025\/11\/image-7.png 906w, https:\/\/swiat24.pl.ua\/wp-content\/uploads\/2025\/11\/image-7-300x196.png 300w, https:\/\/swiat24.pl.ua\/wp-content\/uploads\/2025\/11\/image-7-768x502.png 768w\" sizes=\"auto, (max-width: 906px) 100vw, 906px\" \/><\/figure>\n\n\n\n<p>Prezydent zawetowa\u0142 wcze\u015bniej ustaw\u0119 o pomocy dla Ukrai\u0144c\u00f3w, powo\u0142uj\u0105c si\u0119 na, jak okre\u015bli\u0142, \u201enieproporcjonalnie wysoki poziom pomocy socjalnej\u201d udzielanej ukrai\u0144skim uchod\u017acom. W odpowiedzi polski rz\u0105d przygotowa\u0142 kolejny projekt nowej ustawy, kt\u00f3ra zosta\u0142a zatwierdzona w parlamencie 17 wrze\u015bnia.<\/p>\n\n\n\n<p>Karol Nawrocki podkre\u015bla\u0142 jednak, \u017ce nie podpisze ju\u017c kolejnej ustawy o pomocy Ukrai\u0144com, dop\u00f3ki nie zostanie znalezione \u201enowe rozwi\u0105zanie\u201d. Prezydent argumentowa\u0142, \u017ce obecne przepisy s\u0105 \u201eniesprawiedliwe wobec Polak\u00f3w\u201d, bo r\u00f3wnaj\u0105 obywateli innych pa\u0144stw z Polakami.<\/p>\n\n\n\n<p>Po trzech latach wojny mniejszo\u015b\u0107 ukrai\u0144ska w Polsce powinna by\u0107 traktowana odpowiedzialnie, ale na takich samych zasadach jak inne mniejszo\u015bci narodowe. (\u2026) Ustawa zosta\u0142a uchwalona, \u200b\u200bponiewa\u017c nie chcia\u0142em zwi\u0119ksza\u0107 chaosu. Oczekuj\u0119 jednak, \u017ce przysz\u0142e decyzje b\u0119d\u0105 realistyczne i sprawiedliwe \u2013 podkre\u015bla\u0142 Nawrocki.<\/p>\n\n\n\n<p>Zdaniem pos\u0142a Borysa Budki, Karol Nawrocki narusza tr\u00f3jpodzia\u0142 w\u0142adzy.<\/p>\n\n\n\n<p>On (Karol Nawrocki &#8211; przyp. red.) w og\u00f3le chce zmieni\u0107, nie maj\u0105c do tego prawa ustr\u00f3j w Polsce na prezydencki, on m\u00f3wi o tym otwarcie, \u017ce jemu by si\u0119 system prezydencki podoba\u0142. &#8211; oceni\u0142 Borys Budka w rozmowie z Go\u0144cem.<\/p>\n\n\n\n<p>Decyzj\u0119 Nawrockiego masowo komentuj\u0105 zagraniczne media, w tym ameryka\u0144ski ABC News, w kt\u00f3rym podano m.in., \u017ce polski prezydent \u201eskin\u0105\u0142 g\u0142ow\u0105 w stron\u0119 skrajnej prawicy\u201d.<br><\/p>\n\n\n\n<p>Dzia\u0142ania Nawrockiego elektryzuj\u0105 zagraniczne media<br>Dzia\u0142ania Karola Nawrockiego regularnie komentuj\u0105 zagraniczne media. Podpisanie ustawy o pomocy uchod\u017acom ukrai\u0144skim to niejedyna decyzja, kt\u00f3ra rozgrzewa takie dyskusje. Jak ocenia ABC News w podsumowaniu 100 dni rz\u0105d\u00f3w polskiego prezydenta, w pierwszym miesi\u0105cu urz\u0119dowania Nawrocki zawetowa\u0142 siedem projekt\u00f3w ustaw popieranych przez rz\u0105d Tuska, \u201eszybko wykorzystuj\u0105c jedno ze swoich uprawnie\u0144 przeciwko politycznemu rywalowi\u201d:<\/p>\n\n\n\n<p>Wyniki wybor\u00f3w wskazuj\u0105, \u017ce koalicja Prawa i Sprawiedliwo\u015bci oraz skrajnej prawicy wygra wybory powszechne za dwa lata, a r\u00f3wnowaga si\u0142 na prawicy przesuwa si\u0119 na korzy\u015b\u0107 partii bardziej radykalnych. &#8211; podaje ABC News.<\/p>\n\n\n\n<p>O Karolu Nawrockim po raz kolejny pochlebnie wypowiada si\u0119 r\u00f3wnie\u017c Donald Trump. \u201dPolska jest wspania\u0142a, a cz\u0142owiek, kt\u00f3ry wygra\u0142 wybory prezydenckie, jest fantastyczny\u201d. &#8211; wylicza\u0142 prezydent Ameryki.<br><\/p>\n\n\n\n<p>Donald Trump zachwycony prezydentem Nawrockim<br>W rozmowie z brytyjskimi mediami Donald Trump m\u00f3wi\u0142 mi\u0119dzy innymi o Karolu Nawrockim, kt\u00f3ry na stanowisku prezydenta RP jest ju\u017c ponad stu dni. Na stronie GB News opublikowano wywiad z Donaldem Trumpem, podczas kt\u00f3rego prezydent USA, nie podaj\u0105c konkretnie nazwiska Karola Nawrockiego, udzieli\u0142 mu du\u017cej aprobaty:<\/p>\n\n\n\n<p>Polska jest wspania\u0142a, a cz\u0142owiek, kt\u00f3ry wygra\u0142 wybory (prezydenckie \u2013 red.) \u2013 kt\u00f3ry by\u0142 fantastyczny \u2013 nie mia\u0142 szans, aby zbli\u017cy\u0107 si\u0119 do zwyci\u0119stwa. By\u0142 jednym z wielu kandydat\u00f3w. Dzi\u0119ki jego przyjacielowi i mojemu przyjacielowi \u2013 naszemu wsp\u00f3lnemu znajomemu \u2013 popar\u0142em go, a on wygra\u0142 wybory. By\u0142o to do\u015b\u0107 du\u017ce zaskoczenie, ale on jest fantastyczny. B\u0119dzie \u015bwietnym prezydentem &#8211; oceni\u0142 Trump.<\/p>\n\n\n\n<p>Prezydent USA nie zdradzi\u0142, kim jest \u201eprzyjaciel\u201d, o kt\u00f3rym wspomnia\u0142, a kt\u00f3ry mia\u0142 odgrywa\u0107 kluczow\u0105 rol\u0119 w wyborach. Ameryka\u0144ski polityk wspomnia\u0142 r\u00f3wnie\u017c o premierze W\u0119gier Wiktorze Orbanie, kt\u00f3rego, jak oceni\u0142 Trump, \u201einni przyw\u00f3dcy nienawidz\u0105\u201d.<\/p>\n\n\n\n<p>On wykonuje fantastyczn\u0105 robot\u0119. Wiesz, ilu ludzi (migrant\u00f3w \u2013 red.) wpu\u015bci\u0142 do swojego kraju? Zero. Nie ma \u017cadnych problem\u00f3w. Przyj\u0105\u0142 kilku Ukrai\u0144c\u00f3w w zwi\u0105zku z trwaj\u0105c\u0105 wojn\u0105, ale w zasadzie to nikogo \u2013 powiedzia\u0142 prezydent USA.<br><\/p>\n\n\n\n<figure class=\"wp-block-image size-full\"><img loading=\"lazy\" decoding=\"async\" width=\"907\" height=\"603\" src=\"https:\/\/swiat24.pl.ua\/wp-content\/uploads\/2025\/11\/image-8.png\" alt=\"\" class=\"wp-image-17693\" srcset=\"https:\/\/swiat24.pl.ua\/wp-content\/uploads\/2025\/11\/image-8.png 907w, https:\/\/swiat24.pl.ua\/wp-content\/uploads\/2025\/11\/image-8-300x199.png 300w, https:\/\/swiat24.pl.ua\/wp-content\/uploads\/2025\/11\/image-8-768x511.png 768w\" sizes=\"auto, (max-width: 907px) 100vw, 907px\" \/><\/figure>\n","protected":false},"excerpt":{"rendered":"Prezydent Polski Karol Nawrocki poinformowa\u0142 14 listopada, \u017ce \u200b\u200bpodpisa\u0142 ustaw\u0119 o pomocy uchod\u017acom ukrai\u0144skim, kt\u00f3ra przed\u0142u\u017ca ich status prawny do marca 2026 roku. \n<a class=\"moretag\" href=\"https:\/\/swiat24.pl.ua\/?p=17691\"> [...]<\/a>","protected":false},"author":1,"featured_media":17694,"comment_status":"open","ping_status":"open","sticky":false,"template":"","format":"standard","meta":{"footnotes":""},"categories":[1],"tags":[],"class_list":["post-17691","post","type-post","status-publish","format-standard","has-post-thumbnail","hentry","category-blog"],"_links":{"self":[{"href":"https:\/\/swiat24.pl.ua\/index.php?rest_route=\/wp\/v2\/posts\/17691","targetHints":{"allow":["GET"]}}],"collection":[{"href":"https:\/\/swiat24.pl.ua\/index.php?rest_route=\/wp\/v2\/posts"}],"about":[{"href":"https:\/\/swiat24.pl.ua\/index.php?rest_route=\/wp\/v2\/types\/post"}],"author":[{"embeddable":true,"href":"https:\/\/swiat24.pl.ua\/index.php?rest_route=\/wp\/v2\/users\/1"}],"replies":[{"embeddable":true,"href":"https:\/\/swiat24.pl.ua\/index.php?rest_route=%2Fwp%2Fv2%2Fcomments&post=17691"}],"version-history":[{"count":1,"href":"https:\/\/swiat24.pl.ua\/index.php?rest_route=\/wp\/v2\/posts\/17691\/revisions"}],"predecessor-version":[{"id":17695,"href":"https:\/\/swiat24.pl.ua\/index.php?rest_route=\/wp\/v2\/posts\/17691\/revisions\/17695"}],"wp:featuredmedia":[{"embeddable":true,"href":"https:\/\/swiat24.pl.ua\/index.php?rest_route=\/wp\/v2\/media\/17694"}],"wp:attachment":[{"href":"https:\/\/swiat24.pl.ua\/index.php?rest_route=%2Fwp%2Fv2%2Fmedia&parent=17691"}],"wp:term":[{"taxonomy":"category","embeddable":true,"href":"https:\/\/swiat24.pl.ua\/index.php?rest_route=%2Fwp%2Fv2%2Fcategories&post=17691"},{"taxonomy":"post_tag","embeddable":true,"href":"https:\/\/swiat24.pl.ua\/index.php?rest_route=%2Fwp%2Fv2%2Ftags&post=17691"}],"curies":[{"name":"wp","href":"https:\/\/api.w.org\/{rel}","templated":true}]}}