{"id":17685,"date":"2025-11-16T12:26:17","date_gmt":"2025-11-16T12:26:17","guid":{"rendered":"https:\/\/swiat24.pl.ua\/?p=17685"},"modified":"2025-11-16T12:26:17","modified_gmt":"2025-11-16T12:26:17","slug":"nie-zyje-ceniony-aktor-teatr-przekazal-smutna-wiadomosc","status":"publish","type":"post","link":"https:\/\/swiat24.pl.ua\/?p=17685","title":{"rendered":"Nie \u017cyje ceniony aktor. Teatr przekaza\u0142 smutn\u0105 wiadomo\u015b\u0107"},"content":{"rendered":"\n<p>Weekend przyni\u00f3s\u0142 smutn\u0105 wiadomo\u015b\u0107, kt\u00f3ra wstrz\u0105sn\u0119\u0142a \u015bwiatem polskiej kultury. <\/p>\n\n\n\n<p>W pi\u0105tkowy wiecz\u00f3r do medi\u00f3w dotar\u0142a informacja o \u015bmierci cenionego aktora, kt\u00f3ry przez lata kreowa\u0142 niezapomniane role na deskach polskiego teatru.<\/p>\n\n\n\n<p> Jego odej\u015bcie poruszy\u0142o zar\u00f3wno \u015brodowisko artystyczne, jak i widz\u00f3w, kt\u00f3rzy podziwiali jego talent.<\/p>\n\n\n\n<p>Nie \u017cyje uznany aktor<br>W pi\u0105tek wieczorem Polsk\u0119 obieg\u0142a smutna informacja. Teatr Powszechny w \u0141odzi poinformowa\u0142 o \u015bmierci uznanego aktora Zbigniewa Szczapi\u0144skiego, kt\u00f3ry przez niemal trzy dekady by\u0142 jedn\u0105 z najwa\u017cniejszych postaci tej sceny. Artysta odszed\u0142 w wieku 82 lat, pozostawiaj\u0105c po sobie imponuj\u0105cy dorobek \u2014 w trakcie swojej kariery stworzy\u0142 oko\u0142o 90 r\u00f3l teatralnych.<\/p>\n\n\n\n<p>W emocjonalnym komunikacie dyrektorka teatru, Ewa Pilawska, podkre\u015bli\u0142a jego profesjonalizm, \u017cyczliwo\u015b\u0107 i ogromne zaanga\u017cowanie w prac\u0119. Wspomniano tak\u017ce jego wyj\u0105tkow\u0105 wi\u0119\u017a z zespo\u0142em oraz wielk\u0105 mi\u0142o\u015b\u0107 do dzieci, o kt\u00f3rych cz\u0119sto opowiada\u0142.<br><\/p>\n\n\n\n<p>Po\u017cegnanie aktora<br>W mediach spo\u0142eczno\u015bciowych Teatr Powszechny zamie\u015bci\u0142 wzruszaj\u0105ce po\u017cegnanie, w kt\u00f3rym wspomniano wsp\u00f3lne lata pracy i atmosfer\u0119, jak\u0105 Szczapi\u0144ski tworzy\u0142 za kulisami. Podkre\u015blono, \u017ce by\u0142 nie tylko utalentowanym tw\u00f3rc\u0105, ale tak\u017ce cz\u0142owiekiem, kt\u00f3ry swoj\u0105 obecno\u015bci\u0105 potrafi\u0142 doda\u0107 otuchy innym.<\/p>\n\n\n\n<p>Zbigniew Szczapi\u0144ski wsp\u00f3\u0142dzieli\u0142 garderob\u0119 z Micha\u0142em Szewczykiem i Andrzejem Jakubasem. Ka\u017cdy z nich by\u0142 wa\u017cn\u0105 dla naszego Teatru postaci\u0105. Teraz pewnie wsp\u00f3lnie przygotowuj\u0105 inny, lepszy spektakl\u2026 Zbyszku, na zawsze pozostaniesz w naszych sercach i pami\u0119ci, do spotkania! &#8211; napisano na profilu teatru na Facebooku.<\/p>\n\n\n\n<p>Pogrzeb aktora zaplanowano na 19 listopada o godzinie 12:30, na Cmentarzu na Do\u0142ach przy ul. Smutnej w \u0141odzi. Rodzina, przyjaciele, wsp\u00f3\u0142pracownicy oraz widzowie b\u0119d\u0105 mogli po\u017cegna\u0107 artyst\u0119 i odda\u0107 mu ostatni ho\u0142d.<br><\/p>\n\n\n\n<iframe loading=\"lazy\" src=\"https:\/\/www.facebook.com\/plugins\/post.php?href=https%3A%2F%2Fwww.facebook.com%2Fteatr.powszechny%2Fposts%2Fpfbid02NGyYJk1BRmdRDZrDyz7N2Nm3zXDbGd5hvAR3A9HTTX2S8pPAaibaPtjYDrv45iTxl&#038;show_text=true&#038;width=500\" width=\"500\" height=\"704\" style=\"border:none;overflow:hidden\" scrolling=\"no\" frameborder=\"0\" allowfullscreen=\"true\" allow=\"autoplay; clipboard-write; encrypted-media; picture-in-picture; web-share\"><\/iframe>\n\n\n\n<p><\/p>\n","protected":false},"excerpt":{"rendered":"Weekend przyni\u00f3s\u0142 smutn\u0105 wiadomo\u015b\u0107, kt\u00f3ra wstrz\u0105sn\u0119\u0142a \u015bwiatem polskiej kultury. W pi\u0105tkowy wiecz\u00f3r do medi\u00f3w dotar\u0142a informacja o \u015bmierci cenionego aktora, kt\u00f3ry przez lata \n<a class=\"moretag\" href=\"https:\/\/swiat24.pl.ua\/?p=17685\"> [...]<\/a>","protected":false},"author":1,"featured_media":17686,"comment_status":"open","ping_status":"open","sticky":false,"template":"","format":"standard","meta":{"footnotes":""},"categories":[1],"tags":[],"class_list":["post-17685","post","type-post","status-publish","format-standard","has-post-thumbnail","hentry","category-blog"],"_links":{"self":[{"href":"https:\/\/swiat24.pl.ua\/index.php?rest_route=\/wp\/v2\/posts\/17685","targetHints":{"allow":["GET"]}}],"collection":[{"href":"https:\/\/swiat24.pl.ua\/index.php?rest_route=\/wp\/v2\/posts"}],"about":[{"href":"https:\/\/swiat24.pl.ua\/index.php?rest_route=\/wp\/v2\/types\/post"}],"author":[{"embeddable":true,"href":"https:\/\/swiat24.pl.ua\/index.php?rest_route=\/wp\/v2\/users\/1"}],"replies":[{"embeddable":true,"href":"https:\/\/swiat24.pl.ua\/index.php?rest_route=%2Fwp%2Fv2%2Fcomments&post=17685"}],"version-history":[{"count":1,"href":"https:\/\/swiat24.pl.ua\/index.php?rest_route=\/wp\/v2\/posts\/17685\/revisions"}],"predecessor-version":[{"id":17687,"href":"https:\/\/swiat24.pl.ua\/index.php?rest_route=\/wp\/v2\/posts\/17685\/revisions\/17687"}],"wp:featuredmedia":[{"embeddable":true,"href":"https:\/\/swiat24.pl.ua\/index.php?rest_route=\/wp\/v2\/media\/17686"}],"wp:attachment":[{"href":"https:\/\/swiat24.pl.ua\/index.php?rest_route=%2Fwp%2Fv2%2Fmedia&parent=17685"}],"wp:term":[{"taxonomy":"category","embeddable":true,"href":"https:\/\/swiat24.pl.ua\/index.php?rest_route=%2Fwp%2Fv2%2Fcategories&post=17685"},{"taxonomy":"post_tag","embeddable":true,"href":"https:\/\/swiat24.pl.ua\/index.php?rest_route=%2Fwp%2Fv2%2Ftags&post=17685"}],"curies":[{"name":"wp","href":"https:\/\/api.w.org\/{rel}","templated":true}]}}