{"id":17672,"date":"2025-11-15T19:08:02","date_gmt":"2025-11-15T19:08:02","guid":{"rendered":"https:\/\/swiat24.pl.ua\/?p=17672"},"modified":"2025-11-15T19:08:02","modified_gmt":"2025-11-15T19:08:02","slug":"gawkowski-uderza-w-karola-nawrockiego-padly-bardzo-ostre-slowa","status":"publish","type":"post","link":"https:\/\/swiat24.pl.ua\/?p=17672","title":{"rendered":"Gawkowski uderza w Karola Nawrockiego. Pad\u0142y bardzo ostre s\u0142owa"},"content":{"rendered":"\n<p>Nieoczekiwane wypowiedzi jednego z najwa\u017cniejszych cz\u0142onk\u00f3w rz\u0105du ponownie rozgrza\u0142y debat\u0119 publiczn\u0105.<\/p>\n\n\n\n<p> W centrum zainteresowania znalaz\u0142y si\u0119 dzia\u0142ania prezydenta, kt\u00f3re \u2013 zdaniem krytyk\u00f3w \u2013 maj\u0105 wp\u0142ywa\u0107 na kluczowe procesy pa\u0144stwowe. Czy narastaj\u0105cy sp\u00f3r doprowadzi do powa\u017cniejszych konsekwencji i jak mo\u017ce odbi\u0107 si\u0119 na dalszym funkcjonowaniu instytucji?<\/p>\n\n\n\n<p>Narastaj\u0105ca presja i coraz wyra\u017aniejsze p\u0119kni\u0119cia w relacjach w\u0142adzy<br>W ostatnich tygodniach w debacie publicznej coraz cz\u0119\u015bciej pojawiaj\u0105 si\u0119 sygna\u0142y, \u017ce relacje mi\u0119dzy najwa\u017cniejszymi organami pa\u0144stwa staj\u0105 si\u0119 coraz bardziej napi\u0119te.<\/p>\n\n\n\n<p> Wp\u0142yw na to maj\u0105 zar\u00f3wno bie\u017c\u0105ce decyzje polityczne, jak i narastaj\u0105ce oczekiwania wobec roli prezydenta w okresie intensywnych zmian legislacyjnych. Komentatorzy wskazuj\u0105, \u017ce w takiej sytuacji szczeg\u00f3lnego znaczenia nabiera stabilno\u015b\u0107 polityczna, a tak\u017ce zdolno\u015b\u0107 do prowadzenia ponadpartyjnej wsp\u00f3\u0142pracy, kt\u00f3ra pozwala \u0142agodzi\u0107 najpowa\u017cniejsze konflikty.<\/p>\n\n\n\n<p>W przestrzeni publicznej pojawiaj\u0105 si\u0119 jednak opinie sugeruj\u0105ce rosn\u0105ce rozbie\u017cno\u015bci dotycz\u0105ce tego, jak powinna wygl\u0105da\u0107 wsp\u00f3\u0142praca mi\u0119dzy g\u0142ow\u0105 pa\u0144stwa a rz\u0105dem. Cz\u0119\u015b\u0107 obserwator\u00f3w podkre\u015bla, \u017ce od prezydenta oczekuje si\u0119 nie tylko symbolicznego oderwania od kampanijnego tonu, lecz tak\u017ce realnego anga\u017cowania si\u0119 w dzia\u0142ania zmierzaj\u0105ce do budowania szerokiego porozumienia. To w\u0142a\u015bnie te w\u0105tki \u2013 r\u00f3wnowaga w\u0142adz, odpowiedzialno\u015b\u0107 konstytucyjna, prawid\u0142owo\u015b\u0107 procesu legislacyjnego \u2013 sta\u0142y si\u0119 w ostatnich dniach przedmiotem gor\u0105cej refleksji.<\/p>\n\n\n\n<p>Dyskusja narasta r\u00f3wnie\u017c z powodu rosn\u0105cej liczby decyzji, kt\u00f3re dla cz\u0119\u015bci opinii publicznej mog\u0105 wskazywa\u0107 na nowy kierunek prezydentury. Czy obecne wzmo\u017cenie to jedynie kr\u00f3tkotrwa\u0142y etap politycznej dynamiki, czy mo\u017ce zapowied\u017a g\u0142\u0119bszego przesilenia?<br><\/p>\n\n\n\n<figure class=\"wp-block-image size-full\"><img loading=\"lazy\" decoding=\"async\" width=\"908\" height=\"511\" src=\"https:\/\/swiat24.pl.ua\/wp-content\/uploads\/2025\/11\/image-5.png\" alt=\"\" class=\"wp-image-17673\" srcset=\"https:\/\/swiat24.pl.ua\/wp-content\/uploads\/2025\/11\/image-5.png 908w, https:\/\/swiat24.pl.ua\/wp-content\/uploads\/2025\/11\/image-5-300x169.png 300w, https:\/\/swiat24.pl.ua\/wp-content\/uploads\/2025\/11\/image-5-768x432.png 768w\" sizes=\"auto, (max-width: 908px) 100vw, 908px\" \/><\/figure>\n\n\n\n<p>Decyzje, kt\u00f3re rozpali\u0142y debat\u0119. Rosn\u0105ce w\u0105tpliwo\u015bci i pytania o konsekwencje<br>Drugim, jeszcze bardziej intensywnym obszarem analiz s\u0105 ostatnie dzia\u0142ania prezydenta, kt\u00f3re wywo\u0142a\u0142y szereg komentarzy ze strony \u015brodowisk prawniczych i politycznych. W przestrzeni publicznej podkre\u015bla si\u0119, \u017ce pewne posuni\u0119cia g\u0142owy pa\u0144stwa \u2013 szczeg\u00f3lnie te dotycz\u0105ce procedur nominacyjnych, oceny pracy s\u0119dzi\u00f3w czy przebiegu proces\u00f3w legislacyjnych \u2013 mog\u0142y przyczyni\u0107 si\u0119 do zwi\u0119kszenia napi\u0119\u0107 mi\u0119dzy instytucjami.<\/p>\n\n\n\n<p>W tym kontek\u015bcie padaj\u0105 pytania o d\u0142ugofalowe skutki takich decyzji: czy mog\u0105 one wp\u0142yn\u0105\u0107 na odbi\u00f3r Polski na arenie mi\u0119dzynarodowej? Czy mog\u0105 utrudni\u0107 wsp\u00f3\u0142prac\u0119 z rz\u0105dem, kt\u00f3ry z kolei akcentuje konieczno\u015b\u0107 sprawnego wdra\u017cania nowych ustaw, zw\u0142aszcza tych dotycz\u0105cych zmian gospodarczych i energetycznych? Rosn\u0105ca liczba opinii ekspert\u00f3w sugeruje, \u017ce konsekwencje mog\u0105 by\u0107 odczuwalne nie tylko wewn\u0119trznie, ale r\u00f3wnie\u017c w kontek\u015bcie realizacji kluczowych projekt\u00f3w pa\u0144stwowych.<\/p>\n\n\n\n<p>Szczeg\u00f3lnie istotne jest, \u017ce pojawiaj\u0105ce si\u0119 g\u0142osy krytyki nie wynikaj\u0105 z jednego wydarzenia, lecz z szeregu decyzji, kt\u00f3re na\u0142o\u017cy\u0142y si\u0119 na siebie w kr\u00f3tkim czasie. W\u0142a\u015bnie to \u2013 zdaniem komentator\u00f3w \u2013 sprawia, \u017ce atmosfera wok\u00f3\u0142 prezydentury staje si\u0119 coraz bardziej napi\u0119ta. Jednak dopiero ostatnie wypowiedzi przedstawicieli rz\u0105du przesun\u0119\u0142y dyskusj\u0119 na zupe\u0142nie inny poziom.<br><\/p>\n\n\n\n<p>G\u0142o\u015bne s\u0142owa wicepremiera. Najostrzejsza ocena prezydentury od lat i konkretne zarzuty wobec g\u0142owy pa\u0144stwa<br>To w\u0142a\u015bnie w tym kontek\u015bcie pad\u0142a jedna z najmocniejszych dot\u0105d publicznych wypowiedzi ze strony rz\u0105du. Podczas konferencji w Olsztynie wicepremier i minister cyfryzacji Krzysztof Gawkowski ostro oceni\u0142 pierwsze miesi\u0105ce urz\u0119dowania Prezydenta Karola Nawrockiego. Jego s\u0142owa odbi\u0142y si\u0119 szerokim echem.<\/p>\n\n\n\n<p>Sto dni prezydentury Karola Nawrockiego to czas smutku i rozczarowa\u0144. To czas, w kt\u00f3rym prezydent nie dotrzyma\u0142 obietnic, a jednocze\u015bnie nie dor\u00f3s\u0142 do funkcji prezydenta \u2013 powiedzia\u0142 Gawkowski podczas konferencji dla medi\u00f3w w Olsztynie.<\/p>\n\n\n\n<p>Wicepremier podkre\u015bli\u0142, \u017ce prezydent \u2013 jego zdaniem \u2013 pozosta\u0142 w logice kampanii wyborczej, mimo \u017ce od obj\u0119cia urz\u0119du min\u0119\u0142o ju\u017c sto dni. W kolejnej cz\u0119\u015bci wypowiedzi polityk zwr\u00f3ci\u0142 uwag\u0119, \u017ce sama deklaracja o odej\u015bciu od partyjnych barw nie jest wystarczaj\u0105ca, je\u015bli nie towarzyszy jej zmiana sposobu dzia\u0142ania.<\/p>\n\n\n\n<p>Nie wystarczy powiedzie\u0107, \u017ce si\u0119 sk\u0142ada legitymacj\u0119 partyjn\u0105, ale trzeba j\u0105 z\u0142o\u017cy\u0107 tak\u017ce w swojej g\u0142owie \u2013 m\u00f3wi\u0142 Gawkowski.<br><\/p>\n\n\n\n<figure class=\"wp-block-image size-full\"><img loading=\"lazy\" decoding=\"async\" width=\"907\" height=\"507\" src=\"https:\/\/swiat24.pl.ua\/wp-content\/uploads\/2025\/11\/image-6.png\" alt=\"\" class=\"wp-image-17674\" srcset=\"https:\/\/swiat24.pl.ua\/wp-content\/uploads\/2025\/11\/image-6.png 907w, https:\/\/swiat24.pl.ua\/wp-content\/uploads\/2025\/11\/image-6-300x168.png 300w, https:\/\/swiat24.pl.ua\/wp-content\/uploads\/2025\/11\/image-6-768x429.png 768w\" sizes=\"auto, (max-width: 907px) 100vw, 907px\" \/><\/figure>\n\n\n\n<p>Wiceszef rz\u0105du wskaza\u0142 bezpo\u015brednio na decyzje prezydenta dotycz\u0105ce odmowy nominacji 46 s\u0119dzi\u00f3w, zapowiedzi zablokowania ustaw jeszcze przed ich uchwaleniem oraz brak zgody na niekt\u00f3re nominacje oficerskie. Jego zdaniem takie dzia\u0142ania nie tylko utrudniaj\u0105 prac\u0119 rz\u0105du, ale buduj\u0105 obraz pa\u0144stwa pogr\u0105\u017conego w niepotrzebnych konfliktach.<\/p>\n\n\n\n<p>Prezydent blokuje rz\u0105d po to, by budowa\u0107 opozycyjne si\u0142y, by k\u0142\u00f3ci\u0107 si\u0119 wewn\u0119trznie i szuka\u0107 sporu. Prezydent kompromituje Polsk\u0119 nie tylko w oczach Polak\u00f3w, ale te\u017c za granic\u0105 \u2013 stwierdzi\u0142 Gawkowski dla medi\u00f3w.<\/p>\n\n\n\n<p>Na tym tle Kancelaria Prezydenta przypomnia\u0142a, \u017ce w ci\u0105gu pierwszych stu dni prezydent z\u0142o\u017cy\u0142 11 inicjatyw ustawodawczych, 13 ustaw zawetowa\u0142, a 70 podpisa\u0142. Wskazano r\u00f3wnie\u017c, \u017ce powo\u0142a\u0142 22 oficer\u00f3w na stopnie generalskie, 64 s\u0119dzi\u00f3w i asesor\u00f3w, a tak\u017ce odby\u0142 11 wizyt zagranicznych.<\/p>\n\n\n\n<p>Szczeg\u00f3lne poruszenie wywo\u0142a\u0142a inicjatywa \u201eTani pr\u0105d \u2013 33 proc.\u201d, zak\u0142adaj\u0105ca usuni\u0119cie z rachunk\u00f3w za energi\u0119 szeregu dodatkowych op\u0142at \u2013 w tym op\u0142aty OZE, mocowej, kogeneracyjnej i przej\u015bciowej. Jak podkre\u015bla Kancelaria Prezydenta, projekt ma odci\u0105\u017cy\u0107 gospodarstwa domowe i upro\u015bci\u0107 koszty energii.<\/p>\n\n\n\n<p>Rosn\u0105ce napi\u0119cia mi\u0119dzy rz\u0105dem a g\u0142ow\u0105 pa\u0144stwa wskazuj\u0105 jednak, \u017ce dyskusja o przysz\u0142o\u015bci tej prezydentury dopiero si\u0119 zaczyna. Czy kolejne miesi\u0105ce przynios\u0105 pr\u00f3b\u0119 odbudowy relacji, czy te\u017c konflikt b\u0119dzie narasta\u0142? Odpowied\u017a zale\u017cy zar\u00f3wno od decyzji prezydenta, jak i kierunku dzia\u0142a\u0144 podejmowanych przez rz\u0105d.<br><\/p>\n\n\n\n<p><\/p>\n","protected":false},"excerpt":{"rendered":"Nieoczekiwane wypowiedzi jednego z najwa\u017cniejszych cz\u0142onk\u00f3w rz\u0105du ponownie rozgrza\u0142y debat\u0119 publiczn\u0105. W centrum zainteresowania znalaz\u0142y si\u0119 dzia\u0142ania prezydenta, kt\u00f3re \u2013 zdaniem krytyk\u00f3w \u2013 \n<a class=\"moretag\" href=\"https:\/\/swiat24.pl.ua\/?p=17672\"> [...]<\/a>","protected":false},"author":1,"featured_media":17675,"comment_status":"open","ping_status":"open","sticky":false,"template":"","format":"standard","meta":{"footnotes":""},"categories":[1],"tags":[],"class_list":["post-17672","post","type-post","status-publish","format-standard","has-post-thumbnail","hentry","category-blog"],"_links":{"self":[{"href":"https:\/\/swiat24.pl.ua\/index.php?rest_route=\/wp\/v2\/posts\/17672","targetHints":{"allow":["GET"]}}],"collection":[{"href":"https:\/\/swiat24.pl.ua\/index.php?rest_route=\/wp\/v2\/posts"}],"about":[{"href":"https:\/\/swiat24.pl.ua\/index.php?rest_route=\/wp\/v2\/types\/post"}],"author":[{"embeddable":true,"href":"https:\/\/swiat24.pl.ua\/index.php?rest_route=\/wp\/v2\/users\/1"}],"replies":[{"embeddable":true,"href":"https:\/\/swiat24.pl.ua\/index.php?rest_route=%2Fwp%2Fv2%2Fcomments&post=17672"}],"version-history":[{"count":1,"href":"https:\/\/swiat24.pl.ua\/index.php?rest_route=\/wp\/v2\/posts\/17672\/revisions"}],"predecessor-version":[{"id":17676,"href":"https:\/\/swiat24.pl.ua\/index.php?rest_route=\/wp\/v2\/posts\/17672\/revisions\/17676"}],"wp:featuredmedia":[{"embeddable":true,"href":"https:\/\/swiat24.pl.ua\/index.php?rest_route=\/wp\/v2\/media\/17675"}],"wp:attachment":[{"href":"https:\/\/swiat24.pl.ua\/index.php?rest_route=%2Fwp%2Fv2%2Fmedia&parent=17672"}],"wp:term":[{"taxonomy":"category","embeddable":true,"href":"https:\/\/swiat24.pl.ua\/index.php?rest_route=%2Fwp%2Fv2%2Fcategories&post=17672"},{"taxonomy":"post_tag","embeddable":true,"href":"https:\/\/swiat24.pl.ua\/index.php?rest_route=%2Fwp%2Fv2%2Ftags&post=17672"}],"curies":[{"name":"wp","href":"https:\/\/api.w.org\/{rel}","templated":true}]}}