{"id":17663,"date":"2025-11-15T18:38:00","date_gmt":"2025-11-15T18:38:00","guid":{"rendered":"https:\/\/swiat24.pl.ua\/?p=17663"},"modified":"2025-11-15T18:38:00","modified_gmt":"2025-11-15T18:38:00","slug":"tyle-zebrano-dla-synow-tragicznie-zmarlego-pilota-kwota-budzi-podziw-2","status":"publish","type":"post","link":"https:\/\/swiat24.pl.ua\/?p=17663","title":{"rendered":"Tyle zebrano dla syn\u00f3w tragicznie zmar\u0142ego pilota \u2014 kwota budzi podziw"},"content":{"rendered":"\n<h3 class=\"wp-block-heading\">Katastrofa i bohater \u2014 major Krakowian<\/h3>\n\n\n\n<p><br>Pod koniec sierpnia 2025 roku podczas pr\u00f3b lotniczych do pokaz\u00f3w Air Show w Radomiu rozbi\u0142 si\u0119 my\u015bliwiec F-16.<\/p>\n\n\n\n<p>W zdarzeniu zgin\u0105\u0142 major Maciej \u201eSlab\u201d Krakowian \u2014 do\u015bwiadczony pilot i instruktor. Zostawi\u0142 \u017con\u0119 oraz dw\u00f3ch 4-letnich syn\u00f3w: Olka i Miko\u0142aja.<\/p>\n\n\n\n<h3 class=\"wp-block-heading\">Zbi\u00f3rka ruszy\u0142a natychmiast<\/h3>\n\n\n\n<p><br>W odpowiedzi na tragedi\u0119 spo\u0142eczno\u015b\u0107 lotnicza i internauci zainicjowali akcj\u0119 charytatywn\u0105 pod has\u0142em \u201eDla synk\u00f3w Slaba\u201d. Celem by\u0142o zebranie \u015brodk\u00f3w na zabezpieczenie przysz\u0142o\u015bci dzieci oraz wsparcie rodziny w trudnym czasie. Zbi\u00f3rk\u0119 prowadzi Fundacja Siepomaga.<\/p>\n\n\n\n<h3 class=\"wp-block-heading\">Rekordowa sumka<\/h3>\n\n\n\n<p><br>Wed\u0142ug danych opublikowanych 26 wrze\u015bnia 2025 r., zebrano ju\u017c&nbsp;<strong>2 277 034 z\u0142<\/strong>&nbsp;na rzecz syn\u00f3w majora Krakowiana. Kwota ta wci\u0105\u017c ro\u015bnie, poniewa\u017c zbi\u00f3rka zaplanowana jest do listopada.<br>Na stronie zbi\u00f3rki podano, \u017ce wp\u0142at dokona\u0142o&nbsp;<strong>35 528 os\u00f3b<\/strong>. Celem akcji jest przekazanie&nbsp;<strong>100% \u015brodk\u00f3w<\/strong>&nbsp;na wsparcie dzieci.<\/p>\n\n\n\n<h3 class=\"wp-block-heading\">Skala solidarno\u015bci i komentarze<\/h3>\n\n\n\n<p><br>\u015arodki, kt\u00f3re wp\u0142acaj\u0105 darczy\u0144cy, to wyraz g\u0142\u0119bokiej empatii i uznania dla pilota, kt\u00f3ry po\u015bwi\u0119ca\u0142 \u017cycie s\u0142u\u017cbie. W mediach spo\u0142eczno\u015bciowych pojawiaj\u0105 si\u0119 podzi\u0119kowania, wspomnienia i komentarze m\u00f3wi\u0105ce o tym, \u017ce kwota zebrana w tak kr\u00f3tkim czasie \u015bwiadczy o jedno\u015bci spo\u0142ecze\u0144stwa wok\u00f3\u0142 tragedii.<\/p>\n\n\n\n<h3 class=\"wp-block-heading\">Procedury prawne i zabezpieczenia<\/h3>\n\n\n\n<p><br>Zgodnie z regulacjami prawnymi, gdy beneficjentami zbi\u00f3rki s\u0105 ma\u0142oletnie dzieci, wp\u0142atami cz\u0119sto opiekuje si\u0119 s\u0105d rodzinny \u2014 by zadba\u0107 o bezpiecze\u0144stwo i celowe wydatkowanie \u015brodk\u00f3w. W przypadku zbi\u00f3rki dla syn\u00f3w Krakowiana zapewniono, \u017ce \u015brodki b\u0119d\u0105 u\u017cyte na cele wskazane przez darczy\u0144c\u00f3w \u2014 pomoc bie\u017c\u0105c\u0105 i przysz\u0142e zabezpieczenie dzieci.<\/p>\n\n\n\n<h3 class=\"wp-block-heading\">Wniosek<\/h3>\n\n\n\n<p><br>Kwota przekraczaj\u0105ca 2,2 miliona z\u0142otych w niespe\u0142na miesi\u0105c pokazuje, \u017ce w chwili dramat\u00f3w narodowych solidarno\u015b\u0107 potrafi by\u0107 ogromna. To nie tylko finansowe wsparcie, ale gest pami\u0119ci i uznania dla pilota, kt\u00f3rego s\u0142u\u017cba i postawa zjedna\u0142y sobie sympati\u0119 wielu.<\/p>\n","protected":false},"excerpt":{"rendered":"Katastrofa i bohater \u2014 major Krakowian Pod koniec sierpnia 2025 roku podczas pr\u00f3b lotniczych do pokaz\u00f3w Air Show w Radomiu rozbi\u0142 si\u0119 my\u015bliwiec \n<a class=\"moretag\" href=\"https:\/\/swiat24.pl.ua\/?p=17663\"> [...]<\/a>","protected":false},"author":1,"featured_media":17664,"comment_status":"open","ping_status":"open","sticky":false,"template":"","format":"standard","meta":{"footnotes":""},"categories":[1],"tags":[],"class_list":["post-17663","post","type-post","status-publish","format-standard","has-post-thumbnail","hentry","category-blog"],"_links":{"self":[{"href":"https:\/\/swiat24.pl.ua\/index.php?rest_route=\/wp\/v2\/posts\/17663","targetHints":{"allow":["GET"]}}],"collection":[{"href":"https:\/\/swiat24.pl.ua\/index.php?rest_route=\/wp\/v2\/posts"}],"about":[{"href":"https:\/\/swiat24.pl.ua\/index.php?rest_route=\/wp\/v2\/types\/post"}],"author":[{"embeddable":true,"href":"https:\/\/swiat24.pl.ua\/index.php?rest_route=\/wp\/v2\/users\/1"}],"replies":[{"embeddable":true,"href":"https:\/\/swiat24.pl.ua\/index.php?rest_route=%2Fwp%2Fv2%2Fcomments&post=17663"}],"version-history":[{"count":1,"href":"https:\/\/swiat24.pl.ua\/index.php?rest_route=\/wp\/v2\/posts\/17663\/revisions"}],"predecessor-version":[{"id":17665,"href":"https:\/\/swiat24.pl.ua\/index.php?rest_route=\/wp\/v2\/posts\/17663\/revisions\/17665"}],"wp:featuredmedia":[{"embeddable":true,"href":"https:\/\/swiat24.pl.ua\/index.php?rest_route=\/wp\/v2\/media\/17664"}],"wp:attachment":[{"href":"https:\/\/swiat24.pl.ua\/index.php?rest_route=%2Fwp%2Fv2%2Fmedia&parent=17663"}],"wp:term":[{"taxonomy":"category","embeddable":true,"href":"https:\/\/swiat24.pl.ua\/index.php?rest_route=%2Fwp%2Fv2%2Fcategories&post=17663"},{"taxonomy":"post_tag","embeddable":true,"href":"https:\/\/swiat24.pl.ua\/index.php?rest_route=%2Fwp%2Fv2%2Ftags&post=17663"}],"curies":[{"name":"wp","href":"https:\/\/api.w.org\/{rel}","templated":true}]}}