{"id":17618,"date":"2025-11-14T18:03:29","date_gmt":"2025-11-14T18:03:29","guid":{"rendered":"https:\/\/swiat24.pl.ua\/?p=17618"},"modified":"2025-11-14T18:03:29","modified_gmt":"2025-11-14T18:03:29","slug":"nawrocki-ma-podjac-wazna-decyzje-chodzi-o-rade-gabinetowa","status":"publish","type":"post","link":"https:\/\/swiat24.pl.ua\/?p=17618","title":{"rendered":"Nawrocki ma podj\u0105\u0107 wa\u017cn\u0105 decyzj\u0119. Chodzi o Rad\u0119 Gabinetow\u0105"},"content":{"rendered":"\n<p>Z nieoficjalnych ustale\u0144 dziennikarzy Polsat News wynika, \u017ce Karol Nawrocki planuje zwo\u0142a\u0107 Rad\u0119 Gabinetow\u0105. <\/p>\n\n\n\n<p>Ta informacja pojawi\u0142a si\u0119 r\u00f3wnie\u017c w porannej rozmowie dziennikarza WP z doradc\u0105 prezydenta Alvinem Gajadhurem. Ostatnia Rada Gabinetowa odby\u0142a si\u0119 pod koniec sierpnia i dotyczy\u0142a \u201cefektywno\u015bci rz\u0105d\u00f3w Tuska\u201d.<\/p>\n\n\n\n<p>Nawrocki planuje kolejn\u0105 Rad\u0119 Gabinetow\u0105<br>Prezydent Karol Nawrocki rozwa\u017ca zwo\u0142anie Rady Gabinetowej, co jest form\u0105 spotkania, w kt\u00f3rym udzia\u0142 bierze ca\u0142a Rada Ministr\u00f3w pod przewodnictwem prezydenta, by omawia\u0107 sprawy o szczeg\u00f3lnej wadze pa\u0144stwowej. Z ustale\u0144 Polsat News wynika, \u017ce g\u0142\u00f3wnym tematem, kt\u00f3ry prezydent chce om\u00f3wi\u0107 z premierem i ministrami, jest kryzys w systemie ochrony zdrowia oraz problem stale rosn\u0105cego zad\u0142u\u017cenia szpitali.<\/p>\n\n\n\n<p>Rzecznik KPRP, Rafa\u0142 Le\u015bkiewicz, potwierdzi\u0142, \u017ce &#8220;sytuacja w s\u0142u\u017cbie zdrowia jest dramatyczna i potrzeba dialogu&#8221; i zapewni\u0142, \u017ce trwaj\u0105 obecnie prace nad dopasowaniem terminu spotkania w kalendarzu Prezydenta i Ministra Zdrowia. Data Rady Gabinetowej, kt\u00f3ra jest zwo\u0142ywana wy\u0142\u0105cznie z inicjatywy g\u0142owy pa\u0144stwa lub na wniosek szefa rz\u0105du, ma zosta\u0107 og\u0142oszona wkr\u00f3tce.<\/p>\n\n\n\n<p>O Radzie Gabinetowej m\u00f3wi\u0142 tak\u017ce w porannej rozmowie &#8220;T\u0142it&#8221; Wirtualnej Polski doradca prezydenta Alvin Gajadhur. Potwierdzi\u0142 on, \u017ce Karol Nawrocki nie wyklucza zwo\u0142ania spotkania w najbli\u017cszym czasie. G\u0142\u00f3wnym powodem rozwa\u017cenia tego kroku jest &#8220;dramatyczna&#8221; i &#8220;skandaliczna&#8221; sytuacja w s\u0142u\u017cbie zdrowia, kt\u00f3r\u0105 prezydent chce om\u00f3wi\u0107 z rz\u0105dem.<\/p>\n\n\n\n<ul class=\"wp-block-list\">\n<li>Pan prezydent nie wyklucza kolejnych rad gabinetowych. A\u00a0m\u00f3wi\u0105c o\u00a0s\u0142u\u017cbie zdrowia: naprawd\u0119 panuje bardzo du\u017cy kryzys &#8211;\u00a0powiedzia\u0142 Gajadhur w WP.<\/li>\n<\/ul>\n\n\n\n<p>Gajadhur wskaza\u0142 na ogromny kryzys finansowy, precyzuj\u0105c, \u017ce tegoroczna &#8220;dziura&#8221; w finansach ochrony zdrowia wynosi kilkana\u015bcie miliard\u00f3w z\u0142otych, a na przysz\u0142y rok przewiduje si\u0119 23 miliardy zad\u0142u\u017cenia, co ju\u017c prowadzi do odwo\u0142ywania planowych zabieg\u00f3w.<\/p>\n\n\n\n<p>Cho\u0107 doradca nie poda\u0142 konkretnego terminu, stwierdzi\u0142, \u017ce Rada Gabinetowa mo\u017ce odby\u0107 si\u0119 jeszcze w tym roku, ale nale\u017cy poczeka\u0107 na ostateczn\u0105 decyzj\u0119 Nawrockiego. Odnosz\u0105c si\u0119 do mo\u017cliwo\u015bci finansowania s\u0142u\u017cby zdrowia, Gajadhur zasugerowa\u0142, \u017ce \u015brodki mo\u017cna pozyska\u0107 poprzez skuteczniejsz\u0105 walk\u0119 z przest\u0119pczo\u015bci\u0105 podatkow\u0105 i mafiami VAT-owskimi, krytykuj\u0105c obecne dzia\u0142ania Krajowej Administracji Skarbowej, kt\u00f3ra jego zdaniem, zamiast \u015bciga\u0107 przest\u0119pc\u00f3w, &#8220;zajmuje si\u0119 szukaniem afer poprzednik\u00f3w&#8221;.<br><\/p>\n\n\n\n<p>kt\u00f3ry doradca prezydenta, Alvin Gajadhur, okre\u015bli\u0142 mianem &#8220;sytuacji skandalicznej&#8221;.<\/p>\n\n\n\n<p>G\u0142\u00f3wnym problemem jest gigantyczna luka w bud\u017cecie Narodowego Funduszu Zdrowia (NFZ). Wed\u0142ug ustale\u0144 medialnych, na rozliczenie \u015bwiadcze\u0144 w bie\u017c\u0105cym roku brakuje NFZ oko\u0142o 14 miliard\u00f3w z\u0142otych, a prognozy Ministerstwa Zdrowia na przysz\u0142y rok s\u0105 jeszcze bardziej alarmuj\u0105ce &#8211; szacuje si\u0119, \u017ce deficyt mo\u017ce si\u0119gn\u0105\u0107 23 miliard\u00f3w z\u0142otych.<\/p>\n\n\n\n<p>Ta finansowa zapa\u015b\u0107 ma ju\u017c realne konsekwencje dla pacjent\u00f3w, prowadz\u0105c do odwo\u0142ywania planowych zabieg\u00f3w i operacji. Sytuacja ta sta\u0142a si\u0119 aren\u0105 sporu politycznego, gdzie opozycja (PiS) aktywnie krytykuje rz\u0105d za niewystarczaj\u0105ce finansowanie, podczas gdy Donald Tusk zapewnia, \u017ce doniesienia o odsy\u0142aniu pacjent\u00f3w onkologicznych s\u0105 nieprawdziwe.<\/p>\n\n\n\n<p>W odpowiedzi na ten kryzys resort zdrowia poszukuje \u015brodk\u00f3w zaradczych, w tym dodatkowych dotacji z bud\u017cetu pa\u0144stwa (ju\u017c zapowiedziano zasilenie NFZ kwot\u0105 niemal 4 mld z\u0142 z rezerw), rozm\u00f3w z BGK o restrukturyzacji szpitali, a tak\u017ce analizuje potencjalne zmiany w koszyku \u015bwiadcze\u0144 oraz kontrowersyjne pomys\u0142y, jak zamro\u017cenie tzw. ustawy podwy\u017ckowej w ochronie zdrowia.<\/p>\n\n\n\n<p>Prezydent Nawrocki, rozwa\u017caj\u0105c zwo\u0142anie Rady Gabinetowej, stawia si\u0119 w roli arbitra i inicjatora dialogu w sprawie o fundamentalnym znaczeniu dla pa\u0144stwa, w kontek\u015bcie kt\u00f3rego zapowiedzia\u0142 te\u017c walk\u0119 z przest\u0119pczo\u015bci\u0105 podatkow\u0105 jako \u017ar\u00f3d\u0142o pozyskania funduszy.<br><\/p>\n\n\n\n<p>B\u0119dzie to druga Rada Gabinetowa Nawrockiego<br>Rada Gabinetowa to konstytucyjna instytucja stanowi\u0105ca forum wsp\u00f3\u0142pracy mi\u0119dzy Prezydentem Rzeczypospolitej Polskiej a Rad\u0105 Ministr\u00f3w (rz\u0105dem). Zwo\u0142ywana jest wy\u0142\u0105cznie z inicjatywy Prezydenta lub na wniosek Prezesa Rady Ministr\u00f3w. Prezydent przewodniczy posiedzeniu, w kt\u00f3rym uczestnicz\u0105 wszyscy ministrowie. Cho\u0107 Rada Gabinetowa nie posiada uprawnie\u0144 do podejmowania wi\u0105\u017c\u0105cych decyzji (nie jest to\u017csama z posiedzeniem Rady Ministr\u00f3w), jej celem jest omawianie spraw o szczeg\u00f3lnej wadze pa\u0144stwowej i pe\u0142nienie funkcji informacyjno-konsultacyjnej.<\/p>\n\n\n\n<p>Ostatnia Rada Gabinetowa, zwo\u0142ana przez Prezydenta Karola Nawrockiego w sierpniu 2025 roku, koncentrowa\u0142a si\u0119 na trzech kluczowych obszarach: stanie finans\u00f3w publicznych, inwestycjach rozwojowych (w tym Centralny Port Komunikacyjny i elektrownie j\u0105drowe) oraz ochronie polskiego rolnictwa.<\/p>\n\n\n\n<p>Posiedzenie, trwa\u0142o trzy godziny i mia\u0142o wyj\u0105tkowo konfrontacyjny charakter. W cz\u0119\u015bci jawnej dosz\u0142o do serii wzajemnych uszczypliwo\u015bci mi\u0119dzy Nawrockim a Donaldem Tuskiem.<\/p>\n\n\n\n<p>Nawrocki zarzuci\u0142 rz\u0105dowi &#8220;chaos&#8221; legislacyjny, kwestionowa\u0142 deficyt bud\u017cetowy (alarmuj\u0105c o 150 mld z\u0142 deficytu) i ni\u017csze wp\u0142ywy z podatk\u00f3w (m.in. 35 mld z\u0142 z VAT). Wezwa\u0142 te\u017c ministr\u00f3w do &#8220;aktualizacji&#8221; swoich zobowi\u0105za\u0144 (jak &#8220;100 konkret\u00f3w&#8221;) i zapowiedzia\u0142 wetowanie podwy\u017cek podatk\u00f3w. Prezydent broni\u0142 tak\u017ce swojego weta w sprawie 800 plus dla Ukrai\u0144c\u00f3w, twierdz\u0105c, \u017ce realizuje postulat przekazywania \u015bwiadcze\u0144 tylko pracuj\u0105cym.<\/p>\n\n\n\n<p>Tusk ripostowa\u0142, podkre\u015blaj\u0105c, \u017ce Rada Gabinetowa to nie &#8220;klub dyskusyjny&#8221; ani &#8220;substytut rz\u0105du&#8221;, lecz forum informacyjne, s\u0142u\u017c\u0105ce m.in. &#8220;wyprowadzeniu z b\u0142\u0119du pana prezydenta&#8221;. Premier uspokaja\u0142 w sprawie finans\u00f3w, chwali\u0142 spadek inflacji (do 3%) i wytyka\u0142 &#8220;nie\u015bcis\u0142o\u015bci&#8221; w danych prezentowanych przez Prezydenta. W kwestii 800 plus dla Ukrai\u0144c\u00f3w Tusk stwierdzi\u0142, \u017ce weto prezydenta by\u0142o dewastuj\u0105ce dla polskich firm i sam rz\u0105d mia\u0142 ju\u017c gotowy projekt eliminuj\u0105cy nadu\u017cycia. Doda\u0142 te\u017c, \u017ce rz\u0105d &#8220;robi, nie gada&#8221; w kwestii inwestycji infrastrukturalnych.<br><\/p>\n","protected":false},"excerpt":{"rendered":"Z nieoficjalnych ustale\u0144 dziennikarzy Polsat News wynika, \u017ce Karol Nawrocki planuje zwo\u0142a\u0107 Rad\u0119 Gabinetow\u0105. Ta informacja pojawi\u0142a si\u0119 r\u00f3wnie\u017c w porannej rozmowie dziennikarza \n<a class=\"moretag\" href=\"https:\/\/swiat24.pl.ua\/?p=17618\"> [...]<\/a>","protected":false},"author":1,"featured_media":17619,"comment_status":"open","ping_status":"open","sticky":false,"template":"","format":"standard","meta":{"footnotes":""},"categories":[1],"tags":[],"class_list":["post-17618","post","type-post","status-publish","format-standard","has-post-thumbnail","hentry","category-blog"],"_links":{"self":[{"href":"https:\/\/swiat24.pl.ua\/index.php?rest_route=\/wp\/v2\/posts\/17618","targetHints":{"allow":["GET"]}}],"collection":[{"href":"https:\/\/swiat24.pl.ua\/index.php?rest_route=\/wp\/v2\/posts"}],"about":[{"href":"https:\/\/swiat24.pl.ua\/index.php?rest_route=\/wp\/v2\/types\/post"}],"author":[{"embeddable":true,"href":"https:\/\/swiat24.pl.ua\/index.php?rest_route=\/wp\/v2\/users\/1"}],"replies":[{"embeddable":true,"href":"https:\/\/swiat24.pl.ua\/index.php?rest_route=%2Fwp%2Fv2%2Fcomments&post=17618"}],"version-history":[{"count":1,"href":"https:\/\/swiat24.pl.ua\/index.php?rest_route=\/wp\/v2\/posts\/17618\/revisions"}],"predecessor-version":[{"id":17620,"href":"https:\/\/swiat24.pl.ua\/index.php?rest_route=\/wp\/v2\/posts\/17618\/revisions\/17620"}],"wp:featuredmedia":[{"embeddable":true,"href":"https:\/\/swiat24.pl.ua\/index.php?rest_route=\/wp\/v2\/media\/17619"}],"wp:attachment":[{"href":"https:\/\/swiat24.pl.ua\/index.php?rest_route=%2Fwp%2Fv2%2Fmedia&parent=17618"}],"wp:term":[{"taxonomy":"category","embeddable":true,"href":"https:\/\/swiat24.pl.ua\/index.php?rest_route=%2Fwp%2Fv2%2Fcategories&post=17618"},{"taxonomy":"post_tag","embeddable":true,"href":"https:\/\/swiat24.pl.ua\/index.php?rest_route=%2Fwp%2Fv2%2Ftags&post=17618"}],"curies":[{"name":"wp","href":"https:\/\/api.w.org\/{rel}","templated":true}]}}