{"id":17603,"date":"2025-11-14T17:20:07","date_gmt":"2025-11-14T17:20:07","guid":{"rendered":"https:\/\/swiat24.pl.ua\/?p=17603"},"modified":"2025-11-14T17:20:07","modified_gmt":"2025-11-14T17:20:07","slug":"donald-tusk-oburzony-decyzja-nawrockiego-tak-go-nazwal-padly-mocne-slowa","status":"publish","type":"post","link":"https:\/\/swiat24.pl.ua\/?p=17603","title":{"rendered":"Donald Tusk oburzony decyzj\u0105 Nawrockiego. Tak go nazwa\u0142, pad\u0142y mocne s\u0142owa"},"content":{"rendered":"\n<p>Wizyta Premiera Donalda Tuska w Retkowie, 14 listopada 2025 roku, przekszta\u0142ci\u0142a si\u0119 w scen\u0119 ostrej politycznej konfrontacji, podczas kt\u00f3rej szef rz\u0105du nie kry\u0142 swojego oburzenia wobec decyzji Karola Nawrockiego. <\/p>\n\n\n\n<p>Centralnym punktem sporu, kt\u00f3ry wywo\u0142a\u0142 fal\u0119 krytyki ze strony Tuska, by\u0142a odmowa nominacji dla 46 s\u0119dzi\u00f3w przez g\u0142ow\u0119 pa\u0144stwa.\u00a0<\/p>\n\n\n\n<p>Donald Tusk nazwa\u0142 Nawrockiego &#8220;gwa\u0142cicielem Konstytucji&#8221;. Uderzy\u0142 te\u017c w Dud\u0119<br>Donald Tusk odwiedzi\u0142 Retk\u00f3w 14 listopada, aby zobaczy\u0107 teren budowy nowego szybu dla kopalni KGHM Rudna. Zapytany przez dziennikarzy o decyzj\u0119 Nawrockiego, przyzna\u0142, \u017ce jest ni\u0105 g\u0142\u0119boko zaskoczony.<\/p>\n\n\n\n<ul class=\"wp-block-list\">\n<li>Zd\u0119bia\u0142em, jak si\u0119 dowiedzia\u0142em &#8211; powiedzia\u0142, podkre\u015blaj\u0105c, \u017ce dzia\u0142anie prezydenta uwa\u017ca za skrajnie niepokoj\u0105ce i niezgodne z duchem prawa.<\/li>\n<\/ul>\n\n\n\n<p>Donald Tusk nie ograniczy\u0142 si\u0119 jedynie do wyra\u017cenia zaskoczenia. Podczas swojego wyst\u0105pienia w Retkowie premier u\u017cy\u0142 niezwykle mocnych s\u0142\u00f3w. Wyrazi\u0142 ubolewanie, \u017ce po 1 czerwca, kolejna ju\u017c, czyli trzecia z rz\u0119du kadencja prezydenta \u201epostanawia igra\u0107 z konstytucj\u0105, interpretowa\u0107 j\u0105 w spos\u00f3b niew\u0142a\u015bciwy, narusza\u0107 ducha i liter\u0119 konstytucji\u201d. Tusk zaznaczy\u0142, \u017ce problem ten dotyczy nie tylko przypadku s\u0119dziowskich nominacji, ale jest cz\u0119\u015bci\u0105 szerszej, niepokoj\u0105cej tendencji.<\/p>\n\n\n\n<p>Najbardziej dosadnym i wstrz\u0105saj\u0105cym okre\u015bleniem, jakie pad\u0142o z ust szefa rz\u0105du, by\u0142o nazwanie Karola Nawrockiego \u201egwa\u0142cicielem konstytucji\u201d. Premier powiedzia\u0142 wprost:<\/p>\n\n\n\n<ul class=\"wp-block-list\">\n<li>Jest mi przykro, \u017ce kolejny raz b\u0119dziemy mieli prezydenta, kt\u00f3ry nie czuje si\u0119 stra\u017cnikiem konstytucji, tylko jej gwa\u0142cicielem.\u00a0<br>\u00a0<\/li>\n<\/ul>\n\n\n\n<p>Krytyka Karola Nawrockiego nie jest jedynie werbalnym atakiem; jest r\u00f3wnie\u017c zapowiedzi\u0105 zdecydowanych dzia\u0142a\u0144 ze strony rz\u0105du. Tusk jasno zadeklarowa\u0142, jak zamierza reagowa\u0107 na podobne decyzje prezydenta.<\/p>\n\n\n\n<ul class=\"wp-block-list\">\n<li>(\u2026) b\u0119dzie oznacza\u0142o, niestety, w tej sprawie bardzo tward\u0105 konfrontacj\u0119 z tymi, kt\u00f3rzy chc\u0105 pilnowa\u0107 porz\u0105dku konstytucyjnego\u00a0&#8211; powiedzia\u0142 Tusk w Retkowie.<br><\/li>\n<\/ul>\n\n\n\n<p>Donald Tusk: Nie cofn\u0119 si\u0119 ani o milimetr<br>Podczas spotkania w Retkowie, szef rz\u0105du podkre\u015bli\u0142 tak\u017ce, \u017ce pilnowanie i strze\u017cenie tego porz\u0105dku konstytucyjnego jest jego fundamentalnym zadaniem jako premiera. Z ca\u0142\u0105 stanowczo\u015bci\u0105 zapowiedzia\u0142, \u017ce w tej sprawie: \u201eNie cofn\u0119 si\u0119 ani o milimetr, mowy nie ma\u201d. Tym samym da\u0142 do zrozumienia, \u017ce jego rz\u0105d podejmie wszelkie dost\u0119pne kroki prawne i polityczne, aby przeciwdzia\u0142a\u0107 decyzjom Narowckiego, kt\u00f3re uznaje za podwa\u017caj\u0105ce praworz\u0105dno\u015b\u0107.<\/p>\n\n\n\n<p>Tusk wyrazi\u0142 r\u00f3wnie\u017c g\u0142\u0119bokie rozczarowanie faktem, \u017ce Karol Nawrocki, dopiero co rozpoczynaj\u0105cy swoj\u0105 kadencj\u0119, zdecydowa\u0142 si\u0119 na dzia\u0142ania przypominaj\u0105ce te, za kt\u00f3re krytykowany by\u0142 jego poprzednik.&nbsp;<\/p>\n\n\n\n<ul class=\"wp-block-list\">\n<li>Bardzo \u017ale si\u0119 dzieje, \u017ce prezydent Nawrocki postanowi\u0142 rozpocz\u0105\u0107 swoj\u0105 prezydentur\u0119 od takich samych gier i podst\u0119p\u00f3w jak jego poprzednik &#8211; oceni\u0142 Tusk.<\/li>\n<\/ul>\n\n\n\n<p>Zapytany o ewentualny wniosek o postawienie Nawrockiego przed Trybuna\u0142em Stanu, Tusk tonowa\u0142 nastroje, odpowiadaj\u0105c, \u017ce taki wniosek nie istnieje i &#8220;wydaje mi si\u0119, \u017ce nie warto o tym rozmawia\u0107&#8221;.&nbsp;<\/p>\n\n\n\n<p>Nie zmienia to jednak faktu, \u017ce ca\u0142a wizyta w Retkowie by\u0142a po\u015bwi\u0119cona g\u0142\u00f3wnie ostrze\u017ceniu, i\u017c rz\u0105d jest got\u00f3w na otwarty i nieugi\u0119ty konflikt z prezydentem w obronie integralno\u015bci konstytucji.<br><\/p>\n\n\n\n<p>Donald Tusk krytykuje Nawrockiego. Chodzi o nominacje dla s\u0119dzi\u00f3w<br>Wypowied\u017a Donalda Tuska w Retkowie ma zwi\u0105zek ze \u015brodow\u0105 decyzj\u0105 Karola Nawrockiego, kt\u00f3ry korzystaj\u0105c ze swojego konstytucyjnego prawa, o\u015bwiadczy\u0142 12 listopada 2025 roku, \u017ce odmawia nominacji dla 46 s\u0119dzi\u00f3w. Decyzja ta jest konsekwencj\u0105 wcze\u015bniejszych zapowiedzi prezydenta z pocz\u0105tku jego kadencji.<\/p>\n\n\n\n<p>G\u0142\u00f3wnym powodem, dla kt\u00f3rego Nawrocki podj\u0105\u0142 t\u0119 decyzj\u0119, jest jego przekonanie, \u017ce nie b\u0119dzie awansowa\u0142 ani nominowa\u0142 s\u0119dzi\u00f3w, kt\u00f3rzy \u201ekwestionuj\u0105 porz\u0105dek konstytucyjno-prawny Rzeczpospolitej\u201d. Prezydent zarzuci\u0142 tym osobom, \u017ce \u201es\u0142uchaj\u0105 z\u0142ych podszept\u00f3w ministra sprawiedliwo\u015bci pana Waldemara \u017burka\u201d oraz godz\u0105 w ustr\u00f3j pa\u0144stwa poprzez swoje dzia\u0142ania.<\/p>\n\n\n\n<p>Jak wyja\u015bni\u0142 szef Kancelarii Prezydenta, Zbigniew Bogucki, Nawrocki odmawia awans\u00f3w tym s\u0119dziom, kt\u00f3rzy podejmowali \u201edzia\u0142ania o charakterze takim quasi-politycznym b\u0105d\u017a wprost politycznym\u201d, w tym kwestionowanie statusu innych s\u0119dzi\u00f3w powo\u0142anych zgodnie z procedur\u0105 oraz podwa\u017canie poszczeg\u00f3lnych izb S\u0105du Najwy\u017cszego. Bogucki podkre\u015bli\u0142, \u017ce s\u0119dziowie ci b\u0119d\u0105 mogli nadal orzeka\u0107, ale nie otrzymaj\u0105 awans\u00f3w do wy\u017cszych instancji.<\/p>\n\n\n\n<p>Prezydent powo\u0142a\u0142 si\u0119 na orzeczenie Trybuna\u0142u Konstytucyjnego z 2012 roku, kt\u00f3re potwierdza jego prawo do odmowy nominacji s\u0119dziowskiej. W swojej wypowiedzi Nawrocki zaznaczy\u0142, \u017ce jego decyzja to nie s\u0105 ju\u017c tylko s\u0142owa, ale konkretne dzia\u0142anie, b\u0119d\u0105ce przestrog\u0105 dla \u015brodowiska s\u0119dziowskiego przed uleganiem wp\u0142ywom, kt\u00f3re podwa\u017caj\u0105 polski system prawny. Wskaza\u0142, \u017ce nominacje te by\u0142y analizowane ju\u017c w trakcie prezydentury Andrzeja Dudy, a on postanowi\u0142 spraw\u0119 ostatecznie zako\u0144czy\u0107 odmow\u0105 powo\u0142ania.<br><\/p>\n\n\n\n<p><\/p>\n","protected":false},"excerpt":{"rendered":"Wizyta Premiera Donalda Tuska w Retkowie, 14 listopada 2025 roku, przekszta\u0142ci\u0142a si\u0119 w scen\u0119 ostrej politycznej konfrontacji, podczas kt\u00f3rej szef rz\u0105du nie kry\u0142 \n<a class=\"moretag\" href=\"https:\/\/swiat24.pl.ua\/?p=17603\"> [...]<\/a>","protected":false},"author":1,"featured_media":17604,"comment_status":"open","ping_status":"open","sticky":false,"template":"","format":"standard","meta":{"footnotes":""},"categories":[1],"tags":[],"class_list":["post-17603","post","type-post","status-publish","format-standard","has-post-thumbnail","hentry","category-blog"],"_links":{"self":[{"href":"https:\/\/swiat24.pl.ua\/index.php?rest_route=\/wp\/v2\/posts\/17603","targetHints":{"allow":["GET"]}}],"collection":[{"href":"https:\/\/swiat24.pl.ua\/index.php?rest_route=\/wp\/v2\/posts"}],"about":[{"href":"https:\/\/swiat24.pl.ua\/index.php?rest_route=\/wp\/v2\/types\/post"}],"author":[{"embeddable":true,"href":"https:\/\/swiat24.pl.ua\/index.php?rest_route=\/wp\/v2\/users\/1"}],"replies":[{"embeddable":true,"href":"https:\/\/swiat24.pl.ua\/index.php?rest_route=%2Fwp%2Fv2%2Fcomments&post=17603"}],"version-history":[{"count":1,"href":"https:\/\/swiat24.pl.ua\/index.php?rest_route=\/wp\/v2\/posts\/17603\/revisions"}],"predecessor-version":[{"id":17605,"href":"https:\/\/swiat24.pl.ua\/index.php?rest_route=\/wp\/v2\/posts\/17603\/revisions\/17605"}],"wp:featuredmedia":[{"embeddable":true,"href":"https:\/\/swiat24.pl.ua\/index.php?rest_route=\/wp\/v2\/media\/17604"}],"wp:attachment":[{"href":"https:\/\/swiat24.pl.ua\/index.php?rest_route=%2Fwp%2Fv2%2Fmedia&parent=17603"}],"wp:term":[{"taxonomy":"category","embeddable":true,"href":"https:\/\/swiat24.pl.ua\/index.php?rest_route=%2Fwp%2Fv2%2Fcategories&post=17603"},{"taxonomy":"post_tag","embeddable":true,"href":"https:\/\/swiat24.pl.ua\/index.php?rest_route=%2Fwp%2Fv2%2Ftags&post=17603"}],"curies":[{"name":"wp","href":"https:\/\/api.w.org\/{rel}","templated":true}]}}