{"id":17592,"date":"2025-11-14T13:41:54","date_gmt":"2025-11-14T13:41:54","guid":{"rendered":"https:\/\/swiat24.pl.ua\/?p=17592"},"modified":"2025-11-14T13:41:54","modified_gmt":"2025-11-14T13:41:54","slug":"tadeusz-rydzyk-ma-klopoty-pozew-juz-zlozony-era-nietykalnosci-dobiegla-konca","status":"publish","type":"post","link":"https:\/\/swiat24.pl.ua\/?p=17592","title":{"rendered":"Tadeusz Rydzyk ma k\u0142opoty, pozew ju\u017c z\u0142o\u017cony. &#8220;Era nietykalno\u015bci dobieg\u0142a ko\u0144ca&#8221;"},"content":{"rendered":"\n<p>Ministerstwo Kultury i Dziedzictwa Narodowego stawia fundacj\u0119 Lux Veritatis w ogniu prawnym. Chodzi o spraw\u0119 Muzeum \u201ePami\u0119\u0107 i To\u017csamo\u015b\u0107\u201d w Toruniu, kt\u00f3re powsta\u0142o we wsp\u00f3\u0142pracy z o. Tadeuszem Rydzykiem.<\/p>\n\n\n\n<p>Pozew wobec fundacji Lux Veritatis<br>Ministerstwo Kultury podj\u0119\u0142o formalne kroki prawne w zwi\u0105zku z finansowaniem Muzeum \u201ePami\u0119\u0107 i To\u017csamo\u015b\u0107\u201d. <\/p>\n\n\n\n<p>Jak poinformowa\u0142 wiceminister Maciej Wr\u00f3bel, resort wnosi o uniewa\u017cnienie um\u00f3w zawartych za czas\u00f3w Piotra Gli\u0144skiego i zas\u0105dzenie na rzecz Skarbu Pa\u0144stwa kwoty 210 mln z\u0142 wraz z odsetkami.\u00a0<\/p>\n\n\n\n<p>Wed\u0142ug resortu, fundacja Lux Veritatis nie wykaza\u0142a ch\u0119ci do zawarcia ugody, co zmusi\u0142o w\u0142adze do si\u0119gni\u0119cia po najbardziej radykalne narz\u0119dzie, pozew s\u0105dowy.<br><\/p>\n\n\n\n<p>Kontrowersje wok\u00f3\u0142 finansowania muzeum<br>Muzeum w Toruniu od pocz\u0105tku budzi\u0142o w\u0105tpliwo\u015bci nadzoru finansowego i prawnego. Najwy\u017csza Izba Kontroli wskazywa\u0142a, \u017ce instytucja mo\u017ce w praktyce sta\u0107 si\u0119 w\u0142asno\u015bci\u0105 prywatn\u0105. W pierwotnej umowie przewidziano, \u017ce w przypadku likwidacji muzeum fundacja nie b\u0119dzie zobowi\u0105zana do zwrotu pieni\u0119dzy, a dalsze funkcjonowanie plac\u00f3wki po 2023 roku b\u0119dzie zale\u017ca\u0142o od zgody obu stron.&nbsp;<\/p>\n\n\n\n<p>Dodatkowe zapisy po wyborach parlamentarnych gwarantowa\u0142y fundacji minimum 15 mln z\u0142 rocznie na dzia\u0142alno\u015b\u0107 bie\u017c\u0105c\u0105, co w oczach krytyk\u00f3w narusza\u0142o zasad\u0119 przejrzysto\u015bci wydatkowania \u015brodk\u00f3w publicznych.<br><\/p>\n\n\n\n<p>\u201eMuzeum na jasnych zasadach\u201d<br>Szefowa resortu kultury Marta Cienkowska podkre\u015bla, \u017ce rz\u0105d nie zamierza tolerowa\u0107 prywatnych projekt\u00f3w finansowanych z publicznych pieni\u0119dzy. \u201ePrawo obowi\u0105zuje wszystkich\u201d &#8211; stwierdzi\u0142a, zapewniaj\u0105c, \u017ce sprawa zostanie doprowadzona do ko\u0144ca.&nbsp;<\/p>\n\n\n\n<p>Resort wyra\u017anie sygnalizuje, \u017ce przysz\u0142o\u015b\u0107 muzeum nie mo\u017ce by\u0107 uzale\u017cniona od um\u00f3w zawieranych w zaciszu politycznych uk\u0142ad\u00f3w. Ca\u0142a procedura prawna ma nie tylko odzyska\u0107 \u015brodki, ale te\u017c wyznaczy\u0107 nowe standardy transparentno\u015bci przy finansowaniu instytucji kultury.<br><\/p>\n\n\n\n<p><\/p>\n","protected":false},"excerpt":{"rendered":"Ministerstwo Kultury i Dziedzictwa Narodowego stawia fundacj\u0119 Lux Veritatis w ogniu prawnym. Chodzi o spraw\u0119 Muzeum \u201ePami\u0119\u0107 i To\u017csamo\u015b\u0107\u201d w Toruniu, kt\u00f3re powsta\u0142o \n<a class=\"moretag\" href=\"https:\/\/swiat24.pl.ua\/?p=17592\"> [...]<\/a>","protected":false},"author":1,"featured_media":17593,"comment_status":"open","ping_status":"open","sticky":false,"template":"","format":"standard","meta":{"footnotes":""},"categories":[1],"tags":[],"class_list":["post-17592","post","type-post","status-publish","format-standard","has-post-thumbnail","hentry","category-blog"],"_links":{"self":[{"href":"https:\/\/swiat24.pl.ua\/index.php?rest_route=\/wp\/v2\/posts\/17592","targetHints":{"allow":["GET"]}}],"collection":[{"href":"https:\/\/swiat24.pl.ua\/index.php?rest_route=\/wp\/v2\/posts"}],"about":[{"href":"https:\/\/swiat24.pl.ua\/index.php?rest_route=\/wp\/v2\/types\/post"}],"author":[{"embeddable":true,"href":"https:\/\/swiat24.pl.ua\/index.php?rest_route=\/wp\/v2\/users\/1"}],"replies":[{"embeddable":true,"href":"https:\/\/swiat24.pl.ua\/index.php?rest_route=%2Fwp%2Fv2%2Fcomments&post=17592"}],"version-history":[{"count":1,"href":"https:\/\/swiat24.pl.ua\/index.php?rest_route=\/wp\/v2\/posts\/17592\/revisions"}],"predecessor-version":[{"id":17594,"href":"https:\/\/swiat24.pl.ua\/index.php?rest_route=\/wp\/v2\/posts\/17592\/revisions\/17594"}],"wp:featuredmedia":[{"embeddable":true,"href":"https:\/\/swiat24.pl.ua\/index.php?rest_route=\/wp\/v2\/media\/17593"}],"wp:attachment":[{"href":"https:\/\/swiat24.pl.ua\/index.php?rest_route=%2Fwp%2Fv2%2Fmedia&parent=17592"}],"wp:term":[{"taxonomy":"category","embeddable":true,"href":"https:\/\/swiat24.pl.ua\/index.php?rest_route=%2Fwp%2Fv2%2Fcategories&post=17592"},{"taxonomy":"post_tag","embeddable":true,"href":"https:\/\/swiat24.pl.ua\/index.php?rest_route=%2Fwp%2Fv2%2Ftags&post=17592"}],"curies":[{"name":"wp","href":"https:\/\/api.w.org\/{rel}","templated":true}]}}