{"id":17589,"date":"2025-11-14T12:59:10","date_gmt":"2025-11-14T12:59:10","guid":{"rendered":"https:\/\/swiat24.pl.ua\/?p=17589"},"modified":"2025-11-14T12:59:10","modified_gmt":"2025-11-14T12:59:10","slug":"pierwszy-wpis-ziobry-po-wniosku-o-areszt","status":"publish","type":"post","link":"https:\/\/swiat24.pl.ua\/?p=17589","title":{"rendered":"Pierwszy wpis Ziobry po wniosku o areszt"},"content":{"rendered":"\n<p>Wok\u00f3\u0142 Zbigniewa Ziobry narasta polityczna burza, kt\u00f3ra z ka\u017cdym dniem przyci\u0105ga coraz wi\u0119ksz\u0105 uwag\u0119 opinii publicznej. <\/p>\n\n\n\n<p>Emocjonalne wpisy by\u0142ego ministra, ostre oskar\u017cenia pod adresem rz\u0105du oraz decyzje prokuratury sprawiaj\u0105, \u017ce sprawa nabiera wymiaru nie tylko prawnego, lecz tak\u017ce mocno politycznego.<\/p>\n\n\n\n<p>Ziobro odpowiada na wniosek o areszt<br>Zbigniew Ziobro po raz kolejny w zdecydowanych s\u0142owach odni\u00f3s\u0142 si\u0119 do dzia\u0142a\u0144 wymierzonych w niego przez polskie organy \u015bcigania. Na platformie X by\u0142y minister sprawiedliwo\u015bci okre\u015bli\u0142 wniosek o zastosowanie tymczasowego aresztowania mianem \u201eczystej zemsty\u201d Donalda Tuska.&nbsp;<\/p>\n\n\n\n<p>Twierdzi, \u017ce to odpowied\u017a na \u015bledztwa, kt\u00f3re jak podkre\u015bla &#8211; mia\u0142y ujawnia\u0107 wieloletnie nieprawid\u0142owo\u015bci i korupcj\u0119 w otoczeniu obecnego szefa rz\u0105du. Ziobro, przebywaj\u0105cy obecnie na W\u0119grzech, stanowczo zaprzecza jakimkolwiek zarzutom i przekonuje, \u017ce wszystkie jego decyzje by\u0142y zgodne z prawem.<br><\/p>\n\n\n\n<p>Polityczne napi\u0119cia narastaj\u0105<br>W kolejnych wpisach Ziobro poszed\u0142 o krok dalej, oskar\u017caj\u0105c rz\u0105d o wywieranie bezpo\u015bredniego wp\u0142ywu na decyzje prokuratury i s\u0105d\u00f3w. Jego zdaniem zapowiedzi ze strony Donalda Tuska pojawi\u0142y si\u0119 jeszcze przed tym, jak materia\u0142y trafi\u0142y do s\u0105du, co wed\u0142ug Ziobry ma by\u0107 dowodem na polityczn\u0105 determinacj\u0119, a nie niezale\u017cno\u015b\u0107 instytucji.&nbsp;<\/p>\n\n\n\n<p>Polityk u\u017cy\u0142 por\u00f3wna\u0144 do system\u00f3w autorytarnych, twierdz\u0105c, \u017ce takie praktyki \u201ew normalnym pa\u0144stwie by\u0142yby niemo\u017cliwe\u201d. Wskaza\u0142 r\u00f3wnie\u017c, \u017ce pr\u00f3by odebrania mu wolno\u015bci maj\u0105 s\u0142u\u017cy\u0107 uciszeniu jego g\u0142osu w debacie publicznej.<br><\/p>\n\n\n\n<blockquote class=\"twitter-tweet\" data-media-max-width=\"560\"><p lang=\"pl\" dir=\"ltr\">Zawsze dzia\u0142a\u0142em zgodnie z prawem. Wszystkie decyzje dotycz\u0105ce Funduszu Sprawiedliwo\u015bci mia\u0142y oparcie w ustawach. Dzi\u015b u steru w\u0142adzy w Polsce s\u0105 przest\u0119pcy. Wniosek o m\u00f3j areszt to czysta zemsta Tuska za \u015bledztwa ujawniaj\u0105ce gigantyczne z\u0142odziejstwo w jego otoczeniu &#8211; od Nowaka,\u2026<\/p>&mdash; Zbigniew Ziobro | SP (@ZiobroPL) <a href=\"https:\/\/twitter.com\/ZiobroPL\/status\/1989251779427438917?ref_src=twsrc%5Etfw\">November 14, 2025<\/a><\/blockquote> <script async src=\"https:\/\/platform.twitter.com\/widgets.js\" charset=\"utf-8\"><\/script>\n\n\n\n<p>Atak na koalicj\u0119 rz\u0105dz\u0105c\u0105<br>W dalszej cz\u0119\u015bci swojego o\u015bwiadczenia Ziobro ostro uderzy\u0142 w koalicj\u0119 rz\u0105dz\u0105c\u0105, zarzucaj\u0105c jej bezprawne przej\u0119cie prokuratury, ingerencj\u0119 w s\u0105downictwo oraz likwidacj\u0119 losowego przydzia\u0142u spraw. Wed\u0142ug niego dzia\u0142ania te maj\u0105 umo\u017cliwi\u0107 pe\u0142n\u0105 kontrol\u0119 nad decyzjami s\u0105d\u00f3w.&nbsp;<\/p>\n\n\n\n<p>Polityk PiS utrzymuje, \u017ce obecne w\u0142adze stosuj\u0105 metody, kt\u00f3re maj\u0105 prowadzi\u0107 do jego uciszenia, a zarzuty kierowane przeciwko niemu s\u0105 elementem wi\u0119kszej operacji politycznej. Ziobro zapewnia jednak, \u017ce nie zamierza ust\u0119powa\u0107 i zapowiada, \u017ce w przysz\u0142o\u015bci \u201erozliczy\u201d rz\u0105dz\u0105cych, \u201estanowczo, ale zgodnie z prawem\u201d.<br><\/p>\n","protected":false},"excerpt":{"rendered":"Wok\u00f3\u0142 Zbigniewa Ziobry narasta polityczna burza, kt\u00f3ra z ka\u017cdym dniem przyci\u0105ga coraz wi\u0119ksz\u0105 uwag\u0119 opinii publicznej. Emocjonalne wpisy by\u0142ego ministra, ostre oskar\u017cenia pod \n<a class=\"moretag\" href=\"https:\/\/swiat24.pl.ua\/?p=17589\"> [...]<\/a>","protected":false},"author":1,"featured_media":17590,"comment_status":"open","ping_status":"open","sticky":false,"template":"","format":"standard","meta":{"footnotes":""},"categories":[1],"tags":[],"class_list":["post-17589","post","type-post","status-publish","format-standard","has-post-thumbnail","hentry","category-blog"],"_links":{"self":[{"href":"https:\/\/swiat24.pl.ua\/index.php?rest_route=\/wp\/v2\/posts\/17589","targetHints":{"allow":["GET"]}}],"collection":[{"href":"https:\/\/swiat24.pl.ua\/index.php?rest_route=\/wp\/v2\/posts"}],"about":[{"href":"https:\/\/swiat24.pl.ua\/index.php?rest_route=\/wp\/v2\/types\/post"}],"author":[{"embeddable":true,"href":"https:\/\/swiat24.pl.ua\/index.php?rest_route=\/wp\/v2\/users\/1"}],"replies":[{"embeddable":true,"href":"https:\/\/swiat24.pl.ua\/index.php?rest_route=%2Fwp%2Fv2%2Fcomments&post=17589"}],"version-history":[{"count":1,"href":"https:\/\/swiat24.pl.ua\/index.php?rest_route=\/wp\/v2\/posts\/17589\/revisions"}],"predecessor-version":[{"id":17591,"href":"https:\/\/swiat24.pl.ua\/index.php?rest_route=\/wp\/v2\/posts\/17589\/revisions\/17591"}],"wp:featuredmedia":[{"embeddable":true,"href":"https:\/\/swiat24.pl.ua\/index.php?rest_route=\/wp\/v2\/media\/17590"}],"wp:attachment":[{"href":"https:\/\/swiat24.pl.ua\/index.php?rest_route=%2Fwp%2Fv2%2Fmedia&parent=17589"}],"wp:term":[{"taxonomy":"category","embeddable":true,"href":"https:\/\/swiat24.pl.ua\/index.php?rest_route=%2Fwp%2Fv2%2Fcategories&post=17589"},{"taxonomy":"post_tag","embeddable":true,"href":"https:\/\/swiat24.pl.ua\/index.php?rest_route=%2Fwp%2Fv2%2Ftags&post=17589"}],"curies":[{"name":"wp","href":"https:\/\/api.w.org\/{rel}","templated":true}]}}