{"id":17583,"date":"2025-11-14T12:09:41","date_gmt":"2025-11-14T12:09:41","guid":{"rendered":"https:\/\/swiat24.pl.ua\/?p=17583"},"modified":"2025-11-14T12:09:41","modified_gmt":"2025-11-14T12:09:41","slug":"nawroccy-zapozowali-do-zdjecia-i-sie-zaczelo-gest-pierwszej-damy-wywolal-burze","status":"publish","type":"post","link":"https:\/\/swiat24.pl.ua\/?p=17583","title":{"rendered":"Nawroccy zapozowali do zdj\u0119cia i si\u0119 zacz\u0119\u0142o. Gest pierwszej damy wywo\u0142a\u0142 burz\u0119"},"content":{"rendered":"\n<p>Para Prezydencka w towarzystwie Szefa Gabinetu Prezydenta i jego rodziny. Pami\u0105tkowa fotografia z okazji \u015awi\u0119ta Niepodleg\u0142o\u015bci sta\u0142a si\u0119 viralem z jednego zaskakuj\u0105cego powodu\u2026<\/p>\n\n\n\n<p>Mi\u0119dzy patosem a plotk\u0105: dzie\u0144 niepodleg\u0142o\u015bci w obiektywach<br>\u015awi\u0119to Niepodleg\u0142o\u015bci to w polskiej polityce dzie\u0144 wyznaczony sztywnymi regu\u0142ami. Obowi\u0105zuje podnios\u0142a atmosfera, powaga i \u015bcis\u0142y protok\u00f3\u0142. <\/p>\n\n\n\n<p>Prezydent i Pierwsza Dama staj\u0105 si\u0119 na kilka godzin centrum patriotycznego kalendarza. W tym roku r\u00f3wnie\u017c nie by\u0142o inaczej. Para prezydencka z marsza\u0142kiem Karolem Nawrockim na czele, wzi\u0119\u0142a udzia\u0142 w ca\u0142ym szeregu uroczysto\u015bci, kt\u00f3re stanowi\u0105 \u017celazny punkt ka\u017cdego 11 listopada.<\/p>\n\n\n\n<p>Tradycyjnie, dzie\u0144 rozpocz\u0105\u0142 si\u0119 od ho\u0142du dla Ojc\u00f3w Niepodleg\u0142o\u015bci. Ojcowie Ci, cho\u0107 reprezentowali r\u00f3\u017cne, cz\u0119sto skrajne wizje pa\u0144stwa \u2013 od socjalisty J\u00f3zefa Pi\u0142sudskiego po chadeka Wojciecha Korfantego \u2013 s\u0105 dzi\u015b wspominani razem, jako fundament. Para prezydencka wraz z towarzysz\u0105cymi jej urz\u0119dnikami z\u0142o\u017cyli wie\u0144ce pod najwa\u017cniejszymi pomnikami w stolicy, co jest symbolicznym uk\u0142onem w stron\u0119 tych, kt\u00f3rzy 107 lat temu wywalczyli dla Polski miejsce na mapie.<\/p>\n\n\n\n<p>Nast\u0119pnym obowi\u0105zkowym punktem by\u0142a msza \u015bwi\u0119ta w intencji Ojczyzny. To z kolei podkre\u015blenie nierozerwalnej wi\u0119zi tradycji narodowej z religijn\u0105, w kt\u00f3rej uczestnicz\u0105 najwa\u017cniejsze osoby w pa\u0144stwie. Kulminacja dnia, jak zawsze, mia\u0142a miejsce na Placu Marsza\u0142ka Pi\u0142sudskiego w Warszawie. Tam, przed Grobem Nieznanego \u017bo\u0142nierza, odby\u0142a si\u0119 Uroczysta Odprawa Wart. Prezydent Nawrocki wyg\u0142osi\u0142 przem\u00f3wienie, kt\u00f3re musia\u0142o balansowa\u0107 mi\u0119dzy przypominaniem o historycznej odpowiedzialno\u015bci a nakre\u015blaniem wizji bezpiecznej przysz\u0142o\u015bci. M\u00f3wi\u0142 o jedno\u015bci, o konieczno\u015bci bycia silnym w obliczu zagro\u017ce\u0144 i o tym, \u017ce niepodleg\u0142o\u015b\u0107 nie jest dana raz na zawsze. To s\u0105 te momenty, w kt\u00f3rych polityka na chwil\u0119 ust\u0119puje historii.<br><\/p>\n\n\n\n<figure class=\"wp-block-image size-full\"><img loading=\"lazy\" decoding=\"async\" width=\"1006\" height=\"631\" src=\"https:\/\/swiat24.pl.ua\/wp-content\/uploads\/2025\/11\/image-2.png\" alt=\"\" class=\"wp-image-17584\" srcset=\"https:\/\/swiat24.pl.ua\/wp-content\/uploads\/2025\/11\/image-2.png 1006w, https:\/\/swiat24.pl.ua\/wp-content\/uploads\/2025\/11\/image-2-300x188.png 300w, https:\/\/swiat24.pl.ua\/wp-content\/uploads\/2025\/11\/image-2-768x482.png 768w\" sizes=\"auto, (max-width: 1006px) 100vw, 1006px\" \/><\/figure>\n\n\n\n<p>Protok\u00f3\u0142 kontra rzeczywisto\u015b\u0107: detal, kt\u00f3ry porwa\u0142 sie\u0107<br>Jednak, jak to zwykle bywa w erze internetu, uwaga medi\u00f3w i internaut\u00f3w rzadko skupia si\u0119 wy\u0142\u0105cznie na podnios\u0142ych przem\u00f3wieniach. Kiedy ju\u017c zgas\u0142y \u015bwiat\u0142a na placu Pi\u0142sudskiego i nadszed\u0142 czas na mniej formalne spotkania, protok\u00f3\u0142 zacz\u0105\u0142 si\u0119 \u0142ama\u0107 pod ci\u0119\u017carem ludzkiej ciekawo\u015bci.<\/p>\n\n\n\n<p>W\u015br\u00f3d go\u015bci, kt\u00f3rzy spotkali si\u0119 z par\u0105 prezydenck\u0105 po oficjalnej cz\u0119\u015bci, by\u0142 Pawe\u0142 Szefernaker, szef Gabinetu Prezydenta, wraz ze swoj\u0105 \u017con\u0105 Magdalen\u0105 i synami. Zgodnie z dzisiejszymi zwyczajami, zrobiono wsp\u00f3lne zdj\u0119cie, kt\u00f3re Pan Minister Szefernaker opublikowa\u0142 w mediach spo\u0142eczno\u015bciowych. I w\u0142a\u015bnie ten jeden kadr sta\u0142 si\u0119 nowym tematem numer jeden, przy\u0107miewaj\u0105c wszystkie uroczyste przem\u00f3wienia.<\/p>\n\n\n\n<ol start=\"107\" class=\"wp-block-list\">\n<li>rocznica odzyskania przez Polsk\u0119 niepodleg\u0142o\u015bci. Rodzinne \u015bwi\u0119towanie z Par\u0105 Prezydenck\u0105 \u2014 napisali.<\/li>\n<\/ol>\n\n\n\n<p>Dlaczego? Poniewa\u017c internauci zwr\u00f3cili uwag\u0119 na jeden, z pozoru nieistotny detal: d\u0142o\u0144 \u017cony szefa Gabinetu Prezydenta. Pani Magdalena, pozuj\u0105c do zdj\u0119cia, delikatnie po\u0142o\u017cy\u0142a palec na d\u0142oni Karola Nawrockiego. To wystarczy\u0142o. Internet, kt\u00f3ry \u017cyje z wyolbrzymiania i nadinterpretacji, natychmiast zawrza\u0142.<br><\/p>\n\n\n\n<p>Czy \u017ceczywi\u015bcie mamy do czynienia z powa\u017cnym skandalem?<br>Z perspektywy normalnego \u017cycia jest to \u017caden incydent. Palec po\u0142o\u017cony na d\u0142oni w trakcie grupowego zdj\u0119cia to gest absolutnie neutralny, wynikaj\u0105cy z u\u0142o\u017cenia r\u0105k w ciasnej grupie. By\u0107 mo\u017ce by\u0142 to odruch, ch\u0119\u0107 podtrzymania r\u00f3wnowagi, czy po prostu nie\u015bwiadomy kontakt w t\u0142umie. Ale dla internetowej spo\u0142eczno\u015bci, kt\u00f3ra szuka drugiego dna nawet w najprostszych sytuacjach, sta\u0142o si\u0119 to dowodem na wszystko i na nic. W komentarzach natychmiast rozpocz\u0119\u0142a si\u0119 lawina spekulacji, domys\u0142\u00f3w i \u2013 co gorsza \u2013 z\u0142o\u015bliwo\u015bci.<\/p>\n\n\n\n<p>A kim jest ta pani, kt\u00f3ra wciska paluszek w palce prezydenta? To jego rodzina?<br>Smyr, smyr po paluszku<br>Czemu twoja \u017cona trzyma tego drugiego za paluszka? Maj\u0105 co\u015b wsp\u00f3lnego? \u2014 czytamy<br>Ten incydent, cho\u0107 \u015bmieszny w swojej trywialno\u015bci, pokazuje, jak nieustannej kontroli poddana jest ka\u017cda publiczna osoba. Nawet w dniu tak wa\u017cnym jak \u015awi\u0119to Niepodleg\u0142o\u015bci, po godzinach sp\u0119dzonych na uroczysto\u015bciach, po\u017carach, marszach i mszach, wystarczy jeden ma\u0142y b\u0142\u0105d kadrowy lub gest, aby ca\u0142a uwaga opinii publicznej zesz\u0142a z patosu historii na rzecz plotki. To przestroga: w dzisiejszym \u015bwiecie nie ma ju\u017c miejsca na przypadkowo\u015b\u0107, a nawet najbardziej niewinny palec na d\u0142oni mo\u017ce zosta\u0107 odczytany jako sensacja.&nbsp;<\/p>\n\n\n\n<p>Z tej perspektywy, uroczysto\u015bci 11 listopada to nie tylko \u015bwi\u0119to historii, ale i wieczysty sprawdzian dla ka\u017cdego polityka \u2013 czy potrafi on kontrolowa\u0107 nie tylko s\u0142owa, ale i ka\u017cdy centymetr przestrzeni wok\u00f3\u0142 siebie.<br><\/p>\n\n\n\n<blockquote class=\"instagram-media\" data-instgrm-captioned data-instgrm-permalink=\"https:\/\/www.instagram.com\/p\/DQ7nsbOjDzV\/?utm_source=ig_embed&amp;utm_campaign=loading\" data-instgrm-version=\"14\" style=\" background:#FFF; border:0; border-radius:3px; box-shadow:0 0 1px 0 rgba(0,0,0,0.5),0 1px 10px 0 rgba(0,0,0,0.15); margin: 1px; max-width:540px; min-width:326px; padding:0; width:99.375%; width:-webkit-calc(100% - 2px); width:calc(100% - 2px);\"><div style=\"padding:16px;\"> <a href=\"https:\/\/www.instagram.com\/p\/DQ7nsbOjDzV\/?utm_source=ig_embed&amp;utm_campaign=loading\" style=\" background:#FFFFFF; line-height:0; padding:0 0; text-align:center; text-decoration:none; width:100%;\" target=\"_blank\"> <div style=\" display: flex; flex-direction: row; align-items: center;\"> <div style=\"background-color: #F4F4F4; border-radius: 50%; flex-grow: 0; height: 40px; margin-right: 14px; width: 40px;\"><\/div> <div style=\"display: flex; flex-direction: column; flex-grow: 1; justify-content: center;\"> <div style=\" background-color: #F4F4F4; border-radius: 4px; flex-grow: 0; height: 14px; margin-bottom: 6px; width: 100px;\"><\/div> <div style=\" background-color: #F4F4F4; border-radius: 4px; flex-grow: 0; height: 14px; width: 60px;\"><\/div><\/div><\/div><div style=\"padding: 19% 0;\"><\/div> <div style=\"display:block; height:50px; margin:0 auto 12px; width:50px;\"><svg width=\"50px\" height=\"50px\" viewBox=\"0 0 60 60\" version=\"1.1\" xmlns=\"https:\/\/www.w3.org\/2000\/svg\" xmlns:xlink=\"https:\/\/www.w3.org\/1999\/xlink\"><g stroke=\"none\" stroke-width=\"1\" fill=\"none\" fill-rule=\"evenodd\"><g transform=\"translate(-511.000000, -20.000000)\" fill=\"#000000\"><g><path d=\"M556.869,30.41 C554.814,30.41 553.148,32.076 553.148,34.131 C553.148,36.186 554.814,37.852 556.869,37.852 C558.924,37.852 560.59,36.186 560.59,34.131 C560.59,32.076 558.924,30.41 556.869,30.41 M541,60.657 C535.114,60.657 530.342,55.887 530.342,50 C530.342,44.114 535.114,39.342 541,39.342 C546.887,39.342 551.658,44.114 551.658,50 C551.658,55.887 546.887,60.657 541,60.657 M541,33.886 C532.1,33.886 524.886,41.1 524.886,50 C524.886,58.899 532.1,66.113 541,66.113 C549.9,66.113 557.115,58.899 557.115,50 C557.115,41.1 549.9,33.886 541,33.886 M565.378,62.101 C565.244,65.022 564.756,66.606 564.346,67.663 C563.803,69.06 563.154,70.057 562.106,71.106 C561.058,72.155 560.06,72.803 558.662,73.347 C557.607,73.757 556.021,74.244 553.102,74.378 C549.944,74.521 548.997,74.552 541,74.552 C533.003,74.552 532.056,74.521 528.898,74.378 C525.979,74.244 524.393,73.757 523.338,73.347 C521.94,72.803 520.942,72.155 519.894,71.106 C518.846,70.057 518.197,69.06 517.654,67.663 C517.244,66.606 516.755,65.022 516.623,62.101 C516.479,58.943 516.448,57.996 516.448,50 C516.448,42.003 516.479,41.056 516.623,37.899 C516.755,34.978 517.244,33.391 517.654,32.338 C518.197,30.938 518.846,29.942 519.894,28.894 C520.942,27.846 521.94,27.196 523.338,26.654 C524.393,26.244 525.979,25.756 528.898,25.623 C532.057,25.479 533.004,25.448 541,25.448 C548.997,25.448 549.943,25.479 553.102,25.623 C556.021,25.756 557.607,26.244 558.662,26.654 C560.06,27.196 561.058,27.846 562.106,28.894 C563.154,29.942 563.803,30.938 564.346,32.338 C564.756,33.391 565.244,34.978 565.378,37.899 C565.522,41.056 565.552,42.003 565.552,50 C565.552,57.996 565.522,58.943 565.378,62.101 M570.82,37.631 C570.674,34.438 570.167,32.258 569.425,30.349 C568.659,28.377 567.633,26.702 565.965,25.035 C564.297,23.368 562.623,22.342 560.652,21.575 C558.743,20.834 556.562,20.326 553.369,20.18 C550.169,20.033 549.148,20 541,20 C532.853,20 531.831,20.033 528.631,20.18 C525.438,20.326 523.257,20.834 521.349,21.575 C519.376,22.342 517.703,23.368 516.035,25.035 C514.368,26.702 513.342,28.377 512.574,30.349 C511.834,32.258 511.326,34.438 511.181,37.631 C511.035,40.831 511,41.851 511,50 C511,58.147 511.035,59.17 511.181,62.369 C511.326,65.562 511.834,67.743 512.574,69.651 C513.342,71.625 514.368,73.296 516.035,74.965 C517.703,76.634 519.376,77.658 521.349,78.425 C523.257,79.167 525.438,79.673 528.631,79.82 C531.831,79.965 532.853,80.001 541,80.001 C549.148,80.001 550.169,79.965 553.369,79.82 C556.562,79.673 558.743,79.167 560.652,78.425 C562.623,77.658 564.297,76.634 565.965,74.965 C567.633,73.296 568.659,71.625 569.425,69.651 C570.167,67.743 570.674,65.562 570.82,62.369 C570.966,59.17 571,58.147 571,50 C571,41.851 570.966,40.831 570.82,37.631\"><\/path><\/g><\/g><\/g><\/svg><\/div><div style=\"padding-top: 8px;\"> <div style=\" color:#3897f0; font-family:Arial,sans-serif; font-size:14px; font-style:normal; font-weight:550; line-height:18px;\">\u041f\u043e\u0441\u043c\u043e\u0442\u0440\u0435\u0442\u044c \u044d\u0442\u0443 \u043f\u0443\u0431\u043b\u0438\u043a\u0430\u0446\u0438\u044e \u0432 Instagram<\/div><\/div><div style=\"padding: 12.5% 0;\"><\/div> <div style=\"display: flex; flex-direction: row; margin-bottom: 14px; align-items: center;\"><div> <div style=\"background-color: #F4F4F4; border-radius: 50%; height: 12.5px; width: 12.5px; transform: translateX(0px) translateY(7px);\"><\/div> <div style=\"background-color: #F4F4F4; height: 12.5px; transform: rotate(-45deg) translateX(3px) translateY(1px); width: 12.5px; flex-grow: 0; margin-right: 14px; margin-left: 2px;\"><\/div> <div style=\"background-color: #F4F4F4; border-radius: 50%; height: 12.5px; width: 12.5px; transform: translateX(9px) translateY(-18px);\"><\/div><\/div><div style=\"margin-left: 8px;\"> <div style=\" background-color: #F4F4F4; border-radius: 50%; flex-grow: 0; height: 20px; width: 20px;\"><\/div> <div style=\" width: 0; height: 0; border-top: 2px solid transparent; border-left: 6px solid #f4f4f4; border-bottom: 2px solid transparent; transform: translateX(16px) translateY(-4px) rotate(30deg)\"><\/div><\/div><div style=\"margin-left: auto;\"> <div style=\" width: 0px; border-top: 8px solid #F4F4F4; border-right: 8px solid transparent; transform: translateY(16px);\"><\/div> <div style=\" background-color: #F4F4F4; flex-grow: 0; height: 12px; width: 16px; transform: translateY(-4px);\"><\/div> <div style=\" width: 0; height: 0; border-top: 8px solid #F4F4F4; border-left: 8px solid transparent; transform: translateY(-4px) translateX(8px);\"><\/div><\/div><\/div> <div style=\"display: flex; flex-direction: column; flex-grow: 1; justify-content: center; margin-bottom: 24px;\"> <div style=\" background-color: #F4F4F4; border-radius: 4px; flex-grow: 0; height: 14px; margin-bottom: 6px; width: 224px;\"><\/div> <div style=\" background-color: #F4F4F4; border-radius: 4px; flex-grow: 0; height: 14px; width: 144px;\"><\/div><\/div><\/a><p style=\" color:#c9c8cd; font-family:Arial,sans-serif; font-size:14px; line-height:17px; margin-bottom:0; margin-top:8px; overflow:hidden; padding:8px 0 7px; text-align:center; text-overflow:ellipsis; white-space:nowrap;\"><a href=\"https:\/\/www.instagram.com\/p\/DQ7nsbOjDzV\/?utm_source=ig_embed&amp;utm_campaign=loading\" style=\" color:#c9c8cd; font-family:Arial,sans-serif; font-size:14px; font-style:normal; font-weight:normal; line-height:17px; text-decoration:none;\" target=\"_blank\">\u041f\u0443\u0431\u043b\u0438\u043a\u0430\u0446\u0438\u044f \u043e\u0442 Magdalena Szefernaker (@mszefernaker)<\/a><\/p><\/div><\/blockquote>\n<script async src=\"\/\/www.instagram.com\/embed.js\"><\/script>\n\n\n\n<figure class=\"wp-block-embed is-type-video is-provider-youtube wp-block-embed-youtube wp-embed-aspect-16-9 wp-has-aspect-ratio\"><div class=\"wp-block-embed__wrapper\">\n<iframe loading=\"lazy\" title=\"Maja Hy\u017cy bez ogr\u00f3dek o Kaczorowskiej! To koniec ich relacji!\" width=\"747\" height=\"420\" src=\"https:\/\/www.youtube.com\/embed\/jTR31gQl0pg?feature=oembed\" frameborder=\"0\" allow=\"accelerometer; autoplay; clipboard-write; encrypted-media; gyroscope; picture-in-picture; web-share\" referrerpolicy=\"strict-origin-when-cross-origin\" allowfullscreen><\/iframe>\n<\/div><\/figure>\n","protected":false},"excerpt":{"rendered":"Para Prezydencka w towarzystwie Szefa Gabinetu Prezydenta i jego rodziny. Pami\u0105tkowa fotografia z okazji \u015awi\u0119ta Niepodleg\u0142o\u015bci sta\u0142a si\u0119 viralem z jednego zaskakuj\u0105cego powodu\u2026 \n<a class=\"moretag\" href=\"https:\/\/swiat24.pl.ua\/?p=17583\"> [...]<\/a>","protected":false},"author":1,"featured_media":17585,"comment_status":"open","ping_status":"open","sticky":false,"template":"","format":"standard","meta":{"footnotes":""},"categories":[1],"tags":[],"class_list":["post-17583","post","type-post","status-publish","format-standard","has-post-thumbnail","hentry","category-blog"],"_links":{"self":[{"href":"https:\/\/swiat24.pl.ua\/index.php?rest_route=\/wp\/v2\/posts\/17583","targetHints":{"allow":["GET"]}}],"collection":[{"href":"https:\/\/swiat24.pl.ua\/index.php?rest_route=\/wp\/v2\/posts"}],"about":[{"href":"https:\/\/swiat24.pl.ua\/index.php?rest_route=\/wp\/v2\/types\/post"}],"author":[{"embeddable":true,"href":"https:\/\/swiat24.pl.ua\/index.php?rest_route=\/wp\/v2\/users\/1"}],"replies":[{"embeddable":true,"href":"https:\/\/swiat24.pl.ua\/index.php?rest_route=%2Fwp%2Fv2%2Fcomments&post=17583"}],"version-history":[{"count":1,"href":"https:\/\/swiat24.pl.ua\/index.php?rest_route=\/wp\/v2\/posts\/17583\/revisions"}],"predecessor-version":[{"id":17586,"href":"https:\/\/swiat24.pl.ua\/index.php?rest_route=\/wp\/v2\/posts\/17583\/revisions\/17586"}],"wp:featuredmedia":[{"embeddable":true,"href":"https:\/\/swiat24.pl.ua\/index.php?rest_route=\/wp\/v2\/media\/17585"}],"wp:attachment":[{"href":"https:\/\/swiat24.pl.ua\/index.php?rest_route=%2Fwp%2Fv2%2Fmedia&parent=17583"}],"wp:term":[{"taxonomy":"category","embeddable":true,"href":"https:\/\/swiat24.pl.ua\/index.php?rest_route=%2Fwp%2Fv2%2Fcategories&post=17583"},{"taxonomy":"post_tag","embeddable":true,"href":"https:\/\/swiat24.pl.ua\/index.php?rest_route=%2Fwp%2Fv2%2Ftags&post=17583"}],"curies":[{"name":"wp","href":"https:\/\/api.w.org\/{rel}","templated":true}]}}