{"id":17558,"date":"2025-11-13T18:26:12","date_gmt":"2025-11-13T18:26:12","guid":{"rendered":"https:\/\/swiat24.pl.ua\/?p=17558"},"modified":"2025-11-13T18:26:12","modified_gmt":"2025-11-13T18:26:12","slug":"grzegorz-braun-w-koncu-sie-doigral-pe-podjal-bezlitosna-decyzje","status":"publish","type":"post","link":"https:\/\/swiat24.pl.ua\/?p=17558","title":{"rendered":"Grzegorz Braun w ko\u0144cu si\u0119 doigra\u0142. PE podj\u0105\u0142 bezlitosn\u0105 decyzj\u0119"},"content":{"rendered":"\n<p>Parlament Europejski uchyli\u0142 immunitet Grzegorzowi Braunowi. Europos\u0142owie przychylili si\u0119 do wniosku skierowanego do PE przez Adama Bodnara. Sprawa dotyczy podejrzenia pope\u0142nienia przest\u0119pstw.<\/p>\n\n\n\n<p>Parlament Europejski zdecydowa\u0142 ws. Grzegorza Brauna<br>Tym razem Prokuratura Okr\u0119gowa we Wroc\u0142awiu podejrzewa by\u0142ego pos\u0142a Konfederacji o pozbawienie wolno\u015bci ginekolo\u017cki Gizeli Jagielskiej, naruszenie jej nietykalno\u015bci cielesnej,<\/p>\n\n\n\n<p> zniewa\u017cenie s\u0142owami obel\u017cywymi, pom\u00f3wienie, zniszczenie 10 plakat\u00f3w Stowarzyszenia T\u0119czowe Opole farb\u0105 z napisem &#8220;STOP PROPAGANDZIE ZBOCZE\u0143&#8221; i publiczne nawo\u0142ywanie do nienawi\u015bci wyznaniowej.<\/p>\n\n\n\n<p>Przypomnijmy, \u017ce 16 kwietnia Grzegorz Braun wtargn\u0105\u0142 na teren szpitala w Ole\u015bnicy, by uniemo\u017cliwi\u0107 Gizeli Jagielskiej wykonanie aborcji w 36. tygodniu ci\u0105\u017cy u pacjentki cierpi\u0105cej na powa\u017cne problemy psychiczne. Europose\u0142 t\u0142umaczy\u0142, \u017ce jego celem by\u0142o &#8220;obywatelskie zatrzymanie&#8221;. Na antenie Republiki por\u00f3wna\u0142 lekark\u0119 do nazistowskiego zbrodniarza Josefa Mengele.<br><\/p>\n\n\n\n<p>\u015aledztwo przeciw Grzegorzowi Braunowi trwa<br>W marcu Grzegorz Braun zniszczy\u0142 wystaw\u0119 &#8220;Jest nas wi\u0119cej! Sprowokuj z nami r\u00f3wno\u015b\u0107&#8221; na opolskim rynku. Straty oszacowano na 35 tys. z\u0142. Miasto zapowiedzia\u0142o, \u017ce b\u0119dzie dochodzi\u0107 swoich praw do odszkodowania.<\/p>\n\n\n\n<p>Ostatni zarzut dotyczy wywiadu, kt\u00f3rego Braun udzieli\u0142 po tym, jak zgasi\u0142 ga\u015bnic\u0105 menor\u0119 chanukow\u0105. Europose\u0142 mia\u0142 swoj\u0105 wypowiedzi\u0105 zach\u0119ca\u0107 odbiorc\u00f3w do podejmowania podobnych zachowa\u0144. R\u00f3wnocze\u015bnie nazwa\u0142 Chanuk\u0119 &#8220;cz\u0119\u015bci\u0105 satanistycznej i rasistowskiej celebracji&#8221; stanowi\u0105cej zagro\u017cenie dla katolik\u00f3w.<br><\/p>\n\n\n\n<p>Grzegorz Braun zosta\u0142 pozbawiony immunitetu<br>Parlament Europejski podj\u0105\u0142 decyzj\u0119 w sprawie uchylenia immunitetu europos\u0142owi Grzegorzowi Braunowi. O wynikach g\u0142osowania poinformowa\u0142 za po\u015brednictwem medi\u00f3w spo\u0142eczno\u015bciowych Micha\u0142 Szczerba. Polityk opublikowa\u0142 zdj\u0119cie ekranu, na kt\u00f3rym wy\u015bwietlono rozk\u0142ad g\u0142os\u00f3w.<\/p>\n\n\n\n<p>A\u017c 554 europarlamentarzyst\u00f3w zag\u0142osowa\u0142o za ukaraniem Grzegorza Brauna uchyleniem immunitetu. Tylko 60 sprzeciwi\u0142o si\u0119 temu pomys\u0142owi. Decyzja mog\u0142a wi\u0119c by\u0107 tylko jedna.<\/p>\n\n\n\n<p>Uchylony immunitet Grzegorza Brauna. Mia\u017cd\u017c\u0105c\u0105 liczb\u0105 g\u0142os\u00f3w \u2014 czytamy.<br><\/p>\n\n\n\n<blockquote class=\"twitter-tweet\" data-media-max-width=\"560\"><p lang=\"pl\" dir=\"ltr\">Uchylony immunitet Brauna. Mia\u017cdz\u0105ca liczb\u0105 g\u0142os\u00f3w. <a href=\"https:\/\/t.co\/Evpt5Wq1wp\">pic.twitter.com\/Evpt5Wq1wp<\/a><\/p>&mdash; Micha\u0142 Szczerba (@MichalSzczerba) <a href=\"https:\/\/twitter.com\/MichalSzczerba\/status\/1988907562612187279?ref_src=twsrc%5Etfw\">November 13, 2025<\/a><\/blockquote> <script async src=\"https:\/\/platform.twitter.com\/widgets.js\" charset=\"utf-8\"><\/script>\n\n\n\n<p><\/p>\n","protected":false},"excerpt":{"rendered":"Parlament Europejski uchyli\u0142 immunitet Grzegorzowi Braunowi. Europos\u0142owie przychylili si\u0119 do wniosku skierowanego do PE przez Adama Bodnara. Sprawa dotyczy podejrzenia pope\u0142nienia przest\u0119pstw. Parlament \n<a class=\"moretag\" href=\"https:\/\/swiat24.pl.ua\/?p=17558\"> [...]<\/a>","protected":false},"author":1,"featured_media":17559,"comment_status":"open","ping_status":"open","sticky":false,"template":"","format":"standard","meta":{"footnotes":""},"categories":[1],"tags":[],"class_list":["post-17558","post","type-post","status-publish","format-standard","has-post-thumbnail","hentry","category-blog"],"_links":{"self":[{"href":"https:\/\/swiat24.pl.ua\/index.php?rest_route=\/wp\/v2\/posts\/17558","targetHints":{"allow":["GET"]}}],"collection":[{"href":"https:\/\/swiat24.pl.ua\/index.php?rest_route=\/wp\/v2\/posts"}],"about":[{"href":"https:\/\/swiat24.pl.ua\/index.php?rest_route=\/wp\/v2\/types\/post"}],"author":[{"embeddable":true,"href":"https:\/\/swiat24.pl.ua\/index.php?rest_route=\/wp\/v2\/users\/1"}],"replies":[{"embeddable":true,"href":"https:\/\/swiat24.pl.ua\/index.php?rest_route=%2Fwp%2Fv2%2Fcomments&post=17558"}],"version-history":[{"count":1,"href":"https:\/\/swiat24.pl.ua\/index.php?rest_route=\/wp\/v2\/posts\/17558\/revisions"}],"predecessor-version":[{"id":17560,"href":"https:\/\/swiat24.pl.ua\/index.php?rest_route=\/wp\/v2\/posts\/17558\/revisions\/17560"}],"wp:featuredmedia":[{"embeddable":true,"href":"https:\/\/swiat24.pl.ua\/index.php?rest_route=\/wp\/v2\/media\/17559"}],"wp:attachment":[{"href":"https:\/\/swiat24.pl.ua\/index.php?rest_route=%2Fwp%2Fv2%2Fmedia&parent=17558"}],"wp:term":[{"taxonomy":"category","embeddable":true,"href":"https:\/\/swiat24.pl.ua\/index.php?rest_route=%2Fwp%2Fv2%2Fcategories&post=17558"},{"taxonomy":"post_tag","embeddable":true,"href":"https:\/\/swiat24.pl.ua\/index.php?rest_route=%2Fwp%2Fv2%2Ftags&post=17558"}],"curies":[{"name":"wp","href":"https:\/\/api.w.org\/{rel}","templated":true}]}}