{"id":17508,"date":"2025-11-12T14:30:34","date_gmt":"2025-11-12T14:30:34","guid":{"rendered":"https:\/\/swiat24.pl.ua\/?p=17508"},"modified":"2025-11-12T14:30:34","modified_gmt":"2025-11-12T14:30:34","slug":"tak-ubrala-sie-marta-nawrocka-do-paryza-fani-nie-dowierzaja-przesadzila","status":"publish","type":"post","link":"https:\/\/swiat24.pl.ua\/?p=17508","title":{"rendered":"Tak ubra\u0142a si\u0119 Marta Nawrocka do Pary\u017ca. Fani nie dowierzaj\u0105. Przesadzi\u0142a!"},"content":{"rendered":"\n<p>Marta Nawrocka po raz kolejny przyci\u0105gn\u0119\u0142a uwag\u0119 medi\u00f3w \u2013 tym razem nie s\u0142owami, lecz stylizacj\u0105.<\/p>\n\n\n\n<p> Podczas dzisiejszej odprawy na lotnisku w Warszawie, gdzie wraz z m\u0119\u017cem, prezydentem\u00a0<strong>Karolem Nawrockim<\/strong>, wylatywa\u0142a do Pary\u017ca, wszystkie spojrzenia skierowane by\u0142y w\u0142a\u015bnie na ni\u0105. Pierwsza Dama postawi\u0142a na odwa\u017cne spodnie, kt\u00f3re wzbudzi\u0142y prawdziw\u0105 burz\u0119 komentarzy.<\/p>\n\n\n\n<h3 class=\"wp-block-heading\">Kim jest Marta Nawrocka? Od funkcjonariuszki do Pierwszej Damy<\/h3>\n\n\n\n<p>Zanim zosta\u0142a Pierwsz\u0105 Dam\u0105,&nbsp;<strong>Marta Nawrocka<\/strong>&nbsp;przez 18 lat pracowa\u0142a w strukturach pa\u0144stwowych \u2013 najpierw w&nbsp;<strong>S\u0142u\u017cbie Celnej<\/strong>, a potem w&nbsp;<strong>Krajowej Administracji Skarbowej<\/strong>, gdzie zajmowa\u0142a si\u0119 m.in. zwalczaniem przest\u0119pczo\u015bci gospodarczej i nielegalnego hazardu. W sierpniu przesz\u0142a na wcze\u015bniejsz\u0105&nbsp;<strong>emerytur\u0119 mundurow\u0105<\/strong>, dzi\u0119ki czemu mog\u0142a w pe\u0142ni po\u015bwi\u0119ci\u0107 si\u0119 nowym obowi\u0105zkom w Pa\u0142acu Prezydenckim.<\/p>\n\n\n\n<p>Wraz z m\u0119\u017cem wychowuje tr\u00f3jk\u0119 dzieci, a w rozmowach z mediami podkre\u015bla, \u017ce mimo nowej roli wci\u0105\u017c stara si\u0119 zachowa\u0107 codzienn\u0105 normalno\u015b\u0107. \u2013&nbsp;<em>To, \u017ce jestem Pierwsz\u0105 Dam\u0105, nie znaczy, \u017ce przesta\u0142am pra\u0107, gotowa\u0107 i zajmowa\u0107 si\u0119 domem. To daje mi spok\u00f3j<\/em>&nbsp;\u2013 m\u00f3wi\u0142a w wywiadzie dla \u201eVivy!\u201d.<\/p>\n\n\n\n<h3 class=\"wp-block-heading\">Stylizacja, kt\u00f3ra podzieli\u0142a fan\u00f3w<\/h3>\n\n\n\n<p>Podczas wylotu do Pary\u017ca, gdzie para prezydencka ma wzi\u0105\u0107 udzia\u0142 w uroczysto\u015bci otwarcia&nbsp;<strong>Kaplicy Polskiej w katedrze Notre-Dame<\/strong>, Marta Nawrocka zaprezentowa\u0142a stylizacj\u0119, kt\u00f3ra natychmiast trafi\u0142a na czo\u0142\u00f3wki portali.<\/p>\n\n\n\n<p>Pierwsza Dama postawi\u0142a na elegancki, kremowy \u017cakiet i dopasowan\u0105 bluzk\u0119 w neutralnym odcieniu. Uwag\u0119 wszystkich przyci\u0105gn\u0119\u0142y jednak&nbsp;<strong>spodnie o nietypowym kroju i wzorze<\/strong>&nbsp;\u2013 szerokie, geometryczne, z delikatnym po\u0142yskiem, kt\u00f3re kontrastowa\u0142y z klasyczn\u0105 g\u00f3r\u0105.<\/p>\n\n\n\n<p>Komentarze w sieci nie pozostawi\u0142y w\u0105tpliwo\u015bci \u2013 to jeden z najbardziej \u015bmia\u0142ych wybor\u00f3w stylizacyjnych, na jakie zdecydowa\u0142a si\u0119 dot\u0105d \u017cona prezydenta.<\/p>\n\n\n\n<p>\u2013&nbsp;<em>Nie do wiary, \u017ce Pierwsza Dama mog\u0142a za\u0142o\u017cy\u0107 takie spodnie!<\/em>&nbsp;\u2013 pisz\u0105 internauci.<br>\u2013&nbsp;<em>Wreszcie kto\u015b, kto \u0142\u0105czy klas\u0119 z nowoczesno\u015bci\u0105!<\/em>&nbsp;\u2013 odpowiadaj\u0105 inni.<\/p>\n\n\n\n<h3 class=\"wp-block-heading\">Odwaga czy przesada?<\/h3>\n\n\n\n<p>Cho\u0107 cz\u0119\u015b\u0107 komentator\u00f3w zarzuca jej \u201eprzesad\u0119\u201d i zbyt modowy eksperyment jak na oficjaln\u0105 okazj\u0119, wi\u0119kszo\u015b\u0107 stylist\u00f3w docenia ten ruch. Ich zdaniem to&nbsp;<strong>\u015bwiadomy sygna\u0142<\/strong>, \u017ce Nawrocka chce pokaza\u0107 nowoczesne oblicze Pierwszej Damy \u2013 kobiety silnej, aktywnej, ale te\u017c bliskiej ludziom i trendom.<\/p>\n\n\n\n<p>\u2013&nbsp;<em>To stylizacja z charakterem. Marta Nawrocka udowadnia, \u017ce mo\u017cna \u0142\u0105czy\u0107 elegancj\u0119 z odrobin\u0105 odwagi \u2013 nawet w oficjalnych okoliczno\u015bciach<\/em>&nbsp;\u2013 komentuje znana stylistka \u017baklina Skowro\u0144ska.<\/p>\n\n\n\n<p>W Pary\u017cu Pierwsza Dama ma wzi\u0105\u0107 udzia\u0142 w spotkaniach z przedstawicielami polskiej diaspory i z\u0142o\u017cy\u0107 kwiaty pod Pomnikiem Polskiego \u017bo\u0142nierza. Jednak jeszcze zanim wsiad\u0142a do samolotu, jej stylizacja zd\u0105\u017cy\u0142a rozpali\u0107 dyskusj\u0119 w internecie.<\/p>\n\n\n\n<p>Jedno jest pewne \u2013&nbsp;<strong>Marta Nawrocka potrafi przyci\u0105gn\u0105\u0107 uwag\u0119 jak ma\u0142o kto w polskiej polityce<\/strong>.<\/p>\n\n\n\n<blockquote class=\"twitter-tweet\" data-media-max-width=\"560\"><p lang=\"pl\" dir=\"ltr\">Pierwsza Dama Marta Nawrocka w drodze do Pary\u017ca  Jutro we\u017amie udzia\u0142 w uroczysto\u015bci inauguracji Kaplicy Polskiej w Katedrze Notre-Dame. Ma\u0142\u017conce Prezydenta w tej podr\u00f3\u017cy towarzyszy szef gabinetu Prezydenta <a href=\"https:\/\/twitter.com\/szefernaker?ref_src=twsrc%5Etfw\">@szefernaker<\/a> oraz doradca <a href=\"https:\/\/twitter.com\/JanKasprzyk?ref_src=twsrc%5Etfw\">@JanKasprzyk<\/a>. <a href=\"https:\/\/t.co\/sLBKWrM0NL\">pic.twitter.com\/sLBKWrM0NL<\/a><\/p>&mdash; \u017baklina Skowro\u0144ska (@zaklinaskowron) <a href=\"https:\/\/twitter.com\/zaklinaskowron\/status\/1986781183032570010?ref_src=twsrc%5Etfw\">November 7, 2025<\/a><\/blockquote> <script async src=\"https:\/\/platform.twitter.com\/widgets.js\" charset=\"utf-8\"><\/script>\n\n\n\n<p><\/p>\n","protected":false},"excerpt":{"rendered":"Marta Nawrocka po raz kolejny przyci\u0105gn\u0119\u0142a uwag\u0119 medi\u00f3w \u2013 tym razem nie s\u0142owami, lecz stylizacj\u0105. Podczas dzisiejszej odprawy na lotnisku w Warszawie, gdzie \n<a class=\"moretag\" href=\"https:\/\/swiat24.pl.ua\/?p=17508\"> [...]<\/a>","protected":false},"author":1,"featured_media":17509,"comment_status":"open","ping_status":"open","sticky":false,"template":"","format":"standard","meta":{"footnotes":""},"categories":[1],"tags":[],"class_list":["post-17508","post","type-post","status-publish","format-standard","has-post-thumbnail","hentry","category-blog"],"_links":{"self":[{"href":"https:\/\/swiat24.pl.ua\/index.php?rest_route=\/wp\/v2\/posts\/17508","targetHints":{"allow":["GET"]}}],"collection":[{"href":"https:\/\/swiat24.pl.ua\/index.php?rest_route=\/wp\/v2\/posts"}],"about":[{"href":"https:\/\/swiat24.pl.ua\/index.php?rest_route=\/wp\/v2\/types\/post"}],"author":[{"embeddable":true,"href":"https:\/\/swiat24.pl.ua\/index.php?rest_route=\/wp\/v2\/users\/1"}],"replies":[{"embeddable":true,"href":"https:\/\/swiat24.pl.ua\/index.php?rest_route=%2Fwp%2Fv2%2Fcomments&post=17508"}],"version-history":[{"count":1,"href":"https:\/\/swiat24.pl.ua\/index.php?rest_route=\/wp\/v2\/posts\/17508\/revisions"}],"predecessor-version":[{"id":17510,"href":"https:\/\/swiat24.pl.ua\/index.php?rest_route=\/wp\/v2\/posts\/17508\/revisions\/17510"}],"wp:featuredmedia":[{"embeddable":true,"href":"https:\/\/swiat24.pl.ua\/index.php?rest_route=\/wp\/v2\/media\/17509"}],"wp:attachment":[{"href":"https:\/\/swiat24.pl.ua\/index.php?rest_route=%2Fwp%2Fv2%2Fmedia&parent=17508"}],"wp:term":[{"taxonomy":"category","embeddable":true,"href":"https:\/\/swiat24.pl.ua\/index.php?rest_route=%2Fwp%2Fv2%2Fcategories&post=17508"},{"taxonomy":"post_tag","embeddable":true,"href":"https:\/\/swiat24.pl.ua\/index.php?rest_route=%2Fwp%2Fv2%2Ftags&post=17508"}],"curies":[{"name":"wp","href":"https:\/\/api.w.org\/{rel}","templated":true}]}}