{"id":17497,"date":"2025-11-12T11:26:19","date_gmt":"2025-11-12T11:26:19","guid":{"rendered":"https:\/\/swiat24.pl.ua\/?p=17497"},"modified":"2025-11-12T11:26:19","modified_gmt":"2025-11-12T11:26:19","slug":"nawrocki-bezlitosnie-krytykuje-polskie-gwiazdy-te-slowa-wykrzyczal-w-trakcie-marszu","status":"publish","type":"post","link":"https:\/\/swiat24.pl.ua\/?p=17497","title":{"rendered":"Nawrocki bezlito\u015bnie krytykuje polskie gwiazdy. Te s\u0142owa wykrzycza\u0142 w trakcie Marszu"},"content":{"rendered":"\n<p>W sieci wrze po s\u0142owach Karola Nawrockiego na temat polskich gwiazd. W trakcie Marszu Niepodleg\u0142o\u015bci prezydent ostro skrytykowa\u0142 polskich celebryt\u00f3w. Dlaczego?<\/p>\n\n\n\n<p>Marsz Niepodleg\u0142o\u015bci 2025. Karol Nawrocki prowadzi\u0142 Polak\u00f3w<br>11 listopada 2025 roku ulice Warszawy wype\u0142ni\u0142y si\u0119 bia\u0142o-czerwonymi flagami, okrzykami i t\u0142umem ludzi, kt\u00f3rzy przyszli uczci\u0107 odzyskanie przez Polsk\u0119 niepodleg\u0142o\u015bci. <\/p>\n\n\n\n<p>Tegoroczny Marsz Niepodleg\u0142o\u015bci przyci\u0105gn\u0105\u0142 setki tysi\u0119cy uczestnik\u00f3w, w\u015br\u00f3d kt\u00f3rych wyra\u017anie zauwa\u017calna by\u0142a obecno\u015b\u0107 r\u00f3\u017cnych grup spo\u0142ecznych, organizacji patriotycznych i os\u00f3b publicznych.<\/p>\n\n\n\n<p>Jednym z bardziej komentowanych moment\u00f3w by\u0142o do\u0142\u0105czenie do marszu Karola Nawrockiego. Prezydent podni\u00f3s\u0142 flag\u0119 narodow\u0105, pozdrawia\u0142 uczestnik\u00f3w i przeszed\u0142 z nimi fragment trasy, co w relacjach medialnych i w\u015br\u00f3d obserwator\u00f3w interpretowane by\u0142o jako symboliczne wsparcie dla idei patriotyzmu. Niekt\u00f3rzy komentatorzy zwracali uwag\u0119, \u017ce jego obecno\u015b\u0107 podkre\u015bla rosn\u0105c\u0105 rol\u0119 Nawrockiego na scenie publicznej i mo\u017ce mie\u0107 r\u00f3wnie\u017c wymiar polityczny.<\/p>\n\n\n\n<p>Marsz rozpocz\u0105\u0142 si\u0119 przy rondzie Dmowskiego i przeszed\u0142 przez centrum stolicy a\u017c na b\u0142onia Stadionu Narodowego. Pomimo du\u017cej liczby uczestnik\u00f3w, organizatorzy i s\u0142u\u017cby podkre\u015blali, \u017ce przemarsz odby\u0142 si\u0119 bez powa\u017cnych incydent\u00f3w. Pojawia\u0142y si\u0119 jedynie pojedyncze u\u017cycia materia\u0142\u00f3w pirotechnicznych, kt\u00f3re s\u0142u\u017cby monitorowa\u0142y, przypominaj\u0105c o zachowaniu bezpiecze\u0144stwa.<\/p>\n\n\n\n<p>Co roku Marsz Niepodleg\u0142o\u015bci staje si\u0119 z jednej strony \u015bwi\u0119tem patriotyzmu, z drugiej \u2013 aren\u0105 publicznej debaty o jego charakterze i znaczeniu. W tym roku ulice Warszawy pokaza\u0142y, \u017ce dla wielu os\u00f3b 11 listopada to nie tylko data w kalendarzu, ale okazja do manifestowania dumy narodowej i wsp\u00f3lnego prze\u017cywania historii.<\/p>\n\n\n\n<p>Nie oby\u0142o si\u0119 jednak bez kontrowersji.<br><\/p>\n\n\n\n<figure class=\"wp-block-image size-full\"><img loading=\"lazy\" decoding=\"async\" width=\"1004\" height=\"660\" src=\"https:\/\/swiat24.pl.ua\/wp-content\/uploads\/2025\/11\/image.png\" alt=\"\" class=\"wp-image-17498\" srcset=\"https:\/\/swiat24.pl.ua\/wp-content\/uploads\/2025\/11\/image.png 1004w, https:\/\/swiat24.pl.ua\/wp-content\/uploads\/2025\/11\/image-300x197.png 300w, https:\/\/swiat24.pl.ua\/wp-content\/uploads\/2025\/11\/image-768x505.png 768w\" sizes=\"auto, (max-width: 1004px) 100vw, 1004px\" \/><\/figure>\n\n\n\n<p>Karol Nawrocki przy\u0142apany ze snusem<br>Karol Nawrocki ponownie znalaz\u0142 si\u0119 w centrum medialnej uwagi podczas Marszu Niepodleg\u0142o\u015bci w Warszawie. Do sieci trafi\u0142o nagranie, na kt\u00f3rym wida\u0107, \u017ce prezydent u\u017cywa snusu, czyli popularnych woreczk\u00f3w nikotynowych, kt\u00f3re wcze\u015bniej wywo\u0142a\u0142y kontrowersje w trakcie jego udzia\u0142u w debacie prezydenckiej z Rafa\u0142em Trzaskowskim w 2025 roku.<\/p>\n\n\n\n<p>W\u00f3wczas gest Nawrockiego \u2013 si\u0119gni\u0119cie po saszetk\u0119 nikotynow\u0105 \u2013 wywo\u0142a\u0142 fal\u0119 spekulacji. Sztab polityka t\u0142umaczy\u0142, \u017ce chodzi\u0142o o gum\u0119 nikotynow\u0105, jednak media sugerowa\u0142y, \u017ce prawdopodobnie by\u0142 to snus, produkt w Polsce budz\u0105cy zar\u00f3wno kontrowersje prawne, jak i dyskusje zdrowotne. Wydarzenie wywo\u0142a\u0142o debat\u0119 o tym, jak u\u017cywanie takich produkt\u00f3w przez osoby publiczne mo\u017ce wp\u0142ywa\u0107 na opini\u0119 spo\u0142eczn\u0105, a tak\u017ce czy gest mia\u0142 charakter symboliczny, reklamowy czy po prostu rozpraszaj\u0105cy widz\u00f3w.<\/p>\n\n\n\n<p>Powr\u00f3t tej sytuacji podczas Marszu Niepodleg\u0142o\u015bci pokaza\u0142, \u017ce nawet drobne gesty polityk\u00f3w \u2013 jak si\u0119gni\u0119cie po snus \u2013 szybko staj\u0105 si\u0119 elementem publicznej narracji i mog\u0105 wywo\u0142ywa\u0107 komentarze w mediach spo\u0142eczno\u015bciowych. W przypadku Nawrockiego, u\u017cycie snusu w przestrzeni publicznej po raz kolejny sta\u0142o si\u0119 tematem rozm\u00f3w o granicach wizerunku i przyzwyczajeniach os\u00f3b publicznych.<\/p>\n\n\n\n<p>To nie koniec. Prezydent powiedzia\u0142 tak\u017ce ostre s\u0142owa pod adresem polskich gwiazd.<br><\/p>\n\n\n\n<p>Karol Nawrocki krytykuje polskie gwiazdy<br>Podczas uroczysto\u015bci z okazji 11\u202flistopada na placu Marsza\u0142ka J\u00f3zefa Pi\u0142sudskiego w Warszawie Karol Nawrocki wyg\u0142osi\u0142 przem\u00f3wienie, w kt\u00f3rym podkre\u015bli\u0142 wag\u0119 s\u0142u\u017cby mundurowych, a zarazem nie szcz\u0119dzi\u0142 s\u0142\u00f3w krytyki wobec os\u00f3b publicznych \u2014 w jego opinii \u2013 lekcewa\u017c\u0105cych znaczenie polskiego munduru.\u202f<\/p>\n\n\n\n<p>M\u00f3wi\u0119 to do wszystkich \u017co\u0142nierzy i funkcjonariuszy z wielkim uznaniem waszej codziennej pracy dla naszego bezpiecze\u0144stwa i dla funkcjonowania pa\u0144stwa polskiego\u201d \u2014 rozpocz\u0105\u0142.&nbsp;<\/p>\n\n\n\n<p>Nast\u0119pnie odwo\u0142a\u0142 si\u0119 do zachowa\u0144 niekt\u00f3rych celebryt\u00f3w:<\/p>\n\n\n\n<p>I chc\u0119 wam powiedzie\u0107, \u017ce nawet je\u015bli jacy\u015b celebryci obra\u017caj\u0105 polski mundur, u\u017cywaj\u0105c s\u0142\u00f3w, kt\u00f3re nie powinny pada\u0107 w przestrzeni publicznej, szczeg\u00f3lnie do polskiego \u017co\u0142nierza, je\u015bli nawet polski s\u0105d nie jest w stanie zareagowa\u0107 na to zgodnie z polsk\u0105 racj\u0105 stanu, to ja jako prezydent Polski w imieniu narodu, kt\u00f3ry tu jest, jeste\u015bcie narodzie?<\/p>\n\n\n\n<p>Cho\u0107 Nawrocki nie wymieni\u0142 nazwisk, jego s\u0142owa odbi\u0142y si\u0119 szerokim echem w mediach. Komentatorzy zwracaj\u0105 uwag\u0119, \u017ce m\u00f3g\u0142 nawi\u0105zywa\u0107 do pretekstu sprzed kilku lat, gdy aktorka Barbara Kurdej\u2011Szatan zosta\u0142a oskar\u017cona o obra\u017canie funkcjonariuszy Stra\u017cy Granicznej \u2014 sprawa p\u00f3\u017aniej zosta\u0142a umorzona.\u202f<\/p>\n\n\n\n<p>W rozmowach publicznych pojawiaj\u0105 si\u0119 pytania o granic\u0119 mi\u0119dzy wolno\u015bci\u0105 s\u0142owa a odpowiedzialno\u015bci\u0105 za wypowiedzi wobec s\u0142u\u017cb pa\u0144stwowych. S\u0142owa Nawrockiego sprawi\u0142y, \u017ce temat powr\u00f3ci\u0142 z wi\u0119ksz\u0105 si\u0142\u0105: czy krytyka celebryt\u00f3w ma realny wp\u0142yw na presti\u017c munduru i autorytet pa\u0144stwa? I czy osoby publiczne powinny by\u0107 bardziej wyczulone na to, jakie tre\u015bci przekazuj\u0105?\u202f<br><\/p>\n\n\n\n<figure class=\"wp-block-image size-full\"><img loading=\"lazy\" decoding=\"async\" width=\"1009\" height=\"653\" src=\"https:\/\/swiat24.pl.ua\/wp-content\/uploads\/2025\/11\/image-1.png\" alt=\"\" class=\"wp-image-17499\" srcset=\"https:\/\/swiat24.pl.ua\/wp-content\/uploads\/2025\/11\/image-1.png 1009w, https:\/\/swiat24.pl.ua\/wp-content\/uploads\/2025\/11\/image-1-300x194.png 300w, https:\/\/swiat24.pl.ua\/wp-content\/uploads\/2025\/11\/image-1-768x497.png 768w\" sizes=\"auto, (max-width: 1009px) 100vw, 1009px\" \/><\/figure>\n\n\n\n<figure class=\"wp-block-embed is-type-video is-provider-youtube wp-block-embed-youtube wp-embed-aspect-16-9 wp-has-aspect-ratio\"><div class=\"wp-block-embed__wrapper\">\nhttps:\/\/youtu.be\/4Px01VnOjdI\n<\/div><\/figure>\n","protected":false},"excerpt":{"rendered":"W sieci wrze po s\u0142owach Karola Nawrockiego na temat polskich gwiazd. W trakcie Marszu Niepodleg\u0142o\u015bci prezydent ostro skrytykowa\u0142 polskich celebryt\u00f3w. Dlaczego? Marsz Niepodleg\u0142o\u015bci \n<a class=\"moretag\" href=\"https:\/\/swiat24.pl.ua\/?p=17497\"> [...]<\/a>","protected":false},"author":1,"featured_media":17500,"comment_status":"open","ping_status":"open","sticky":false,"template":"","format":"standard","meta":{"footnotes":""},"categories":[1],"tags":[],"class_list":["post-17497","post","type-post","status-publish","format-standard","has-post-thumbnail","hentry","category-blog"],"_links":{"self":[{"href":"https:\/\/swiat24.pl.ua\/index.php?rest_route=\/wp\/v2\/posts\/17497","targetHints":{"allow":["GET"]}}],"collection":[{"href":"https:\/\/swiat24.pl.ua\/index.php?rest_route=\/wp\/v2\/posts"}],"about":[{"href":"https:\/\/swiat24.pl.ua\/index.php?rest_route=\/wp\/v2\/types\/post"}],"author":[{"embeddable":true,"href":"https:\/\/swiat24.pl.ua\/index.php?rest_route=\/wp\/v2\/users\/1"}],"replies":[{"embeddable":true,"href":"https:\/\/swiat24.pl.ua\/index.php?rest_route=%2Fwp%2Fv2%2Fcomments&post=17497"}],"version-history":[{"count":1,"href":"https:\/\/swiat24.pl.ua\/index.php?rest_route=\/wp\/v2\/posts\/17497\/revisions"}],"predecessor-version":[{"id":17501,"href":"https:\/\/swiat24.pl.ua\/index.php?rest_route=\/wp\/v2\/posts\/17497\/revisions\/17501"}],"wp:featuredmedia":[{"embeddable":true,"href":"https:\/\/swiat24.pl.ua\/index.php?rest_route=\/wp\/v2\/media\/17500"}],"wp:attachment":[{"href":"https:\/\/swiat24.pl.ua\/index.php?rest_route=%2Fwp%2Fv2%2Fmedia&parent=17497"}],"wp:term":[{"taxonomy":"category","embeddable":true,"href":"https:\/\/swiat24.pl.ua\/index.php?rest_route=%2Fwp%2Fv2%2Fcategories&post=17497"},{"taxonomy":"post_tag","embeddable":true,"href":"https:\/\/swiat24.pl.ua\/index.php?rest_route=%2Fwp%2Fv2%2Ftags&post=17497"}],"curies":[{"name":"wp","href":"https:\/\/api.w.org\/{rel}","templated":true}]}}