{"id":17482,"date":"2025-11-11T16:43:53","date_gmt":"2025-11-11T16:43:53","guid":{"rendered":"https:\/\/swiat24.pl.ua\/?p=17482"},"modified":"2025-11-11T16:43:53","modified_gmt":"2025-11-11T16:43:53","slug":"legendarna-polska-gwiazda-zyje-w-syfie-jej-mieszkanie-to-pobojowisko","status":"publish","type":"post","link":"https:\/\/swiat24.pl.ua\/?p=17482","title":{"rendered":"Legendarna polska gwiazda \u017cyje w syfie. Jej mieszkanie to pobojowisko"},"content":{"rendered":"\n<p>Wi\u0119kszo\u015b\u0107 gwiazd na Instagramie pokazuje perfekcyjnie utrzymane, luksusowe wn\u0119trza swoich dom\u00f3w. Jednak ona zdecydowanie wybija si\u0119 z tego trendu. Legenda polskiej sceny muzycznej otwarcie przyznaje, \u017ce jej mieszkanie to prawdziwe pobojowisko. Co kryje si\u0119 za tym nietypowym podej\u015bciem?<\/p>\n\n\n\n<h2 class=\"wp-block-heading\">Ba\u0142agan w domach celebryt\u00f3w \u2013 temat coraz bardziej otwarty<\/h2>\n\n\n\n<p>Cho\u0107 wizerunek nieskazitelnego \u017cycia i sterylnych przestrzeni jest cz\u0119sto podsycany przez media spo\u0142eczno\u015bciowe, niekt\u00f3re gwiazdy odchodz\u0105 od tej wyg\u0142adzonej maski. Ba\u0142agan w domach znanych os\u00f3b przestaje by\u0107 tematem tabu \u2013 dla wielu to po prostu naturalna cz\u0119\u015b\u0107 \u017cycia.<\/p>\n\n\n\n<p><strong>Natalia Klimas<\/strong>&nbsp;jest przyk\u0142adem aktorki, kt\u00f3ra bez obaw dzieli si\u0119 zdj\u0119ciami otwartych szuflad czy porozrzucanych ubra\u0144. Na Instagramie pokazuje nieidealno\u015b\u0107 codzienno\u015bci, co spotyka si\u0119 z aprobat\u0105 jej fanek, kt\u00f3re dostrzegaj\u0105 w tym autentyczno\u015b\u0107.<\/p>\n\n\n\n<figure class=\"wp-block-image\"><img decoding=\"async\" src=\"https:\/\/www.bystragrazyna.pl\/wp-content\/uploads\/2025\/10\/1741.jpg\" alt=\"\" class=\"wp-image-23645\"\/><\/figure>\n\n\n\n<p>Podobnie&nbsp;<strong>Honorata Skarbek<\/strong>&nbsp;nie ukrywa, \u017ce mimo upodobania do estetyki, jej mieszkanie bywa miejscem totalnego chaosu. Roz\u0142o\u017cone paczki z nowo\u015bciami i kosmetyki to efekt intensywnego stylu \u017cycia, gdzie priorytety uk\u0142adaj\u0105 si\u0119 inaczej ni\u017c w poradnikach domowego porz\u0105dku.<\/p>\n\n\n\n<p>Nie tylko w Polsce celebryci otwarcie m\u00f3wi\u0105 o ba\u0142aganie.&nbsp;<strong>Jennifer Lawrence, Adele i Miley Cyrus<\/strong>&nbsp;podkre\u015bla\u0142y, \u017ce ich \u017cycie rzadko przypomina u\u0142o\u017cony, perfekcyjny scenariusz. Cz\u0119sto ba\u0142agan to dla nich symbol tw\u00f3rczej wolno\u015bci i autentycznej codzienno\u015bci.<\/p>\n\n\n\n<p>W\u015br\u00f3d polskich gwiazd, kt\u00f3re publicznie przyzna\u0142y, \u017ce nie dbaj\u0105 o porz\u0105dek, jest w\u0142a\u015bnie Agnieszka Chyli\u0144ska.<\/p>\n\n\n\n<h2 class=\"wp-block-heading\">Agnieszka Chyli\u0144ska \u2013 artystka z charakterem i prawdziw\u0105 histori\u0105<\/h2>\n\n\n\n<p><strong>Agnieszka Barbara Chyli\u0144ska<\/strong>&nbsp;to jedna z najbardziej rozpoznawalnych postaci na polskiej scenie muzycznej. Urodzona 23 maja 1976 roku w Gda\u0144sku, rozpocz\u0119\u0142a swoj\u0105 karier\u0119 muzyczn\u0105 ju\u017c w liceum, b\u0119d\u0105c p\u00f3\u017aniej cz\u0142onkini\u0105 zespo\u0142u Second Face. Najwi\u0119kszy rozg\u0142os przynios\u0142a jej rola wokalistki legendarnej grupy O.N.A., z kt\u00f3r\u0105 nagra\u0142a takie przeboje jak \u201eKiedy powiem sobie do\u015b\u0107\u201d czy \u201eJestem silna\u201d.<\/p>\n\n\n\n<p>Po rozpadzie zespo\u0142u w 2003 roku kontynuowa\u0142a karier\u0119 solow\u0105, a album&nbsp;<em>Modern Rocking<\/em>&nbsp;z 2009 roku spotka\u0142 si\u0119 z du\u017cym uznaniem. Jej muzyka ewoluowa\u0142a od rocka a\u017c do eksperymentalnych i elektronicznych d\u017awi\u0119k\u00f3w. Chyli\u0144ska da\u0142a si\u0119 te\u017c pozna\u0107 jako jurorka w programach telewizyjnych takich jak&nbsp;<em>Mam Talent!<\/em>&nbsp;i&nbsp;<em>Mali Giganci<\/em>, a tak\u017ce jako autorka ksi\u0105\u017cek dla dzieci oraz kreatorka projekt\u00f3w artystycznych.<\/p>\n\n\n\n<p>\u017bycie prywatne Agnieszki \u0142\u0105czy stabilno\u015b\u0107 z wyzwaniami. W 2010 roku wysz\u0142a za m\u0105\u017c za Marka, kt\u00f3ry pozostaje poza \u015bwiat\u0142ami fleszy, a razem maj\u0105 troje dzieci: syna Ryszarda oraz c\u00f3rki Ester\u0119 i Krystyn\u0119. Chocia\u017c artystka rzadko pokazuje rodzin\u0119 publicznie, otwarcie opowiada o trudach macierzy\u0144stwa i specyfice opieki nad dzie\u0107mi wymagaj\u0105cymi szczeg\u00f3lnej uwagi.<\/p>\n\n\n\n<p>\u015awi\u0119tuj\u0105c 30-lecie kariery, Chyli\u0144ska podkre\u015bli\u0142a, \u017ce cho\u0107 osi\u0105gn\u0119\u0142a sukcesy i zdoby\u0142a uznanie, codzienna rzeczywisto\u015b\u0107 bywa najtrudniejsza. Pierwsze honoraria pami\u0119ta jako symbolicznie niskie, a sw\u00f3j sukces zawdzi\u0119cza przede wszystkim odwadze i autentyczno\u015bci. Ta szczero\u015b\u0107 i \u017cyciowa energia sprawiaj\u0105, \u017ce Agnieszka \u017cyje \u201epo swojemu\u201d \u2013 tak\u017ce w kwestii aran\u017cacji i utrzymania swojego domu.<\/p>\n\n\n\n<figure class=\"wp-block-image\"><img decoding=\"async\" src=\"https:\/\/www.bystragrazyna.pl\/wp-content\/uploads\/2025\/10\/image-1.png\" alt=\"\" class=\"wp-image-23648\"\/><\/figure>\n\n\n\n<h2 class=\"wp-block-heading\">Dom Agnieszki Chyli\u0144skiej \u2013 przestrze\u0144 pe\u0142na \u017cycia i unikalnego stylu<\/h2>\n\n\n\n<p><strong>Wn\u0119trze domu Chyli\u0144skiej to \u015bwiadome odej\u015bcie od modnych trend\u00f3w i minimalistycznych aran\u017cacji.<\/strong>&nbsp;Zamiast tego dom wype\u0142niony jest eklektyzmem, gdzie ka\u017cdy element ma swoj\u0105 histori\u0119 i znaczenie. Kolory \u015bcian mieszaj\u0105 si\u0119 z wzorzystymi tapetami, a szyde\u0142kowe dekoracje oraz motywy religijne nadaj\u0105 przestrzeni unikatowy charakter.<\/p>\n\n\n\n<p>Sypialnia jest jednym z najbardziej zaskakuj\u0105cych pomieszcze\u0144 \u2013 \u015bciana ozdobiona wizerunkami Maryi budzi zdziwienie nawet w\u015br\u00f3d najwierniejszych fan\u00f3w Chyli\u0144skiej. Wn\u0119trze przepe\u0142nia artystyczna atmosfera i wyraz osobistej wolno\u015bci. W\u015br\u00f3d element\u00f3w domowego \u017cycia mo\u017cna dostrzec drewniane schody, rega\u0142y pe\u0142ne ksi\u0105\u017cek, dzieci\u0119ce rysunki na \u015bcianach oraz farby i kredki porozrzucane wok\u00f3\u0142 \u2013 \u015blady \u017cycia mamy i artystki jednocze\u015bnie.<\/p>\n\n\n\n<p>W salonie zwraca uwag\u0119 vintage\u2019owy zegar i oprawiona koszulka Ekstraklasy, kt\u00f3re \u0142\u0105cz\u0105 si\u0119 z osobistymi historiami i emocjami. Mimo \u017cywej artystycznej ekspresji, czytelny jest brak idealizmu w kwestii porz\u0105dku:<\/p>\n\n\n\n<blockquote class=\"wp-block-quote is-layout-flow wp-block-quote-is-layout-flow\">\n<p>U nas w domu jest totalny syf, ale telewizor to jest taka stara szko\u0142a: musi by\u0107 wyczyszczony mikrofibr\u0105. Marek o to dba.<\/p>\n<\/blockquote>\n\n\n\n<p>Dla Agnieszki Chyli\u0144skiej najwa\u017cniejsza jest autentyczno\u015b\u0107 i swoboda w otaczaj\u0105cej j\u0105 przestrzeni. Jej mieszkanie to dom, w kt\u00f3rym codzienno\u015b\u0107 \u0142\u0105czy si\u0119 ze sztuk\u0105, a ba\u0142agan zyskuje sw\u00f3j w\u0142asny sens i uzasadnienie.<\/p>\n\n\n\n<figure class=\"wp-block-image\"><img decoding=\"async\" src=\"https:\/\/www.bystragrazyna.pl\/wp-content\/uploads\/2025\/10\/image.png\" alt=\"\" class=\"wp-image-23647\"\/><\/figure>\n","protected":false},"excerpt":{"rendered":"Wi\u0119kszo\u015b\u0107 gwiazd na Instagramie pokazuje perfekcyjnie utrzymane, luksusowe wn\u0119trza swoich dom\u00f3w. Jednak ona zdecydowanie wybija si\u0119 z tego trendu. Legenda polskiej sceny muzycznej \n<a class=\"moretag\" href=\"https:\/\/swiat24.pl.ua\/?p=17482\"> [...]<\/a>","protected":false},"author":1,"featured_media":17483,"comment_status":"open","ping_status":"open","sticky":false,"template":"","format":"standard","meta":{"footnotes":""},"categories":[1],"tags":[],"class_list":["post-17482","post","type-post","status-publish","format-standard","has-post-thumbnail","hentry","category-blog"],"_links":{"self":[{"href":"https:\/\/swiat24.pl.ua\/index.php?rest_route=\/wp\/v2\/posts\/17482","targetHints":{"allow":["GET"]}}],"collection":[{"href":"https:\/\/swiat24.pl.ua\/index.php?rest_route=\/wp\/v2\/posts"}],"about":[{"href":"https:\/\/swiat24.pl.ua\/index.php?rest_route=\/wp\/v2\/types\/post"}],"author":[{"embeddable":true,"href":"https:\/\/swiat24.pl.ua\/index.php?rest_route=\/wp\/v2\/users\/1"}],"replies":[{"embeddable":true,"href":"https:\/\/swiat24.pl.ua\/index.php?rest_route=%2Fwp%2Fv2%2Fcomments&post=17482"}],"version-history":[{"count":1,"href":"https:\/\/swiat24.pl.ua\/index.php?rest_route=\/wp\/v2\/posts\/17482\/revisions"}],"predecessor-version":[{"id":17484,"href":"https:\/\/swiat24.pl.ua\/index.php?rest_route=\/wp\/v2\/posts\/17482\/revisions\/17484"}],"wp:featuredmedia":[{"embeddable":true,"href":"https:\/\/swiat24.pl.ua\/index.php?rest_route=\/wp\/v2\/media\/17483"}],"wp:attachment":[{"href":"https:\/\/swiat24.pl.ua\/index.php?rest_route=%2Fwp%2Fv2%2Fmedia&parent=17482"}],"wp:term":[{"taxonomy":"category","embeddable":true,"href":"https:\/\/swiat24.pl.ua\/index.php?rest_route=%2Fwp%2Fv2%2Fcategories&post=17482"},{"taxonomy":"post_tag","embeddable":true,"href":"https:\/\/swiat24.pl.ua\/index.php?rest_route=%2Fwp%2Fv2%2Ftags&post=17482"}],"curies":[{"name":"wp","href":"https:\/\/api.w.org\/{rel}","templated":true}]}}