{"id":17476,"date":"2025-11-11T16:34:16","date_gmt":"2025-11-11T16:34:16","guid":{"rendered":"https:\/\/swiat24.pl.ua\/?p=17476"},"modified":"2025-11-11T16:34:16","modified_gmt":"2025-11-11T16:34:16","slug":"trzaskowski-jasno-o-marszu-niepodleglosci-wspomnial-tez-o-nawrockim","status":"publish","type":"post","link":"https:\/\/swiat24.pl.ua\/?p=17476","title":{"rendered":"Trzaskowski jasno o Marszu Niepodleg\u0142o\u015bci. Wspomnia\u0142 te\u017c o Nawrockim"},"content":{"rendered":"\n<p>Rafa\u0142 Trzaskowski w dniu obchod\u00f3w Narodowego \u015awi\u0119ta Niepodleg\u0142o\u015bci, z\u0142o\u017cy\u0142 kwiaty przed pomnikiem J\u00f3zefa Pi\u0142sudskiego i odni\u00f3s\u0142 si\u0119 do kwestii Marszu Niepodleg\u0142o\u015bci.&nbsp; Wielu si\u0119 zastanawia\u0142o, czy prezydent Warszawy pojawi si\u0119 podczas wielkiego wydarzenia. Rano polityk odni\u00f3s\u0142 si\u0119 do sprawy.<\/p>\n\n\n\n<p>Czy Rafa\u0142 Trzaskowski pojawi si\u0119 na Marszu Niepodleg\u0142o\u015bci? Prezydent wyja\u015bni\u0142<br>Ju\u017c kilka dni temu Rafa\u0142 Trzaskowski odpowiedzia\u0142, \u017ce nie we\u017amie udzia\u0142u w tegorocznym Marszu Niepodleg\u0142o\u015bci. Prezydent zauwa\u017cy\u0142, \u017ce cho\u0107 ma nadziej\u0119, i\u017c kiedy\u015b nast\u0105pi taka okazja, kiedy wszyscy b\u0119d\u0105 mogli p\u00f3j\u015b\u0107 razem w marszu, okoliczno\u015bci te niestety nie zosta\u0142y spe\u0142nione.<\/p>\n\n\n\n<p>Prezydent Warszawy uzna\u0142, \u017ce wydarzenie &#8220;dalej jest imprez\u0105 jednego \u015brodowiska&#8221;, a on sam chcia\u0142by, aby \u015awi\u0119to Niepodleg\u0142o\u015bci mog\u0142o by\u0107 celebrowane wsp\u00f3lnie przez wszystkich. Zamiast tego, zaprosi\u0142 mieszka\u0144c\u00f3w na organizowany przez miasto koncert &#8220;Wsp\u00f3lna Niepodleg\u0142a&#8221; na Cytadeli Warszawskiej.<br><\/p>\n\n\n\n<p>Rafa\u0142 Trzaskowski rano z\u0142o\u017cy\u0142 kwiaty. Powiedzia\u0142, co my\u015bli o Marszu Niepodleg\u0142o\u015bci<br>Rafa\u0142 Trzaskowski podkre\u015bli\u0142, \u017ce 11 listopada jest &#8220;dniem absolutnie niezwyk\u0142ym&#8221; i okazj\u0105 do wsp\u00f3lnego \u015bwi\u0119towania oraz wdzi\u0119czno\u015bci Ojcom Niepodleg\u0142o\u015bci, takim jak Pi\u0142sudski, Dmowski, Daszy\u0144ski i Witos. Zaznaczy\u0142, \u017ce ich walka pozwoli\u0142a zszy\u0107 Polsk\u0119 w sp\u00f3jny i silny organizm pa\u0144stwowy, a on sam ceni jedno\u015b\u0107, w kontrze do koncentrowania si\u0119 na &#8220;r\u00f3\u017cnicach zda\u0144 i na konflikcie\u201d.<\/p>\n\n\n\n<p>W kontek\u015bcie samej manifestacji organizowanej przez \u015brodowiska narodowe, prezydent stolicy wyra\u017anie zaznaczy\u0142 swoje stanowisko dotycz\u0105ce pluralizmu obchod\u00f3w.<\/p>\n\n\n\n<ul class=\"wp-block-list\">\n<li>Ja zawsze walczy\u0142em o to, \u017ceby\u015bmy wszyscy mogli tego dnia \u015bwi\u0119towa\u0107, \u017ceby nie by\u0142o monopolu na organizacj\u0119 marszu &#8211; powiedzia\u0142 Rafa\u0142 Trzaskowski.<\/li>\n<\/ul>\n\n\n\n<p>Prezydent Warszawy&nbsp; nawi\u0105za\u0142 tak\u017ce do problem\u00f3w z poprzednich lat, kiedy to podczas marszu dochodzi\u0142o do akt\u00f3w wandalizmu i \u0142amania prawa. Jednocze\u015bnie zapewni\u0142, \u017ce samorz\u0105d stawia priorytet na porz\u0105dek i b\u0119dzie reagowa\u0107 na wszelkie naruszenia.<\/p>\n\n\n\n<ul class=\"wp-block-list\">\n<li>Wszyscy \u015bwi\u0119tujemy razem. To dzie\u0144 dla nas absolutnie niezwyk\u0142y, dlatego jak co roku spotykamy si\u0119 najpierw tutaj pod pomnikiem Pi\u0142sudskiego, \u017ceby z\u0142o\u017cy\u0107 kwiaty. Wszyscy wiemy, \u017ce Pi\u0142sudski, ale r\u00f3wnie\u017c inni Ojcowie Niepodleg\u0142o\u015bci walczyli o to, \u017ceby Polska mog\u0142a by\u0107 suwerennym pa\u0144stwem &#8211; powiedzia\u0142 rano w swoim wyst\u0105pieniu prezydent Warszawy.<br><\/li>\n<\/ul>\n\n\n\n<p>Co Rafa\u0142 Trzaskowski powiedzia\u0142 o Karolu Nawrockim? Chodzi o udzia\u0142 w marszu<br>Kluczow\u0105 kwesti\u0105 w wypowiedzi Trzaskowskiego by\u0142a rola prezydenta Polski, Karola Nawrockiego, kt\u00f3ry zapowiedzia\u0142 udzia\u0142 w Marszu Niepodleg\u0142o\u015bci. Prezydent Warszawy stwierdzi\u0142, \u017ce obecno\u015b\u0107 prezydenta rozumie jako gwarancj\u0119 tego, \u017ce ten marsz b\u0119dzie si\u0119 odbywa\u0142 w spos\u00f3b spokojny. Trzaskowski wyrazi\u0142 nadziej\u0119, \u017ce udzia\u0142 g\u0142owy pa\u0144stwa zapewni, i\u017c manifestacja odb\u0119dzie si\u0119 bez \u0142amania prawa i bez hase\u0142, kt\u00f3re \u0142ami\u0105 polskie prawo.<\/p>\n\n\n\n<ul class=\"wp-block-list\">\n<li>Nie musz\u0119 pa\u0144stwu m\u00f3wi\u0107, \u017ce oczywi\u015bcie zawsze si\u0119 temu sprzeciwia\u0142em i zawsze stoimy na stra\u017cy przede wszystkim porz\u0105dku i b\u0119dziemy si\u0119 dok\u0142adnie przygl\u0105da\u0107 temu, co si\u0119 b\u0119dzie dzia\u0142o\u00a0&#8211; doda\u0142 Trzaskowski.<\/li>\n<\/ul>\n\n\n\n<p>Tym samym, prezydent stolicy symbolicznie obarczy\u0142 prezydenta pa\u0144stwa odpowiedzialno\u015bci\u0105 za zapewnienie porz\u0105dku i przestrzegania prawa podczas zgromadzenia.<br><\/p>\n","protected":false},"excerpt":{"rendered":"Rafa\u0142 Trzaskowski w dniu obchod\u00f3w Narodowego \u015awi\u0119ta Niepodleg\u0142o\u015bci, z\u0142o\u017cy\u0142 kwiaty przed pomnikiem J\u00f3zefa Pi\u0142sudskiego i odni\u00f3s\u0142 si\u0119 do kwestii Marszu Niepodleg\u0142o\u015bci.&nbsp; Wielu si\u0119 \n<a class=\"moretag\" href=\"https:\/\/swiat24.pl.ua\/?p=17476\"> [...]<\/a>","protected":false},"author":1,"featured_media":17477,"comment_status":"open","ping_status":"open","sticky":false,"template":"","format":"standard","meta":{"footnotes":""},"categories":[1],"tags":[],"class_list":["post-17476","post","type-post","status-publish","format-standard","has-post-thumbnail","hentry","category-blog"],"_links":{"self":[{"href":"https:\/\/swiat24.pl.ua\/index.php?rest_route=\/wp\/v2\/posts\/17476","targetHints":{"allow":["GET"]}}],"collection":[{"href":"https:\/\/swiat24.pl.ua\/index.php?rest_route=\/wp\/v2\/posts"}],"about":[{"href":"https:\/\/swiat24.pl.ua\/index.php?rest_route=\/wp\/v2\/types\/post"}],"author":[{"embeddable":true,"href":"https:\/\/swiat24.pl.ua\/index.php?rest_route=\/wp\/v2\/users\/1"}],"replies":[{"embeddable":true,"href":"https:\/\/swiat24.pl.ua\/index.php?rest_route=%2Fwp%2Fv2%2Fcomments&post=17476"}],"version-history":[{"count":1,"href":"https:\/\/swiat24.pl.ua\/index.php?rest_route=\/wp\/v2\/posts\/17476\/revisions"}],"predecessor-version":[{"id":17478,"href":"https:\/\/swiat24.pl.ua\/index.php?rest_route=\/wp\/v2\/posts\/17476\/revisions\/17478"}],"wp:featuredmedia":[{"embeddable":true,"href":"https:\/\/swiat24.pl.ua\/index.php?rest_route=\/wp\/v2\/media\/17477"}],"wp:attachment":[{"href":"https:\/\/swiat24.pl.ua\/index.php?rest_route=%2Fwp%2Fv2%2Fmedia&parent=17476"}],"wp:term":[{"taxonomy":"category","embeddable":true,"href":"https:\/\/swiat24.pl.ua\/index.php?rest_route=%2Fwp%2Fv2%2Fcategories&post=17476"},{"taxonomy":"post_tag","embeddable":true,"href":"https:\/\/swiat24.pl.ua\/index.php?rest_route=%2Fwp%2Fv2%2Ftags&post=17476"}],"curies":[{"name":"wp","href":"https:\/\/api.w.org\/{rel}","templated":true}]}}