{"id":17452,"date":"2025-11-11T13:04:02","date_gmt":"2025-11-11T13:04:02","guid":{"rendered":"https:\/\/swiat24.pl.ua\/?p=17452"},"modified":"2025-11-11T13:04:02","modified_gmt":"2025-11-11T13:04:02","slug":"nawrocki-zrobil-to-pierwszy-raz-poruszajace-sceny-w-trakcie-swieta-niepodleglosci","status":"publish","type":"post","link":"https:\/\/swiat24.pl.ua\/?p=17452","title":{"rendered":"Nawrocki zrobi\u0142 to pierwszy raz. Poruszaj\u0105ce sceny w trakcie \u015awi\u0119ta Niepodleg\u0142o\u015bci"},"content":{"rendered":"\n<p>107 rocznica odzyskania przez Polsk\u0119 niepodleg\u0142o\u015bci zgromadzi\u0142a w Warszawie najwa\u017cniejszych przedstawicieli pa\u0144stwa.<\/p>\n\n\n\n<p> \u201eDzi\u0119kujemy za wolno\u015b\u0107\u201d &#8211; to has\u0142o rozbrzmiewa\u0142o dzi\u015b w sercach Polak\u00f3w, kt\u00f3rzy licznie zgromadzili si\u0119, by uczci\u0107 tych, dzi\u0119ki kt\u00f3rym mo\u017cemy \u017cy\u0107 w niepodleg\u0142ej ojczy\u017anie.<\/p>\n\n\n\n<p>Cisza i wzruszenie na Trakcie Kr\u00f3lewskim<br>W samo po\u0142udnie Warszawa na moment wstrzyma\u0142a oddech. Prezydent Karol Nawrocki wraz z pierwsz\u0105 dam\u0105, Mart\u0105 Nawrock\u0105, z\u0142o\u017cyli wie\u0144ce przed pomnikami Ojc\u00f3w Niepodleg\u0142o\u015bci \u2013 Wincentego Witosa, Ignacego Jana Paderewskiego, Ignacego Daszy\u0144skiego, Romana Dmowskiego, Wojciecha Korfantego i J\u00f3zefa Pi\u0142sudskiego.<\/p>\n\n\n\n<p>To chwila zadumy nad tym, czym jest wolno\u015b\u0107 i komu j\u0105 zawdzi\u0119czamy &#8211; podkre\u015bla\u0142 prezydent.<\/p>\n\n\n\n<p>Cisza, jaka zapad\u0142a przy Trakcie Kr\u00f3lewskim, m\u00f3wi\u0142a wi\u0119cej ni\u017c tysi\u0105c s\u0142\u00f3w. By\u0142 to moment jednocz\u0105cy wszystkich \u2013 tych, kt\u00f3rzy przyszli odda\u0107 ho\u0142d, i tych, kt\u00f3rzy w sercu nosz\u0105 pami\u0119\u0107 o historii.<br><\/p>\n\n\n\n<p>Niepodleg\u0142o\u015b\u0107 to dar, kt\u00f3ry musimy piel\u0119gnowa\u0107 ka\u017cdego dnia &#8211; m\u00f3wi\u0142 metropolita warszawski, arcybiskup Adrian Galbas.<\/p>\n\n\n\n<p>Tego dnia Polska m\u00f3wi\u0142a jednym g\u0142osem \u2013 g\u0142osem wdzi\u0119czno\u015bci i jedno\u015bci, kt\u00f3ry wybrzmiewa\u0142 w ka\u017cdym ge\u015bcie i s\u0142owie.<br><\/p>\n\n\n\n<blockquote class=\"twitter-tweet\" data-media-max-width=\"560\"><p lang=\"pl\" dir=\"ltr\">Msza \u015bwi\u0119ta za Ojczyzn\u0119 w \u015awi\u0105tyni Opatrzno\u015bci Bo\u017cej. <a href=\"https:\/\/twitter.com\/hashtag\/11Listopada?src=hash&amp;ref_src=twsrc%5Etfw\">#11Listopada<\/a>   <a href=\"https:\/\/t.co\/y8Sco4w811\">pic.twitter.com\/y8Sco4w811<\/a><\/p>&mdash; Ministerstwo Obrony Narodowej   (@MON_GOV_PL) <a href=\"https:\/\/twitter.com\/MON_GOV_PL\/status\/1988165003275608309?ref_src=twsrc%5Etfw\">November 11, 2025<\/a><\/blockquote> <script async src=\"https:\/\/platform.twitter.com\/widgets.js\" charset=\"utf-8\"><\/script>\n\n\n\n<p>\u015awieca Niepodleg\u0142o\u015bci &#8211; p\u0142omie\u0144, kt\u00f3ry nigdy nie ga\u015bnie<br>Kulminacyjnym momentem obchod\u00f3w by\u0142o zapalenie \u015awiecy Niepodleg\u0142o\u015bci \u2013 symbolu ofiarowanego Warszawie przez papie\u017ca Piusa IX w 1867 roku. Wtedy Ojciec \u015awi\u0119ty \u017cyczy\u0142, by jej p\u0142omie\u0144 zap\u0142on\u0105\u0142 dopiero wtedy, gdy Polska zn\u00f3w b\u0119dzie wolna.<\/p>\n\n\n\n<p>Dzi\u015b, 107 lat po odzyskaniu niepodleg\u0142o\u015bci, prezydent Karol Nawrocki zapali\u0142 j\u0105 z dum\u0105 i wzruszeniem, przypominaj\u0105c, \u017ce ten ogie\u0144 to co\u015b wi\u0119cej ni\u017c tradycja \u2013 to znak, \u017ce duch polsko\u015bci trwa mimo pr\u00f3b, kt\u00f3re stawia przed nami historia.<br><\/p>\n","protected":false},"excerpt":{"rendered":"107 rocznica odzyskania przez Polsk\u0119 niepodleg\u0142o\u015bci zgromadzi\u0142a w Warszawie najwa\u017cniejszych przedstawicieli pa\u0144stwa. \u201eDzi\u0119kujemy za wolno\u015b\u0107\u201d &#8211; to has\u0142o rozbrzmiewa\u0142o dzi\u015b w sercach Polak\u00f3w, \n<a class=\"moretag\" href=\"https:\/\/swiat24.pl.ua\/?p=17452\"> [...]<\/a>","protected":false},"author":1,"featured_media":17453,"comment_status":"open","ping_status":"open","sticky":false,"template":"","format":"standard","meta":{"footnotes":""},"categories":[1],"tags":[],"class_list":["post-17452","post","type-post","status-publish","format-standard","has-post-thumbnail","hentry","category-blog"],"_links":{"self":[{"href":"https:\/\/swiat24.pl.ua\/index.php?rest_route=\/wp\/v2\/posts\/17452","targetHints":{"allow":["GET"]}}],"collection":[{"href":"https:\/\/swiat24.pl.ua\/index.php?rest_route=\/wp\/v2\/posts"}],"about":[{"href":"https:\/\/swiat24.pl.ua\/index.php?rest_route=\/wp\/v2\/types\/post"}],"author":[{"embeddable":true,"href":"https:\/\/swiat24.pl.ua\/index.php?rest_route=\/wp\/v2\/users\/1"}],"replies":[{"embeddable":true,"href":"https:\/\/swiat24.pl.ua\/index.php?rest_route=%2Fwp%2Fv2%2Fcomments&post=17452"}],"version-history":[{"count":1,"href":"https:\/\/swiat24.pl.ua\/index.php?rest_route=\/wp\/v2\/posts\/17452\/revisions"}],"predecessor-version":[{"id":17454,"href":"https:\/\/swiat24.pl.ua\/index.php?rest_route=\/wp\/v2\/posts\/17452\/revisions\/17454"}],"wp:featuredmedia":[{"embeddable":true,"href":"https:\/\/swiat24.pl.ua\/index.php?rest_route=\/wp\/v2\/media\/17453"}],"wp:attachment":[{"href":"https:\/\/swiat24.pl.ua\/index.php?rest_route=%2Fwp%2Fv2%2Fmedia&parent=17452"}],"wp:term":[{"taxonomy":"category","embeddable":true,"href":"https:\/\/swiat24.pl.ua\/index.php?rest_route=%2Fwp%2Fv2%2Fcategories&post=17452"},{"taxonomy":"post_tag","embeddable":true,"href":"https:\/\/swiat24.pl.ua\/index.php?rest_route=%2Fwp%2Fv2%2Ftags&post=17452"}],"curies":[{"name":"wp","href":"https:\/\/api.w.org\/{rel}","templated":true}]}}