{"id":17449,"date":"2025-11-11T11:50:37","date_gmt":"2025-11-11T11:50:37","guid":{"rendered":"https:\/\/swiat24.pl.ua\/?p=17449"},"modified":"2025-11-11T11:50:37","modified_gmt":"2025-11-11T11:50:37","slug":"wyjatkowe-nagranie-obieglo-polske-nawrocki-i-jego-zrobili-to-w-swieto-niepodleglosci-wszyscy-patrza-tylko-na-jedno","status":"publish","type":"post","link":"https:\/\/swiat24.pl.ua\/?p=17449","title":{"rendered":"Wyj\u0105tkowe nagranie obieg\u0142o Polsk\u0119. Nawrocki i jego zrobili to w \u015awi\u0119to Niepodleg\u0142o\u015bci, wszyscy patrz\u0105 tylko na jedno"},"content":{"rendered":"\n<p>Z okazji Narodowego \u015awi\u0119ta Niepodleg\u0142o\u015bci prezydent Karol Nawrocki wraz z \u017con\u0105 Mart\u0105 oddali ho\u0142d Ojcom Niepodleg\u0142o\u015bci. Para prezydencka z\u0142o\u017cy\u0142a wie\u0144ce pod pomnikami m.in.<\/p>\n\n\n\n<p>J\u00f3zefa Pi\u0142sudskiego, Romana Dmowskiego, Ignacego Paderewskiego i Wincentego Witosa. Kancelaria Prezydenta RP opublikowa\u0142a na platformie X wzruszaj\u0105cy film z uroczysto\u015bci. Wszyscy patrzyli tylko na jedno.<\/p>\n\n\n\n<h2 class=\"wp-block-heading\">W ho\u0142dzie bohaterom niepodleg\u0142ej Polski<\/h2>\n\n\n\n<p>W bia\u0142o-czerwonych kotylionach, przy d\u017awi\u0119kach hymnu pa\u0144stwowego, Karol i Marta Nawroccy odwiedzili sto\u0142eczne pomniki po\u015bwi\u0119cone tw\u00f3rcom II Rzeczypospolitej.&nbsp;<\/p>\n\n\n\n<p>Pod pomnikami J\u00f3zefa Pi\u0142sudskiego, Romana Dmowskiego, Ignacego Paderewskiego i Wincentego Witosa para prezydencka z\u0142o\u017cy\u0142a wie\u0144ce ozdobione narodowymi wst\u0119gami i odda\u0142a ho\u0142d w milczeniu.<\/p>\n\n\n\n<p><strong>Uroczysto\u015b\u0107 odby\u0142a si\u0119 w kameralnej, pe\u0142nej godno\u015bci atmosferze, w asy\u015bcie \u017co\u0142nierzy Wojska Polskiego oraz przedstawicieli Kancelarii Prezydenta RP.<\/strong><\/p>\n\n\n\n<blockquote class=\"wp-block-quote is-layout-flow wp-block-quote-is-layout-flow\">\n<p>Ho\u0142d dla Ojc\u00f3w naszej Niepodleg\u0142o\u015bci! \u2014 podkre\u015blono w oficjalnym komunikacie Kancelarii.<\/p>\n<\/blockquote>\n\n\n\n<blockquote class=\"twitter-tweet\" data-media-max-width=\"560\"><p lang=\"pl\" dir=\"ltr\">Ho\u0142d dla Ojc\u00f3w naszej Niepodleg\u0142o\u015bci!   <a href=\"https:\/\/t.co\/Y6uqt8X6a5\">pic.twitter.com\/Y6uqt8X6a5<\/a><\/p>&mdash; Kancelaria Prezydenta RP (@prezydentpl) <a href=\"https:\/\/twitter.com\/prezydentpl\/status\/1988149993665073577?ref_src=twsrc%5Etfw\">November 11, 2025<\/a><\/blockquote> <script async src=\"https:\/\/platform.twitter.com\/widgets.js\" charset=\"utf-8\"><\/script>\n\n\n\n<h2 class=\"wp-block-heading\">Symboliczny gest w Narodowe \u015awi\u0119to Niepodleg\u0142o\u015bci<\/h2>\n\n\n\n<p>Z\u0142o\u017cenie wie\u0144c\u00f3w to nie tylko uroczysty rytua\u0142, lecz przede wszystkim wyraz pami\u0119ci o tych, kt\u00f3rzy po\u015bwi\u0119cili \u017cycie dla wolnej Polski. Warszawa w tym dniu przybra\u0142a od\u015bwi\u0119tny charakter \u2014 flagi narodowe powiewa\u0142y na ulicach, a mieszka\u0144cy odwiedzali pomniki, tworz\u0105c wsp\u00f3lny bia\u0142o-czerwony krajobraz stolicy.&nbsp;<\/p>\n\n\n\n<p>Gest prezydenta Nawrockiego i jego \u017cony by\u0142 symbolicznym przypomnieniem, \u017ce niepodleg\u0142o\u015b\u0107 jest dziedzictwem, kt\u00f3re zobowi\u0105zuje kolejne pokolenia.<\/p>\n\n\n\n<h2 class=\"wp-block-heading\">Wzruszaj\u0105cy film Kancelarii Prezydenta<\/h2>\n\n\n\n<p>Na platformie X Kancelaria Prezydenta RP opublikowa\u0142a poruszaj\u0105ce nagranie z uroczysto\u015bci. Film ukazuje par\u0119 prezydenck\u0105 sk\u0142adaj\u0105c\u0105 wie\u0144ce, stoj\u0105c\u0105 w zadumie przy warszawskich pomnikach, a tak\u017ce momenty kameralnej refleksji nad histori\u0105.&nbsp;<\/p>\n\n\n\n<p>Tegoroczne obchody 11 listopada przypomnia\u0142y, \u017ce wolno\u015b\u0107 wymaga piel\u0119gnowania i przekazywania historii kolejnym pokoleniom. Jak podkre\u015bla prezydent Karol Nawrocki, \u201eniepodleg\u0142o\u015b\u0107 to dziedzictwo, kt\u00f3re zobowi\u0105zuje\u201d.<\/p>\n","protected":false},"excerpt":{"rendered":"Z okazji Narodowego \u015awi\u0119ta Niepodleg\u0142o\u015bci prezydent Karol Nawrocki wraz z \u017con\u0105 Mart\u0105 oddali ho\u0142d Ojcom Niepodleg\u0142o\u015bci. Para prezydencka z\u0142o\u017cy\u0142a wie\u0144ce pod pomnikami m.in. \n<a class=\"moretag\" href=\"https:\/\/swiat24.pl.ua\/?p=17449\"> [...]<\/a>","protected":false},"author":1,"featured_media":17450,"comment_status":"open","ping_status":"open","sticky":false,"template":"","format":"standard","meta":{"footnotes":""},"categories":[1],"tags":[],"class_list":["post-17449","post","type-post","status-publish","format-standard","has-post-thumbnail","hentry","category-blog"],"_links":{"self":[{"href":"https:\/\/swiat24.pl.ua\/index.php?rest_route=\/wp\/v2\/posts\/17449","targetHints":{"allow":["GET"]}}],"collection":[{"href":"https:\/\/swiat24.pl.ua\/index.php?rest_route=\/wp\/v2\/posts"}],"about":[{"href":"https:\/\/swiat24.pl.ua\/index.php?rest_route=\/wp\/v2\/types\/post"}],"author":[{"embeddable":true,"href":"https:\/\/swiat24.pl.ua\/index.php?rest_route=\/wp\/v2\/users\/1"}],"replies":[{"embeddable":true,"href":"https:\/\/swiat24.pl.ua\/index.php?rest_route=%2Fwp%2Fv2%2Fcomments&post=17449"}],"version-history":[{"count":1,"href":"https:\/\/swiat24.pl.ua\/index.php?rest_route=\/wp\/v2\/posts\/17449\/revisions"}],"predecessor-version":[{"id":17451,"href":"https:\/\/swiat24.pl.ua\/index.php?rest_route=\/wp\/v2\/posts\/17449\/revisions\/17451"}],"wp:featuredmedia":[{"embeddable":true,"href":"https:\/\/swiat24.pl.ua\/index.php?rest_route=\/wp\/v2\/media\/17450"}],"wp:attachment":[{"href":"https:\/\/swiat24.pl.ua\/index.php?rest_route=%2Fwp%2Fv2%2Fmedia&parent=17449"}],"wp:term":[{"taxonomy":"category","embeddable":true,"href":"https:\/\/swiat24.pl.ua\/index.php?rest_route=%2Fwp%2Fv2%2Fcategories&post=17449"},{"taxonomy":"post_tag","embeddable":true,"href":"https:\/\/swiat24.pl.ua\/index.php?rest_route=%2Fwp%2Fv2%2Ftags&post=17449"}],"curies":[{"name":"wp","href":"https:\/\/api.w.org\/{rel}","templated":true}]}}