{"id":17401,"date":"2025-11-10T13:48:03","date_gmt":"2025-11-10T13:48:03","guid":{"rendered":"https:\/\/swiat24.pl.ua\/?p=17401"},"modified":"2025-11-10T13:48:03","modified_gmt":"2025-11-10T13:48:03","slug":"dziennikarze-zapytali-nawrockiego-o-ulaskawienie-ziobry-jasne-stanowisko-palacu-prezydenckiego","status":"publish","type":"post","link":"https:\/\/swiat24.pl.ua\/?p=17401","title":{"rendered":"Dziennikarze zapytali Nawrockiego o u\u0142askawienie Ziobry. Jasne stanowisko Pa\u0142acu Prezydenckiego"},"content":{"rendered":"\n<p>Czy prezydent Karol Nawrocki zdecyduje si\u0119 u\u0142askawi\u0107 Zbigniewa Ziobr\u0119? Po decyzji Sejmu o uchyleniu immunitetu by\u0142emu ministrowi sprawiedliwo\u015bci pytanie to nabiera coraz wi\u0119kszego znaczenia. <\/p>\n\n\n\n<p>G\u0142os w tej sprawie zabra\u0142 rzecznik g\u0142owy pa\u0144stwa, Rafa\u0142 Le\u015bkiewicz, kt\u00f3ry w rozmowie z Radiem Zet stanowczo stan\u0105\u0142 po stronie by\u0142ego szefa resortu.<\/p>\n\n\n\n<p>Le\u015bkiewicz: &#8220;To polityczna hucpa&#8221;<br>Rzecznik prezydenta Karola Nawrockiego nie kry\u0142 oburzenia, gdy zapytano go o zarzuty stawiane by\u0142emu ministrowi sprawiedliwo\u015bci.<\/p>\n\n\n\n<p>Pan prezydent uwa\u017ca, \u017ce pr\u00f3ba postawienia zarzut\u00f3w ministrowi Ziobrze to polityczna hucpa &#8211; powiedzia\u0142 Rafa\u0142 Le\u015bkiewicz. Jak doda\u0142, trudno zgodzi\u0107 si\u0119 z opini\u0105, \u017ce \u201eprokurator generalny i minister sprawiedliwo\u015bci m\u00f3g\u0142 by\u0107 szefem zorganizowanej grupy przest\u0119pczej\u201d.<\/p>\n\n\n\n<p>Le\u015bkiewicz przekonywa\u0142, \u017ce Ziobro dzia\u0142a\u0142 transparentnie i zgodnie z prawem, a ca\u0142a sprawa ma wymiar politycznego odwetu. To pierwsza tak jednoznaczna reakcja z otoczenia prezydenta Nawrockiego, odk\u0105d Sejm uchyli\u0142 immunitet by\u0142emu ministrowi.<br><\/p>\n\n\n\n<p>Czy prezydent u\u0142askawi Ziobr\u0119? &#8220;Za wcze\u015bnie na decyzje&#8221;<br>W Radiu Zet rzecznik zosta\u0142 te\u017c zapytany wprost, czy prezydent Karol Nawrocki mo\u017ce w przysz\u0142o\u015bci u\u0142askawi\u0107 Zbigniewa Ziobr\u0119. Le\u015bkiewicz odpar\u0142 spokojnie, \u017ce na ten moment nie ma ku temu \u017cadnych podstaw.<\/p>\n\n\n\n<p>Nie postawiono mu jeszcze zarzut\u00f3w &#8211; przypomnia\u0142. &#8211; Prezydent mo\u017ce podj\u0105\u0107 decyzj\u0119 o ewentualnym u\u0142askawieniu dopiero wtedy, gdy zapadnie prawomocny wyrok.<\/p>\n\n\n\n<p>Jednocze\u015bnie doda\u0142, \u017ce kwestia powrotu Ziobry do kraju le\u017cy wy\u0142\u0105cznie po stronie by\u0142ego ministra.<\/p>\n\n\n\n<p>To jego decyzja, prezydent nie zamierza wp\u0142ywa\u0107 na jego dzia\u0142ania &#8211; podkre\u015bli\u0142 rzecznik.<br><\/p>\n\n\n\n<p>Ziobro poza Polsk\u0105, ABW gotowa do dzia\u0142a\u0144<br>Po decyzji Sejmu o uchyleniu immunitetu i zgodzie na zatrzymanie, sprawa Zbigniewa Ziobry nabra\u0142a tempa. Prokuratura Krajowa planuje postawi\u0107 mu 26 zarzut\u00f3w w zwi\u0105zku z wydatkowaniem \u015brodk\u00f3w z Funduszu Sprawiedliwo\u015bci. Jednocze\u015bnie parlament zezwoli\u0142 na jego zatrzymanie i ewentualne tymczasowe aresztowanie, a wykonanie decyzji powierzono funkcjonariuszom ABW.<\/p>\n\n\n\n<p>Polityk Prawa i Sprawiedliwo\u015bci przebywa obecnie na W\u0119grzech, w Budapeszcie, gdzie jak wskazuj\u0105 jego wsp\u00f3\u0142pracownicy &#8211; pozostaje w kontakcie z sojusznikami z regionu. Rzecznik prezydenta Nawrockiego wyra\u017anie jednak zaznacza: Pa\u0142ac Prezydencki nie zamierza odwraca\u0107 si\u0119 od Ziobry.<\/p>\n\n\n\n<p>Prezydent stoi na stanowisku, \u017ce pr\u00f3ba jego upolitycznienia jest nie do zaakceptowania &#8211; podsumowa\u0142 Rafa\u0142 Le\u015bkiewicz.<br><\/p>\n","protected":false},"excerpt":{"rendered":"Czy prezydent Karol Nawrocki zdecyduje si\u0119 u\u0142askawi\u0107 Zbigniewa Ziobr\u0119? Po decyzji Sejmu o uchyleniu immunitetu by\u0142emu ministrowi sprawiedliwo\u015bci pytanie to nabiera coraz wi\u0119kszego \n<a class=\"moretag\" href=\"https:\/\/swiat24.pl.ua\/?p=17401\"> [...]<\/a>","protected":false},"author":1,"featured_media":17402,"comment_status":"open","ping_status":"open","sticky":false,"template":"","format":"standard","meta":{"footnotes":""},"categories":[1],"tags":[],"class_list":["post-17401","post","type-post","status-publish","format-standard","has-post-thumbnail","hentry","category-blog"],"_links":{"self":[{"href":"https:\/\/swiat24.pl.ua\/index.php?rest_route=\/wp\/v2\/posts\/17401","targetHints":{"allow":["GET"]}}],"collection":[{"href":"https:\/\/swiat24.pl.ua\/index.php?rest_route=\/wp\/v2\/posts"}],"about":[{"href":"https:\/\/swiat24.pl.ua\/index.php?rest_route=\/wp\/v2\/types\/post"}],"author":[{"embeddable":true,"href":"https:\/\/swiat24.pl.ua\/index.php?rest_route=\/wp\/v2\/users\/1"}],"replies":[{"embeddable":true,"href":"https:\/\/swiat24.pl.ua\/index.php?rest_route=%2Fwp%2Fv2%2Fcomments&post=17401"}],"version-history":[{"count":1,"href":"https:\/\/swiat24.pl.ua\/index.php?rest_route=\/wp\/v2\/posts\/17401\/revisions"}],"predecessor-version":[{"id":17403,"href":"https:\/\/swiat24.pl.ua\/index.php?rest_route=\/wp\/v2\/posts\/17401\/revisions\/17403"}],"wp:featuredmedia":[{"embeddable":true,"href":"https:\/\/swiat24.pl.ua\/index.php?rest_route=\/wp\/v2\/media\/17402"}],"wp:attachment":[{"href":"https:\/\/swiat24.pl.ua\/index.php?rest_route=%2Fwp%2Fv2%2Fmedia&parent=17401"}],"wp:term":[{"taxonomy":"category","embeddable":true,"href":"https:\/\/swiat24.pl.ua\/index.php?rest_route=%2Fwp%2Fv2%2Fcategories&post=17401"},{"taxonomy":"post_tag","embeddable":true,"href":"https:\/\/swiat24.pl.ua\/index.php?rest_route=%2Fwp%2Fv2%2Ftags&post=17401"}],"curies":[{"name":"wp","href":"https:\/\/api.w.org\/{rel}","templated":true}]}}