{"id":17398,"date":"2025-11-10T12:19:49","date_gmt":"2025-11-10T12:19:49","guid":{"rendered":"https:\/\/swiat24.pl.ua\/?p=17398"},"modified":"2025-11-10T12:19:49","modified_gmt":"2025-11-10T12:19:49","slug":"lawina-komentarzy-po-decyzji-nawrockiego-zarzucono-mu-klamstwo","status":"publish","type":"post","link":"https:\/\/swiat24.pl.ua\/?p=17398","title":{"rendered":"Lawina komentarzy po decyzji Nawrockiego. Zarzucono mu K\u0141AMSTWO"},"content":{"rendered":"\n<p>Weto prezydenta uderza w projekt Parku Narodowego Doliny Dolnej Odry. W salach gmin Mi\u0119dzyodrza le\u017c\u0105 uchwa\u0142y \u201eza\u201d, a w uzasadnieniu weta pada teza o \u201eblokadzie rozwoju\u201d. <\/p>\n\n\n\n<p>Obraz jest podw\u00f3jny: lokalne poparcie i rz\u0105dowe konsultacje kontra opowie\u015b\u0107 o wstrzymanych inwestycjach. Kto m\u00f3wi prawd\u0119, a kto buduje l\u0119k? Sprawdzamy, sk\u0105d wzi\u0119\u0142a si\u0119 ta narracja i na czym stoi uzasadnienie.<\/p>\n\n\n\n<p>Sk\u0105d wzi\u0119\u0142o si\u0119 weto: argumenty i pierwsze p\u0119kni\u0119cia<br>Prezydent zawetowa\u0142 ustaw\u0119 o utworzeniu parku, odwo\u0142uj\u0105c si\u0119 do obaw o rozw\u00f3j regionu i ryzyko dla inwestycji.<\/p>\n\n\n\n<p> To decyzja polityczna z ci\u0119\u017ckim uzasadnieniem, kt\u00f3re ju\u017c w pierwszych godzinach po og\u0142oszeniu zacz\u0119\u0142o p\u0119ka\u0107 pod naporem dokument\u00f3w z terenu i g\u0142os\u00f3w rz\u0105du. Prezydent zawetowa\u0142 ustaw\u0119 o utworzeniu Parku Narodowego Doliny Dolnej Odry. Uzasadnienie wskaza\u0142o obawy o blokad\u0119 rozwoju gospodarczego regionu i skutki dla inwestycji infrastrukturalnych.<\/p>\n\n\n\n<p>Tymczasem projekt by\u0142 przygotowywany w rozmowie z samorz\u0105dami i zapowiada\u0142 konkretne narz\u0119dzia wsparcia. Nie by\u0142 pisany zza biurka \u2014 jego autorzy konsultowali zapisy i deklarowali os\u0142ony finansowe dla gmin. W dodatku kilka rad gmin ju\u017c wcze\u015bniej przesz\u0142o od s\u0142\u00f3w do uchwa\u0142, wpisuj\u0105c w protoko\u0142y poparcie dla parku.&nbsp;<\/p>\n\n\n\n<p>Te g\u0142osy z sal obrad kontrastuj\u0105 z centraln\u0105 tez\u0105 o rzekomej \u201eblokadzie\u201d. To pierwsza rysa w obrazie weta, kt\u00f3ra prowadzi dalej \u2014 do g\u0142os\u00f3w imiennych i pieni\u0119dzy.\u00a0<br><\/p>\n\n\n\n<p>Fakty i nazwiska: co m\u00f3wi rz\u0105d i samorz\u0105dy<br>Najmocniej wybrzmia\u0142a odpowied\u017a Ministerstwa Klimatu i \u015arodowiska. Pad\u0142y s\u0142owa, kt\u00f3re wyznaczy\u0142y lini\u0119 sporu: nie tylko polemika, lecz zarzut manipulacji.<\/p>\n\n\n\n<p>Weto do ustawy powo\u0142uj\u0105cej Park Narodowy Doliny Dolnej Odry zapami\u0119tamy na d\u0142ugo, zw\u0142aszcza \u017ce uzasadnienie do weta to zestaw politycznie motywowanych k\u0142amstw! &#8211; powiedzia\u0142a Paulina Hennig-Kloska.<\/p>\n\n\n\n<p>W odpowiedziach pojawi\u0142y si\u0119 cztery filary: rozw\u00f3j, spo\u0142eczno\u015bci, pieni\u0105dze, polityka. Zestawione razem sk\u0142adaj\u0105 si\u0119 na katalog dowod\u00f3w, \u017ce park nie zatrzymuje \u017cycia gospodarczego \u2014 przeciwnie, mo\u017ce je uruchomi\u0107. Wskazano bran\u017ce korzystaj\u0105ce na marce parku, od turystyki po us\u0142ugi, i przypomniano, \u017ce gminy nie s\u0105 skazane na koszty bez rekompensaty. Argument o blokadzie rozwoju gospodarczego jest nieprawd\u0105, a park narodowy stanowi impuls rozwojowy dla wielu bran\u017c. Skrajne opinie w\u015br\u00f3d spo\u0142eczno\u015bci Mi\u0119dzyodrza to kolejny fejk, wystarczy pojecha\u0107 do gmin, kt\u00f3re wyrazi\u0142y zgody niemal\u017ce jednomy\u015blnie. Twierdzenia o braku analiz i realnych stratach finansowych s\u0105 nieprawdziwe; planowano subwencj\u0119 ekologiczn\u0105 dla gmin. Projekt ustawy powstawa\u0142 w dialogu, by\u0142 szeroko konsultowany i przewidywa\u0142 mechanizmy wsparcia dla gmin obejmowanych ochron\u0105. Kilka gmin regionu deklarowa\u0142o poparcie dla utworzenia parku w uchwa\u0142ach intencyjnych i konsultacjach.<\/p>\n\n\n\n<p>W dalszej cz\u0119\u015bci pad\u0142o pytanie o motywy: czy to presja partyjna, a nie meritum ustawy, przewa\u017cy\u0142a na szali? Absolutnie nie do obrony, decyzja uderza w polsk\u0105 przyrod\u0119 i jest sprzeczna z oczekiwaniami mieszka\u0144c\u00f3w regionu.<\/p>\n\n\n\n<ul class=\"wp-block-list\">\n<li>Jakie jest prawdziwe uzasadnienie weta? PiS nie chce chroni\u0107 polskiej przyrody, a Prezydent Nawrocki nie mia\u0142 si\u0142y si\u0119 im przeciwstawi\u0107! &#8211; powiedzia\u0142a Paulina Hennig-Kloska.<\/li>\n<\/ul>\n\n\n\n<p>To ju\u017c nie tylko sp\u00f3r o zapisy, lecz o intencje i wiarygodno\u015b\u0107 instytucji. Jakie jest prawdziwe uzasadnienie weta? Wed\u0142ug pani ministry PiS nie chce chroni\u0107 polskiej przyrody, a Prezydent Nawrocki nie mia\u0142 si\u0142y si\u0119 im przeciwstawi\u0107!<br><\/p>\n\n\n\n<p>Reakcje i rynek polityczny: co dzi\u015b wa\u017cy najwi\u0119cej<br>Po wecie oburzenie wybrzmia\u0142o szerokim echem nie tylko w polityce, ale i w sieci. Lokalni w\u0142odarze wskazuj\u0105 na uchwa\u0142y poparcia. Ta jedno\u015b\u0107 buduje presj\u0119, bo komunikat jest prosty i powtarzalny \u2014 uzasadnienie weta nie wytrzymuje zderzenia z dokumentami i ekonomi\u0105 regionu. Weto do ustawy powo\u0142uj\u0105cej Park Narodowy Doliny Dolnej Odry zapami\u0119tamy na d\u0142ugo, zw\u0142aszcza \u017ce uzasadnienie do weta to zestaw politycznie motywowanych k\u0142amstw! Absolutnie nie do obrony, decyzja uderza w polsk\u0105 przyrod\u0119 i jest sprzeczna z oczekiwaniami mieszka\u0144c\u00f3w regionu.<br><\/p>\n\n\n\n<blockquote class=\"twitter-tweet\" data-media-max-width=\"560\"><p lang=\"pl\" dir=\"ltr\">Weto do ustawy powo\u0142uj\u0105cej Park Narodowy Doliny Dolnej Odry zapami\u0119tamy na d\u0142ugo, zw\u0142aszcza, \u017ce uzasadnienie do weta to zestaw politycznie motywowanych k\u0142amstw! <br><br>1. Pierwszy argument czyli zablokowanie rozwoju gospodarczego regionu to oczywista nieprawda. Jest dok\u0142adnie\u2026 <a href=\"https:\/\/t.co\/9jYlMETQH6\">pic.twitter.com\/9jYlMETQH6<\/a><\/p>&mdash; Paulina Hennig-Kloska (@hennigkloska) <a href=\"https:\/\/twitter.com\/hennigkloska\/status\/1987141776176513215?ref_src=twsrc%5Etfw\">November 8, 2025<\/a><\/blockquote> <script async src=\"https:\/\/platform.twitter.com\/widgets.js\" charset=\"utf-8\"><\/script>\n\n\n\n<p>Dalej pracuj\u0105 liczby i procedury: pada przypomnienie o subwencji ekologicznej i mechanizmach os\u0142onowych, co rozbraja tez\u0119 o \u201ekosztach bez korzy\u015bci\u201d. W efekcie zmienia si\u0119 wra\u017cliwo\u015b\u0107 opinii publicznej \u2014 je\u015bli park mo\u017ce przynie\u015b\u0107 doch\u00f3d i wzmocni\u0107 mark\u0119 regionu, to narracja o blokadzie brzmi jak pretekst. Argument o blokadzie rozwoju gospodarczego jest nieprawd\u0105, a park narodowy stanowi impuls rozwojowy dla wielu bran\u017c. Twierdzenia o braku analiz i realnych stratach finansowych s\u0105 nieprawdziwe; planowano subwencj\u0119 ekologiczn\u0105 dla gmin. Projekt ustawy powstawa\u0142 w dialogu, by\u0142 szeroko konsultowany i przewidywa\u0142 mechanizmy wsparcia dla gmin obejmowanych ochron\u0105.<\/p>\n\n\n\n<p>W tle wida\u0107 trwa\u0142e zaplecze spo\u0142eczne: uchwa\u0142y gmin i wyniki konsultacji, kt\u00f3rych nie da si\u0119 zby\u0107 etykiet\u0105 \u201eskrajnych opinii\u201d. To one dzi\u015b wa\u017c\u0105 najwi\u0119cej, bo przekuwaj\u0105 emocje w formalne stanowiska. St\u0105d rosn\u0105 oczekiwania, by decyzj\u0119 odwr\u00f3ci\u0107 lub szybko wr\u00f3ci\u0107 do \u015bcie\u017cki legislacyjnej \u2014 z klarownym pakietem wsparcia. Kilka gmin regionu deklarowa\u0142o poparcie dla utworzenia parku w uchwa\u0142ach intencyjnych i konsultacjach. Uzasadnienie wskaza\u0142o obawy o blokad\u0119 rozwoju gospodarczego regionu i skutki dla inwestycji infrastrukturalnych.<\/p>\n\n\n\n<p>Co zostaje: sens sporu i cicha mobilizacja<br>Na stole le\u017c\u0105 dwa porz\u0105dki: weto oparte na narracji strachu przed \u201eblokad\u0105 inwestycji\u201d i zestaw dokument\u00f3w \u2014 konsultacje, planowana subwencja ekologiczna, uchwa\u0142y poparcia gmin. To pierwsze trzyma si\u0119 retoryki, to drugie \u2014 papieru i procedur. Uzasadnienie wskaza\u0142o obawy o blokad\u0119 rozwoju gospodarczego regionu i skutki dla inwestycji infrastrukturalnych. Projekt ustawy powstawa\u0142 w dialogu, by\u0142 szeroko konsultowany i przewidywa\u0142 mechanizmy wsparcia dla gmin obejmowanych ochron\u0105. Kilka gmin regionu deklarowa\u0142o poparcie dla utworzenia parku w uchwa\u0142ach intencyjnych i konsultacjach.<\/p>\n\n\n\n<p>W tej dolinie stawk\u0105 jest wi\u0119cej ni\u017c granica na mapie: to wiarygodno\u015b\u0107 instytucji i wsp\u00f3lny j\u0119zyk o rozwoju, kt\u00f3ry nie wyklucza natury. Po wieczornych posiedzeniach zostaje cisza na wodzie i \u015bwiat\u0142a w urz\u0119dach, kt\u00f3re nie gasn\u0105 od razu \u2014 jakby sprawa mia\u0142a wr\u00f3ci\u0107 jeszcze tej nocy.<br><\/p>\n","protected":false},"excerpt":{"rendered":"Weto prezydenta uderza w projekt Parku Narodowego Doliny Dolnej Odry. W salach gmin Mi\u0119dzyodrza le\u017c\u0105 uchwa\u0142y \u201eza\u201d, a w uzasadnieniu weta pada teza \n<a class=\"moretag\" href=\"https:\/\/swiat24.pl.ua\/?p=17398\"> [...]<\/a>","protected":false},"author":1,"featured_media":17399,"comment_status":"open","ping_status":"open","sticky":false,"template":"","format":"standard","meta":{"footnotes":""},"categories":[1],"tags":[],"class_list":["post-17398","post","type-post","status-publish","format-standard","has-post-thumbnail","hentry","category-blog"],"_links":{"self":[{"href":"https:\/\/swiat24.pl.ua\/index.php?rest_route=\/wp\/v2\/posts\/17398","targetHints":{"allow":["GET"]}}],"collection":[{"href":"https:\/\/swiat24.pl.ua\/index.php?rest_route=\/wp\/v2\/posts"}],"about":[{"href":"https:\/\/swiat24.pl.ua\/index.php?rest_route=\/wp\/v2\/types\/post"}],"author":[{"embeddable":true,"href":"https:\/\/swiat24.pl.ua\/index.php?rest_route=\/wp\/v2\/users\/1"}],"replies":[{"embeddable":true,"href":"https:\/\/swiat24.pl.ua\/index.php?rest_route=%2Fwp%2Fv2%2Fcomments&post=17398"}],"version-history":[{"count":1,"href":"https:\/\/swiat24.pl.ua\/index.php?rest_route=\/wp\/v2\/posts\/17398\/revisions"}],"predecessor-version":[{"id":17400,"href":"https:\/\/swiat24.pl.ua\/index.php?rest_route=\/wp\/v2\/posts\/17398\/revisions\/17400"}],"wp:featuredmedia":[{"embeddable":true,"href":"https:\/\/swiat24.pl.ua\/index.php?rest_route=\/wp\/v2\/media\/17399"}],"wp:attachment":[{"href":"https:\/\/swiat24.pl.ua\/index.php?rest_route=%2Fwp%2Fv2%2Fmedia&parent=17398"}],"wp:term":[{"taxonomy":"category","embeddable":true,"href":"https:\/\/swiat24.pl.ua\/index.php?rest_route=%2Fwp%2Fv2%2Fcategories&post=17398"},{"taxonomy":"post_tag","embeddable":true,"href":"https:\/\/swiat24.pl.ua\/index.php?rest_route=%2Fwp%2Fv2%2Ftags&post=17398"}],"curies":[{"name":"wp","href":"https:\/\/api.w.org\/{rel}","templated":true}]}}