{"id":17393,"date":"2025-11-10T11:30:36","date_gmt":"2025-11-10T11:30:36","guid":{"rendered":"https:\/\/swiat24.pl.ua\/?p=17393"},"modified":"2025-11-10T11:30:36","modified_gmt":"2025-11-10T11:30:36","slug":"nawrocki-wezwal-tuska-na-dywanik-palac-prezydencki-wydal-pilne-oswiadczenie","status":"publish","type":"post","link":"https:\/\/swiat24.pl.ua\/?p=17393","title":{"rendered":"Nawrocki wezwa\u0142 Tuska na dywanik. Pa\u0142ac Prezydencki wyda\u0142 pilne o\u015bwiadczenie"},"content":{"rendered":"\n<p>Konflikt mi\u0119dzy\u00a0<strong>prezydentem Karolem Nawrockim<\/strong>\u00a0a\u00a0<strong>premierem Donaldem Tuskiem<\/strong>\u00a0wszed\u0142 na nowy, otwarty poziom. Sp\u00f3r o nominacje oficerskie w s\u0142u\u017cbach specjalnych przerodzi\u0142 si\u0119 w polityczne starcie na najwy\u017cszym szczeblu. <\/p>\n\n\n\n<p>Pa\u0142ac Prezydencki potwierdzi\u0142, \u017ce prezydent wezwa\u0142 premiera \u201ena rozmow\u0119 wyja\u015bniaj\u0105c\u0105\u201d, a chwil\u0119 p\u00f3\u017aniej wydano pilne o\u015bwiadczenie, w kt\u00f3rym wprost oskar\u017cono rz\u0105d o\u00a0<strong>odci\u0119cie g\u0142owy pa\u0144stwa od informacji<\/strong>.<\/p>\n\n\n\n<h3 class=\"wp-block-heading\">Nagranie, kt\u00f3re rozpali\u0142o konflikt<\/h3>\n\n\n\n<p>Wszystko zacz\u0119\u0142o si\u0119 od pi\u0105tkowego nagrania opublikowanego przez Donalda Tuska. Premier zarzuci\u0142 prezydentowi, \u017ce \u201ezablokowa\u0142 136 nominacji oficerskich\u201d dla funkcjonariuszy&nbsp;<strong>ABW<\/strong>&nbsp;i&nbsp;<strong>SKW<\/strong>, okre\u015blaj\u0105c to jako \u201eci\u0105g dalszy wojny z polskim rz\u0105dem\u201d. \u2013&nbsp;<em>\u017beby by\u0107 prezydentem, nie wystarczy wygra\u0107 wybory<\/em>&nbsp;\u2013 stwierdzi\u0142 Tusk w ostrym tonie.<\/p>\n\n\n\n<p>Odpowied\u017a Karola Nawrockiego nie kaza\u0142a na siebie d\u0142ugo czeka\u0107. Prezydent zamie\u015bci\u0142 w\u0142asne nagranie, w kt\u00f3rym skwitowa\u0142:<br>\u2013&nbsp;<em>\u017beby by\u0107 premierem, nie wystarczy wrzuca\u0107 post\u00f3w na X. Trzeba umie\u0107 rz\u0105dzi\u0107 i stawia\u0107 pa\u0144stwo ponad partyjne interesy.<\/em><\/p>\n\n\n\n<p>Wed\u0142ug Pa\u0142acu, Tusk&nbsp;<strong>\u015bwiadomie zablokowa\u0142 mo\u017cliwo\u015b\u0107 spotkania<\/strong>&nbsp;prezydenta z szefami s\u0142u\u017cb, a tym samym uniemo\u017cliwi\u0142 mu podj\u0119cie decyzji o awansach.<\/p>\n\n\n\n<h3 class=\"wp-block-heading\">Pa\u0142ac odpowiada: \u201ePrezydent zosta\u0142 odci\u0119ty od informacji\u201d<\/h3>\n\n\n\n<p>W sobot\u0119 rzecznik prezydenta&nbsp;<strong>Rafa\u0142 Le\u015bkiewicz<\/strong>&nbsp;wyda\u0142 oficjalne o\u015bwiadczenie, w kt\u00f3rym w ostrych s\u0142owach odni\u00f3s\u0142 si\u0119 do s\u0142\u00f3w premiera. Napisa\u0142, \u017ce to nie prezydent blokuje nominacje, lecz&nbsp;<strong>rz\u0105d blokuje prezydenta<\/strong>.<\/p>\n\n\n\n<blockquote class=\"wp-block-quote is-layout-flow wp-block-quote-is-layout-flow\">\n<p>\u2013&nbsp;<em>Pierwszy raz w historii III RP szefowie s\u0142u\u017cb specjalnych nie przyj\u0119li zaproszenia Prezydenta RP na spotkania dotycz\u0105ce bezpiecze\u0144stwa pa\u0144stwa. Odci\u0119to g\u0142ow\u0119 pa\u0144stwa od dost\u0119pu do informacji<\/em>&nbsp;\u2013 stwierdzi\u0142 Le\u015bkiewicz.<\/p>\n<\/blockquote>\n\n\n\n<p>Rzecznik oskar\u017cy\u0142 premiera o celowe wykorzystywanie s\u0142u\u017cb do walki politycznej i o pr\u00f3b\u0119 os\u0142abienia konstytucyjnej pozycji prezydenta.<\/p>\n\n\n\n<blockquote class=\"wp-block-quote is-layout-flow wp-block-quote-is-layout-flow\">\n<p>\u2013&nbsp;<em>Po wczorajszym \u017cenuj\u0105cym i k\u0142amliwym stand-upie pana premiera Tuska, w sukurs ruszyli jego podw\u0142adni, powielaj\u0105c retoryk\u0119 rodem z podr\u0119cznik\u00f3w komunistycznej bezpieki<\/em>&nbsp;\u2013 doda\u0142 rzecznik, podbijaj\u0105c temperatur\u0119 sporu.<\/p>\n<\/blockquote>\n\n\n\n<h3 class=\"wp-block-heading\">Rz\u0105d odpowiada: \u201ePrezydent ma dost\u0119p do wszystkich informacji\u201d<\/h3>\n\n\n\n<p>Na o\u015bwiadczenie Pa\u0142acu natychmiast zareagowa\u0142&nbsp;<strong>Tomasz Siemoniak<\/strong>, minister koordynator s\u0142u\u017cb specjalnych. Zaprzeczy\u0142, jakoby prezydent by\u0142 odci\u0119ty od informacji.<\/p>\n\n\n\n<blockquote class=\"wp-block-quote is-layout-flow wp-block-quote-is-layout-flow\">\n<p>\u2013&nbsp;<em>Prezydent i jego urz\u0119dnicy otrzymuj\u0105 dok\u0142adnie te same informacje, co jego poprzednicy. Nie ma \u017cadnej blokady<\/em>&nbsp;\u2013 zapewni\u0142 Siemoniak.<\/p>\n<\/blockquote>\n\n\n\n<p>Z kolei&nbsp;<strong>Jacek Dobrzy\u0144ski<\/strong>, rzecznik ministra, doda\u0142, \u017ce planowane spotkania z prezydentem&nbsp;<strong>nie dotyczy\u0142y nominacji<\/strong>, a szefowie s\u0142u\u017cb podlegaj\u0105 premierowi i nie mog\u0105 pojawia\u0107 si\u0119 na spotkaniach bez jego zgody.<\/p>\n\n\n\n<h3 class=\"wp-block-heading\">\u201eWezwa\u0142 premiera na dywanik\u201d<\/h3>\n\n\n\n<p>Po publikacji o\u015bwiadczenia z Pa\u0142acu pojawi\u0142y si\u0119 doniesienia, \u017ce prezydent Karol Nawrocki&nbsp;<strong>wezwa\u0142 Donalda Tuska na rozmow\u0119 w sprawie kryzysu wok\u00f3\u0142 s\u0142u\u017cb<\/strong>. Kancelaria Prezydenta nie poda\u0142a oficjalnego terminu, jednak z nieoficjalnych \u017ar\u00f3de\u0142 wynika, \u017ce rozmowa ma mie\u0107 charakter pilny i odby\u0107 si\u0119 w najbli\u017cszych dniach.<\/p>\n\n\n\n<p>Polityczni komentatorzy nie maj\u0105 w\u0105tpliwo\u015bci \u2014 to&nbsp;<strong>najostrzejszy konflikt mi\u0119dzy prezydentem a premierem od lat<\/strong>. Stawk\u0105 jest nie tylko kwestia 136 nominacji, ale przede wszystkim realny wp\u0142yw na&nbsp;<strong>s\u0142u\u017cby specjalne i bezpiecze\u0144stwo pa\u0144stwa<\/strong>.<\/p>\n\n\n\n<p>Sytuacja wci\u0105\u017c si\u0119 rozwija, a kolejne o\u015bwiadczenia obu stron zapowiadaj\u0105, \u017ce wojna na linii&nbsp;<strong>Nawrocki\u2013Tusk<\/strong>&nbsp;dopiero si\u0119 rozpoczyna.<\/p>\n","protected":false},"excerpt":{"rendered":"Konflikt mi\u0119dzy\u00a0prezydentem Karolem Nawrockim\u00a0a\u00a0premierem Donaldem Tuskiem\u00a0wszed\u0142 na nowy, otwarty poziom. Sp\u00f3r o nominacje oficerskie w s\u0142u\u017cbach specjalnych przerodzi\u0142 si\u0119 w polityczne starcie na \n<a class=\"moretag\" href=\"https:\/\/swiat24.pl.ua\/?p=17393\"> [...]<\/a>","protected":false},"author":1,"featured_media":17394,"comment_status":"open","ping_status":"open","sticky":false,"template":"","format":"standard","meta":{"footnotes":""},"categories":[1],"tags":[],"class_list":["post-17393","post","type-post","status-publish","format-standard","has-post-thumbnail","hentry","category-blog"],"_links":{"self":[{"href":"https:\/\/swiat24.pl.ua\/index.php?rest_route=\/wp\/v2\/posts\/17393","targetHints":{"allow":["GET"]}}],"collection":[{"href":"https:\/\/swiat24.pl.ua\/index.php?rest_route=\/wp\/v2\/posts"}],"about":[{"href":"https:\/\/swiat24.pl.ua\/index.php?rest_route=\/wp\/v2\/types\/post"}],"author":[{"embeddable":true,"href":"https:\/\/swiat24.pl.ua\/index.php?rest_route=\/wp\/v2\/users\/1"}],"replies":[{"embeddable":true,"href":"https:\/\/swiat24.pl.ua\/index.php?rest_route=%2Fwp%2Fv2%2Fcomments&post=17393"}],"version-history":[{"count":1,"href":"https:\/\/swiat24.pl.ua\/index.php?rest_route=\/wp\/v2\/posts\/17393\/revisions"}],"predecessor-version":[{"id":17395,"href":"https:\/\/swiat24.pl.ua\/index.php?rest_route=\/wp\/v2\/posts\/17393\/revisions\/17395"}],"wp:featuredmedia":[{"embeddable":true,"href":"https:\/\/swiat24.pl.ua\/index.php?rest_route=\/wp\/v2\/media\/17394"}],"wp:attachment":[{"href":"https:\/\/swiat24.pl.ua\/index.php?rest_route=%2Fwp%2Fv2%2Fmedia&parent=17393"}],"wp:term":[{"taxonomy":"category","embeddable":true,"href":"https:\/\/swiat24.pl.ua\/index.php?rest_route=%2Fwp%2Fv2%2Fcategories&post=17393"},{"taxonomy":"post_tag","embeddable":true,"href":"https:\/\/swiat24.pl.ua\/index.php?rest_route=%2Fwp%2Fv2%2Ftags&post=17393"}],"curies":[{"name":"wp","href":"https:\/\/api.w.org\/{rel}","templated":true}]}}