{"id":17380,"date":"2025-11-09T17:08:22","date_gmt":"2025-11-09T17:08:22","guid":{"rendered":"https:\/\/swiat24.pl.ua\/?p=17380"},"modified":"2025-11-09T17:08:22","modified_gmt":"2025-11-09T17:08:22","slug":"goraco-na-antenie-polsat-news-trudno-uwierzyc-jak-gosc-dopiekl-nawrockiemu","status":"publish","type":"post","link":"https:\/\/swiat24.pl.ua\/?p=17380","title":{"rendered":"Gor\u0105co na antenie Polsat News. Trudno uwierzy\u0107, jak go\u015b\u0107 dopiek\u0142 Nawrockiemu"},"content":{"rendered":"\n<p>W polskiej polityce zn\u00f3w zawrza\u0142o. W centrum konfliktu znalaz\u0142 si\u0119 prezydent RP i jego sp\u00f3r z premierem o nominacje w s\u0142u\u017cbach specjalnych. <\/p>\n\n\n\n<p>Emocje si\u0119gn\u0119\u0142y zenitu, gdy pad\u0142y s\u0142owa: \u201epan prezydent pomyli\u0142 urz\u0105d prezydenta z kibolsk\u0105 ustawk\u0105, gdzie decyduje tylko si\u0142a\u201d. <\/p>\n\n\n\n<p>S\u0142owa te, wypowiedziane w programie \u201e\u015aniadanie Rymanowskiego\u201d, sta\u0142y si\u0119 symbolem trwaj\u0105cej \u201ewojny na g\u00f3rze\u201d.<\/p>\n\n\n\n<p>\u201eWojna na g\u00f3rze\u201d o awanse w s\u0142u\u017cbach specjalnych<br>Sp\u00f3r mi\u0119dzy prezydentem a premierem dotyczy nominacji na pierwszy stopie\u0144 oficerski w Agencji Bezpiecze\u0144stwa Wewn\u0119trznego i S\u0142u\u017cbie Kontrwywiadu Wojskowego. Szef rz\u0105du zarzuca prezydentowi blokowanie decyzji, prezydent natomiast odpowiada, \u017ce to premier uniemo\u017cliwia mu kontakt z szefami s\u0142u\u017cb.<br>Zbigniew Bogucki, szef Kancelarii Prezydenta, przekonuje:<\/p>\n\n\n\n<p>Prezydent ma prawo otrzyma\u0107 informacje w takiej formule, w jakiej za\u017c\u0105da. To nie premier Tusk b\u0119dzie limitowa\u0142 prezydenta wybranego wol\u0105 narodu.<\/p>\n\n\n\n<p>W ocenie Boguckiego, to premier i s\u0142u\u017cby dzia\u0142aj\u0105 dzi\u015b \u201ena polityczne zlecenie\u201d.<br>Z kolei Anna Maria \u017bukowska z Lewicy odpiera zarzuty:<\/p>\n\n\n\n<p>Nie ma \u017cadnej formu\u0142y, w kt\u00f3rej prezydent m\u00f3g\u0142by si\u0119 spotyka\u0107 z szefami s\u0142u\u017cb. Konstytucja jest jasna, to premier rz\u0105dzi pa\u0144stwem.<br><\/p>\n\n\n\n<p>Kompetencje kontra polityka. Kto ma racj\u0119?<br>W tle emocjonalnych wypowiedzi pojawia si\u0119 fundamentalne pytanie: gdzie ko\u0144cz\u0105 si\u0119 kompetencje prezydenta, a gdzie zaczyna polityczna demonstracja si\u0142y? Patryk Jaki broni g\u0142owy pa\u0144stwa, m\u00f3wi\u0105c:<\/p>\n\n\n\n<p>Przykro, \u017ce prezydent musi walczy\u0107 o to, \u017ceby \u0142askawie przestrzegano jego kompetencji. To on mianuje te osoby i koniec.<\/p>\n\n\n\n<p>Europose\u0142 podkre\u015bla, \u017ce prezydent ma konstytucyjne prawo do informacji dotycz\u0105cych bezpiecze\u0144stwa pa\u0144stwa. Z kolei pose\u0142 Jaros\u0142aw Urbaniak twierdzi, \u017ce prezydent nadu\u017cywa interpretacji prawa:<\/p>\n\n\n\n<p>Nie mo\u017ce by\u0107 tak, \u017ce oto prezydent sobie wzywa na dywanik szef\u00f3w s\u0142u\u017cb. Ustawy m\u00f3wi\u0105 o przekazaniu informacji, nie o stawiennictwie.<br><\/p>\n\n\n\n<p>Politycy apeluj\u0105 o rozs\u0105dek<br>Nie wszyscy uczestnicy debaty stan\u0119li po kt\u00f3rej\u015b ze stron. Europose\u0142 Stanis\u0142aw Tyszka z Konfederacji nie kry\u0142 rozczarowania poziomem sporu:<\/p>\n\n\n\n<p>Sytuacja jest powa\u017cna i niepokoj\u0105ca. Bardzo mi si\u0119 nie podoba ten obrazek, gdzie prezydent i premier dyskutuj\u0105 przez filmiki na portalu X. To wygl\u0105da jak piaskownica, kt\u00f3ra nas o\u015bmiesza w polityce mi\u0119dzynarodowej.<\/p>\n\n\n\n<p>Wed\u0142ug Tyszki, obie strony powinny \u201ezej\u015b\u0107 z barykady\u201d i znale\u017a\u0107 kompromis:<\/p>\n\n\n\n<p>Ci\u0119\u017car odpowiedzialno\u015bci jest roz\u0142o\u017cony p\u00f3\u0142 na p\u00f3\u0142. W czasie wojny za wschodni\u0105 granic\u0105 pa\u0144stwo nie mo\u017ce pozwoli\u0107 sobie na parali\u017c s\u0142u\u017cb.<\/p>\n\n\n\n<p>Mimo tych apeli, konflikt o awanse w s\u0142u\u017cbach specjalnych zdaje si\u0119 dopiero rozkr\u0119ca\u0107 a stawk\u0105 w tej grze s\u0105 nie tylko nominacje, lecz tak\u017ce autorytet prezydenta i wiarygodno\u015b\u0107 pa\u0144stwa.<br><\/p>\n","protected":false},"excerpt":{"rendered":"W polskiej polityce zn\u00f3w zawrza\u0142o. W centrum konfliktu znalaz\u0142 si\u0119 prezydent RP i jego sp\u00f3r z premierem o nominacje w s\u0142u\u017cbach specjalnych. Emocje \n<a class=\"moretag\" href=\"https:\/\/swiat24.pl.ua\/?p=17380\"> [...]<\/a>","protected":false},"author":1,"featured_media":17381,"comment_status":"open","ping_status":"open","sticky":false,"template":"","format":"standard","meta":{"footnotes":""},"categories":[1],"tags":[],"class_list":["post-17380","post","type-post","status-publish","format-standard","has-post-thumbnail","hentry","category-blog"],"_links":{"self":[{"href":"https:\/\/swiat24.pl.ua\/index.php?rest_route=\/wp\/v2\/posts\/17380","targetHints":{"allow":["GET"]}}],"collection":[{"href":"https:\/\/swiat24.pl.ua\/index.php?rest_route=\/wp\/v2\/posts"}],"about":[{"href":"https:\/\/swiat24.pl.ua\/index.php?rest_route=\/wp\/v2\/types\/post"}],"author":[{"embeddable":true,"href":"https:\/\/swiat24.pl.ua\/index.php?rest_route=\/wp\/v2\/users\/1"}],"replies":[{"embeddable":true,"href":"https:\/\/swiat24.pl.ua\/index.php?rest_route=%2Fwp%2Fv2%2Fcomments&post=17380"}],"version-history":[{"count":1,"href":"https:\/\/swiat24.pl.ua\/index.php?rest_route=\/wp\/v2\/posts\/17380\/revisions"}],"predecessor-version":[{"id":17382,"href":"https:\/\/swiat24.pl.ua\/index.php?rest_route=\/wp\/v2\/posts\/17380\/revisions\/17382"}],"wp:featuredmedia":[{"embeddable":true,"href":"https:\/\/swiat24.pl.ua\/index.php?rest_route=\/wp\/v2\/media\/17381"}],"wp:attachment":[{"href":"https:\/\/swiat24.pl.ua\/index.php?rest_route=%2Fwp%2Fv2%2Fmedia&parent=17380"}],"wp:term":[{"taxonomy":"category","embeddable":true,"href":"https:\/\/swiat24.pl.ua\/index.php?rest_route=%2Fwp%2Fv2%2Fcategories&post=17380"},{"taxonomy":"post_tag","embeddable":true,"href":"https:\/\/swiat24.pl.ua\/index.php?rest_route=%2Fwp%2Fv2%2Ftags&post=17380"}],"curies":[{"name":"wp","href":"https:\/\/api.w.org\/{rel}","templated":true}]}}