{"id":17350,"date":"2025-11-09T13:28:02","date_gmt":"2025-11-09T13:28:02","guid":{"rendered":"https:\/\/swiat24.pl.ua\/?p=17350"},"modified":"2025-11-09T13:28:02","modified_gmt":"2025-11-09T13:28:02","slug":"ma-zostac-wydany-niemcom-prowadzi-glodowke-jego-stan-jest-krytyczny","status":"publish","type":"post","link":"https:\/\/swiat24.pl.ua\/?p=17350","title":{"rendered":"Ma zosta\u0107 wydany Niemcom, prowadzi g\u0142od\u00f3wk\u0119. &#8220;Jego stan jest krytyczny&#8221;"},"content":{"rendered":"\n<p><strong>Rzecznik praw cz\u0142owieka Ukrainy Dmytro \u0141ubine\u0107 poinformowa\u0142 o nag\u0142ym pogorszeniu stanu zdrowia Sierhija K. <\/strong><\/p>\n\n\n\n<p><strong>Aresztowany we W\u0142oszech m\u0119\u017cczyzna czeka na ekstradycj\u0119 do Niemiec w zwi\u0105zku z zarzutami dotycz\u0105cymi udzia\u0142u w ataku na gazoci\u0105g Nord Stream. Ukrainiec od dziewi\u0119ciu dni prowadzi g\u0142od\u00f3wk\u0119.<\/strong><\/p>\n\n\n\n<p>&#8220;Spotka\u0142em si\u0119 z \u017con\u0105 Serhija, Ha\u0142yn\u0105. Powiedzia\u0142a, \u017ce nadal prowadzi on g\u0142od\u00f3wk\u0119, a stan jego zdrowia jest krytyczny. Dlatego ta sytuacja wymaga natychmiastowych dzia\u0142a\u0144 i wzi\u0105\u0142em j\u0105 pod osobist\u0105 kontrol\u0119&#8221; &#8211; przekaza\u0142 w sobotnim wpisie w mediach spo\u0142eczno\u015bciowych Dmytro \u0141ubine\u0107.<\/p>\n\n\n\n<p>Rzecznik praw cz\u0142owieka poinformowa\u0142, \u017ce wys\u0142a\u0142 oficjalne listy w tej sprawie do resortu dyplomacji w Kijowie, resortu sprawiedliwo\u015bci W\u0142och, a tak\u017ce do wiceprzewodnicz\u0105cej Parlamentu Europejskiego Piny Picierno.<\/p>\n\n\n\n<p>&#8220;Musimy zrobi\u0107 wszystko, co mo\u017cliwe, aby chroni\u0107 prawa obywatela Ukrainy&#8221; &#8211; doda\u0142 \u0141ubine\u0107. Zaznaczy\u0142, \u017ce przetrzymywanie Serhiia K. w wi\u0119zieniu o zaostrzonym rygorze i w nieodpowiednich warunkach jest &#8220;niedopuszczalne i sprzeczne z Konwencj\u0105 o ochronie praw cz\u0142owieka i podstawowych wolno\u015bci&#8221;.<\/p>\n\n\n\n<p>Decyzja s\u0105du w Bolonii<br>Pod koniec pa\u017adziernika tego roku s\u0105d apelacyjny w Bolonii zgodzi\u0142 si\u0119 na przekazanie niemieckiemu wymiarowi sprawiedliwo\u015bci 49-letniego Serhija K., podejrzanego o atak na gazoci\u0105g Nord Stream w 2022 roku.<\/p>\n\n\n\n<p>By\u0142y wojskowy zosta\u0142 aresztowany na podstawie europejskiego nakazu zatrzymania w sierpniu ko\u0142o Rimini, gdzie przebywa\u0142 z rodzin\u0105 na wakacjach. Twierdzi\u0142, \u017ce nie mia\u0142 nic wsp\u00f3lnego z akcj\u0105 sabota\u017cow\u0105 i w tamtym czasie przebywa\u0142 w <a href=\"https:\/\/tvn24.pl\/tagi\/ukraina\">Ukrainie<\/a>.<\/p>\n\n\n\n<p>M\u0119\u017cczyzna zosta\u0142 osadzony w areszcie we W\u0142oszech. Od 31 pa\u017adziernika prowadzi g\u0142od\u00f3wk\u0119.<\/p>\n\n\n\n<p>Ustalenia prokuratury<br>Wed\u0142ug niemieckich medi\u00f3w, powo\u0142uj\u0105cych si\u0119 na w\u0142asne \u017ar\u00f3d\u0142a, K. by\u0142 organizatorem ataku na Nord Stream.<\/p>\n\n\n\n<p>Niemiecka prokuratura ustali\u0142a, \u017ce K. i jego wsp\u00f3\u0142pracownicy do akcji sabota\u017cowej wykorzystali jacht, kt\u00f3ry wyp\u0142yn\u0105\u0142 z portu w Rostocku. Wynaj\u0119li go w <a href=\"https:\/\/tvn24.pl\/tagi\/niemcy\">Niemczech<\/a> na podstawie fa\u0142szywych dokument\u00f3w to\u017csamo\u015bci i z pomoc\u0105 po\u015brednik\u00f3w.<\/p>\n\n\n\n<p>\u015aledczy twierdz\u0105, \u017ce nurkowie przyczepili do nitek gazoci\u0105gu Nord Stream co najmniej cztery \u0142adunki wybuchowe. P\u00f3\u017aniej mieli zosta\u0107 odebrani przez kierowc\u0119 i zawiezieni na Ukrain\u0119.<\/p>\n\n\n\n<figure class=\"wp-block-image\"><img decoding=\"async\" src=\"https:\/\/tvn24.pl\/_e\/i\/najnowsze\/article6135123.ece\/alternates\/RAW_IMAGE\" alt=\"Aktualnie czytasz: Ma zosta\u0107 wydany Niemcom, prowadzi g\u0142od\u00f3wk\u0119. &quot;Jego stan jest krytyczny&quot;\" title=\"\"\/><figcaption class=\"wp-element-caption\">\u0179r\u00f3d\u0142o: PAP\/Maciej Zieli\u0144ski<\/figcaption><\/figure>\n\n\n\n<p>Ukrai\u0144ski portal Telegraf napisa\u0142, \u017ce Serhij K. nie jest &#8220;zwyk\u0142ym obywatelem&#8221;. To emerytowany kapitan ukrai\u0144skich si\u0142 zbrojnych i by\u0142y funkcjonariusz S\u0142u\u017cby Bezpiecze\u0144stwa Ukrainy. &#8220;Niemieccy prokuratorzy twierdz\u0105, \u017ce przewodzi\u0142 on sze\u015bcioosobowemu zespo\u0142owi &#8211; dw\u00f3m \u017co\u0142nierzom i czterem cywilnym nurkom, kt\u00f3rzy mieli zainstalowa\u0107 \u0142adunki wybuchowe na gazoci\u0105gu Nord Stream w pobli\u017cu wyspy Bornholm&#8221; &#8211; poda\u0142 Telegraf.<\/p>\n\n\n\n<p>Polski s\u0105d nie zgodzi\u0142 si\u0119 na wydanie innego podejrzanego o wysadzenie Nord Stream<br>We wrze\u015bniu na terenie Pruszkowa zatrzymano obywatela Ukrainy Wo\u0142odymyra \u017burawlowa, tak\u017ce podejrzanego przez niemieckie s\u0142u\u017cby w sprawie wysadzenia Nord Stream. 46-latek by\u0142 \u015bcigany na podstawie Europejskiego Nakazu Aresztowania, wydanego przez niemiecki s\u0105d. S\u0105d Okr\u0119gowy w Warszawie odm\u00f3wi\u0142 wydania m\u0119\u017cczyzny w\u0142adzom niemieckim. Uchyli\u0142 te\u017c areszt dla obywatela Ukrainy.<\/p>\n\n\n\n<p>S\u0119dzia Dariusz \u0141ubowski wyja\u015bni\u0142 w\u00f3wczas, \u017ce przedmiotem post\u0119powania nie jest ustalenie, czy \u015bcigany dopu\u015bci\u0142 si\u0119 zarzucanego mu czynu, a jedynie czy ten czyn mo\u017ce stanowi\u0107 podstaw\u0119 do wykonania europejskiego nakazu aresztowania.<\/p>\n\n\n\n<p><\/p>\n","protected":false},"excerpt":{"rendered":"Rzecznik praw cz\u0142owieka Ukrainy Dmytro \u0141ubine\u0107 poinformowa\u0142 o nag\u0142ym pogorszeniu stanu zdrowia Sierhija K. Aresztowany we W\u0142oszech m\u0119\u017cczyzna czeka na ekstradycj\u0119 do Niemiec \n<a class=\"moretag\" href=\"https:\/\/swiat24.pl.ua\/?p=17350\"> [...]<\/a>","protected":false},"author":1,"featured_media":17351,"comment_status":"open","ping_status":"open","sticky":false,"template":"","format":"standard","meta":{"footnotes":""},"categories":[1],"tags":[],"class_list":["post-17350","post","type-post","status-publish","format-standard","has-post-thumbnail","hentry","category-blog"],"_links":{"self":[{"href":"https:\/\/swiat24.pl.ua\/index.php?rest_route=\/wp\/v2\/posts\/17350","targetHints":{"allow":["GET"]}}],"collection":[{"href":"https:\/\/swiat24.pl.ua\/index.php?rest_route=\/wp\/v2\/posts"}],"about":[{"href":"https:\/\/swiat24.pl.ua\/index.php?rest_route=\/wp\/v2\/types\/post"}],"author":[{"embeddable":true,"href":"https:\/\/swiat24.pl.ua\/index.php?rest_route=\/wp\/v2\/users\/1"}],"replies":[{"embeddable":true,"href":"https:\/\/swiat24.pl.ua\/index.php?rest_route=%2Fwp%2Fv2%2Fcomments&post=17350"}],"version-history":[{"count":1,"href":"https:\/\/swiat24.pl.ua\/index.php?rest_route=\/wp\/v2\/posts\/17350\/revisions"}],"predecessor-version":[{"id":17352,"href":"https:\/\/swiat24.pl.ua\/index.php?rest_route=\/wp\/v2\/posts\/17350\/revisions\/17352"}],"wp:featuredmedia":[{"embeddable":true,"href":"https:\/\/swiat24.pl.ua\/index.php?rest_route=\/wp\/v2\/media\/17351"}],"wp:attachment":[{"href":"https:\/\/swiat24.pl.ua\/index.php?rest_route=%2Fwp%2Fv2%2Fmedia&parent=17350"}],"wp:term":[{"taxonomy":"category","embeddable":true,"href":"https:\/\/swiat24.pl.ua\/index.php?rest_route=%2Fwp%2Fv2%2Fcategories&post=17350"},{"taxonomy":"post_tag","embeddable":true,"href":"https:\/\/swiat24.pl.ua\/index.php?rest_route=%2Fwp%2Fv2%2Ftags&post=17350"}],"curies":[{"name":"wp","href":"https:\/\/api.w.org\/{rel}","templated":true}]}}