{"id":17347,"date":"2025-11-09T12:35:04","date_gmt":"2025-11-09T12:35:04","guid":{"rendered":"https:\/\/swiat24.pl.ua\/?p=17347"},"modified":"2025-11-09T12:35:04","modified_gmt":"2025-11-09T12:35:04","slug":"tusk-nie-mial-litosci-i-zadrwil-z-pis-z-ust-premiera-padly-stanowcze-slowa","status":"publish","type":"post","link":"https:\/\/swiat24.pl.ua\/?p=17347","title":{"rendered":"Tusk nie mia\u0142 lito\u015bci i zadrwi\u0142 z PiS. Z ust premiera pad\u0142y stanowcze s\u0142owa"},"content":{"rendered":"\n<p>Polityczna burza nie ustaje. Premier Donald Tusk zabra\u0142 g\u0142os po gor\u0105cym tygodniu na scenie politycznej, kiedy to Sejm uchyli\u0142 immunitet Zbigniewowi Ziobrze i zgodzi\u0142 si\u0119 na jego aresztowanie. <\/p>\n\n\n\n<p>W tle narastaj\u0105 emocje, oskar\u017cenia i coraz wi\u0119ksze napi\u0119cie wewn\u0105trz obozu PiS.<\/p>\n\n\n\n<p>Polityczna burza po decyzji Sejmu<br>Decyzja o uchyleniu immunitetu Zbigniewowi Ziobrze wstrz\u0105sn\u0119\u0142a polsk\u0105 scen\u0105 polityczn\u0105. W pi\u0105tek pos\u0142owie zgodzili si\u0119 nie tylko na pozbawienie by\u0142ego ministra sprawiedliwo\u015bci ochrony parlamentarnej, ale tak\u017ce na jego zatrzymanie i tymczasowe aresztowanie.&nbsp;<\/p>\n\n\n\n<p>Prokuratura Krajowa planuje postawi\u0107 mu a\u017c 26 zarzut\u00f3w w zwi\u0105zku ze spraw\u0105 Funduszu Sprawiedliwo\u015bci. Premier Donald Tusk w swoim komentarzu nie szcz\u0119dzi\u0142 mocnych s\u0142\u00f3w, podkre\u015blaj\u0105c:<\/p>\n\n\n\n<p>Nikt nie stoi ponad prawem, nawet ci, kt\u00f3rzy przez lata pr\u00f3bowali zaw\u0142aszczy\u0107 wymiar sprawiedliwo\u015bci.<\/p>\n\n\n\n<p>S\u0142owa premiera wywo\u0142a\u0142y fal\u0119 reakcji &#8211; od poparcia ze strony opozycji, po gniewne protesty polityk\u00f3w PiS.<br><\/p>\n\n\n\n<blockquote class=\"twitter-tweet\" data-media-max-width=\"560\"><p lang=\"pl\" dir=\"ltr\">Rozkr\u0119ca si\u0119 pisowska akcja \u201eMurem za\u201d. Lista si\u0119 wyd\u0142u\u017ca. Nied\u0142ugo zabraknie im cegie\u0142.<\/p>&mdash; Donald Tusk (@donaldtusk) <a href=\"https:\/\/twitter.com\/donaldtusk\/status\/1987453372882939987?ref_src=twsrc%5Etfw\">November 9, 2025<\/a><\/blockquote> <script async src=\"https:\/\/platform.twitter.com\/widgets.js\" charset=\"utf-8\"><\/script>\n\n\n\n<p>PiS w defensywie: \u201eMurem za Ziobr\u0105\u201d<br>W obozie Prawa i Sprawiedliwo\u015bci decyzj\u0119 Sejmu odebrano jako atak polityczny. Beata Kempa i inni bliscy wsp\u00f3\u0142pracownicy Zbigniewa Ziobry ruszyli z akcj\u0105 wsparcia w mediach spo\u0142eczno\u015bciowych. Has\u0142o \u201eMurem za Zbigniewem Ziobr\u0105\u201d szybko zacz\u0119\u0142o kr\u0105\u017cy\u0107 w internecie.&nbsp;<\/p>\n\n\n\n<p>Jaros\u0142aw Kaczy\u0144ski m\u00f3wi\u0142 o \u201epolowaniu na ludzi prawicy\u201d i zapowiedzia\u0142, \u017ce partia nie zamierza milcze\u0107 wobec dzia\u0142a\u0144 rz\u0105du. Jednak w tle tych deklaracji wida\u0107 coraz wi\u0119ksze napi\u0119cie i obawy o to, jak daleko si\u0119gn\u0105 dzia\u0142ania prokuratury. Jak zauwa\u017cy\u0142 jeden z komentator\u00f3w, PiS po raz pierwszy od lat musi t\u0142umaczy\u0107 si\u0119 z w\u0142asnych ludzi &#8211; a nie z przeciwnik\u00f3w.<br><\/p>\n\n\n\n<p>Obajtek pod lup\u0105 \u015bledczych<br>To jednak nie koniec problem\u00f3w dla partii Kaczy\u0144skiego. Na celowniku prokuratury znalaz\u0142 si\u0119 Daniel Obajtek, by\u0142y prezes Orlenu, kt\u00f3ry przez lata uchodzi\u0142 za jednego z najbardziej wp\u0142ywowych ludzi w otoczeniu PiS.&nbsp;<\/p>\n\n\n\n<p>W sobot\u0119 Jaros\u0142aw Kaczy\u0144ski publicznie stan\u0105\u0142 w jego obronie i wezwa\u0142 sympatyk\u00f3w partii na protest przed siedzib\u0105 prokuratury w Warszawie.<\/p>\n\n\n\n<p>Nie zapominajmy o nim &#8211; apelowa\u0142 prezes PiS.<\/p>\n\n\n\n<p>Donald Tusk skomentowa\u0142 te s\u0142owa z ironi\u0105, wskazuj\u0105c, \u017ce \u201eczas bezkarno\u015bci min\u0105\u0142, a prawo wreszcie dzia\u0142a wobec wszystkich tak samo\u201d.<br><\/p>\n\n\n\n<p><\/p>\n","protected":false},"excerpt":{"rendered":"Polityczna burza nie ustaje. Premier Donald Tusk zabra\u0142 g\u0142os po gor\u0105cym tygodniu na scenie politycznej, kiedy to Sejm uchyli\u0142 immunitet Zbigniewowi Ziobrze i \n<a class=\"moretag\" href=\"https:\/\/swiat24.pl.ua\/?p=17347\"> [...]<\/a>","protected":false},"author":1,"featured_media":17348,"comment_status":"open","ping_status":"open","sticky":false,"template":"","format":"standard","meta":{"footnotes":""},"categories":[1],"tags":[],"class_list":["post-17347","post","type-post","status-publish","format-standard","has-post-thumbnail","hentry","category-blog"],"_links":{"self":[{"href":"https:\/\/swiat24.pl.ua\/index.php?rest_route=\/wp\/v2\/posts\/17347","targetHints":{"allow":["GET"]}}],"collection":[{"href":"https:\/\/swiat24.pl.ua\/index.php?rest_route=\/wp\/v2\/posts"}],"about":[{"href":"https:\/\/swiat24.pl.ua\/index.php?rest_route=\/wp\/v2\/types\/post"}],"author":[{"embeddable":true,"href":"https:\/\/swiat24.pl.ua\/index.php?rest_route=\/wp\/v2\/users\/1"}],"replies":[{"embeddable":true,"href":"https:\/\/swiat24.pl.ua\/index.php?rest_route=%2Fwp%2Fv2%2Fcomments&post=17347"}],"version-history":[{"count":1,"href":"https:\/\/swiat24.pl.ua\/index.php?rest_route=\/wp\/v2\/posts\/17347\/revisions"}],"predecessor-version":[{"id":17349,"href":"https:\/\/swiat24.pl.ua\/index.php?rest_route=\/wp\/v2\/posts\/17347\/revisions\/17349"}],"wp:featuredmedia":[{"embeddable":true,"href":"https:\/\/swiat24.pl.ua\/index.php?rest_route=\/wp\/v2\/media\/17348"}],"wp:attachment":[{"href":"https:\/\/swiat24.pl.ua\/index.php?rest_route=%2Fwp%2Fv2%2Fmedia&parent=17347"}],"wp:term":[{"taxonomy":"category","embeddable":true,"href":"https:\/\/swiat24.pl.ua\/index.php?rest_route=%2Fwp%2Fv2%2Fcategories&post=17347"},{"taxonomy":"post_tag","embeddable":true,"href":"https:\/\/swiat24.pl.ua\/index.php?rest_route=%2Fwp%2Fv2%2Ftags&post=17347"}],"curies":[{"name":"wp","href":"https:\/\/api.w.org\/{rel}","templated":true}]}}