{"id":17323,"date":"2025-11-08T20:07:19","date_gmt":"2025-11-08T20:07:19","guid":{"rendered":"https:\/\/swiat24.pl.ua\/?p=17323"},"modified":"2025-11-08T20:07:19","modified_gmt":"2025-11-08T20:07:19","slug":"mam-na-imie-marysia-mam-67-lat-i-po-45-latach-malzenstaw-odkrylam-druzgocaca-prawde-o-moim-mezu","status":"publish","type":"post","link":"https:\/\/swiat24.pl.ua\/?p=17323","title":{"rendered":"Mam na imi\u0119 Marysia, mam 67 lat i po 45 latach ma\u0142\u017ce\u0144staw odkry\u0142am druzgoc\u0105c\u0105 prawd\u0119 o moim m\u0119\u017cu\u2026"},"content":{"rendered":"\n<h3 class=\"wp-block-heading\"><strong>Mam 67 lat i po 45 latach ma\u0142\u017ce\u0144stwa odkry\u0142am druzgoc\u0105c\u0105 prawd\u0119 o moim m\u0119\u017cu<\/strong><\/h3>\n\n\n\n<p>M\u00f3j \u015bwiat zawsze by\u0142 uporz\u0105dkowany. Codzienne rytua\u0142y, ciche wieczory przy herbacie i zapach pieczonego chleba w sobotnie poranki.<\/p>\n\n\n\n<p>Przez 45 lat ma\u0142\u017ce\u0144stwa z Janem mia\u0142am poczucie, \u017ce zbudowali\u015bmy co\u015b solidnego i trwa\u0142ego, co\u015b, czego nic nie zdo\u0142a naruszy\u0107.<\/p>\n\n\n\n<p>Ale tamten dzie\u0144 zmieni\u0142 wszystko.<\/p>\n\n\n\n<p>By\u0142a ciep\u0142a, jesienna \u015broda. Li\u015bcie mieni\u0142y si\u0119 z\u0142otem, a ja przegl\u0105da\u0142am stare zdj\u0119cia w poszukiwaniu pami\u0105tki dla naszej wnuczki, kt\u00f3ra chcia\u0142a napisa\u0107 esej o \u201e\u017cyciu babci\u201d.<\/p>\n\n\n\n<p>W\u015br\u00f3d wyblak\u0142ych fotografii znalaz\u0142am kopert\u0119, kt\u00f3ra wygl\u0105da\u0142a na nieruszan\u0105 od dziesi\u0119cioleci.<\/p>\n\n\n\n<p>Na odwrocie widnia\u0142o moje imi\u0119 \u2013 odr\u0119czne pismo, kt\u00f3re natychmiast rozpozna\u0142am. To by\u0142 list.<\/p>\n\n\n\n<p>Otworzy\u0142am go, spodziewaj\u0105c si\u0119 czego\u015b zwyczajnego \u2013 mo\u017ce zapomnianego listu mi\u0142osnego od Jana z czas\u00f3w narzecze\u0144stwa.<\/p>\n\n\n\n<p>Ale zamiast tego przeczyta\u0142am co\u015b, co wprawi\u0142o mnie w os\u0142upienie.<\/p>\n\n\n\n<p>\u201eDroga Mario,<br>Nie wiem, jak zacz\u0105\u0107 ten list, ale musz\u0119 Ci powiedzie\u0107 prawd\u0119. Kocham Ci\u0119, ale jestem cz\u0142owiekiem, kt\u00f3ry nosi w sobie tajemnic\u0119. Pami\u0119taj, \u017ce zawsze chcia\u0142em Twojego szcz\u0119\u015bcia, nawet je\u015bli pewnego dnia dowiesz si\u0119 o mnie czego\u015b, co zmieni Twoje spojrzenie na nas. Prosz\u0119, b\u0105d\u017a dla mnie wyrozumia\u0142a.<br>Tw\u00f3j Janek.\u201d<\/p>\n\n\n\n<p>Serce zacz\u0119\u0142o mi wali\u0107. Tajemnica? Jaka tajemnica? Przez dziesi\u0105tki lat dzielili\u015bmy wszystko: \u017cycie, dom, dzieci, a nawet drobne k\u0142\u00f3tnie o to, czy lepsza jest zupa pomidorowa czy og\u00f3rkowa.<\/p>\n\n\n\n<p>Nie mog\u0142am sobie wyobrazi\u0107, \u017ce Jan mia\u0142 przede mn\u0105 co\u015b ukrywa\u0107.<\/p>\n\n\n\n<p>Wieczorem, kiedy wr\u00f3ci\u0142 z ogrodu, postanowi\u0142am zapyta\u0107 wprost. Usiad\u0142am na fotelu naprzeciwko niego, trzymaj\u0105c w r\u0119ku list.\u2013 Janku, co to ma znaczy\u0107? \u2013 zapyta\u0142am, pr\u00f3buj\u0105c zapanowa\u0107 nad dr\u017ceniem g\u0142osu.<\/p>\n\n\n\n<p>Zobaczy\u0142am, jak jego twarz nagle bladnie. Zacisn\u0105\u0142 d\u0142onie na por\u0119czy krzes\u0142a i przez chwil\u0119 milcza\u0142. Potem westchn\u0105\u0142 g\u0142\u0119boko.<\/p>\n\n\n\n<p><br>\u2013 Nie my\u015bla\u0142em, \u017ce kiedykolwiek to przeczytasz\u2026 \u2013 powiedzia\u0142 cicho.<\/p>\n\n\n\n<p>\u2013 Co ukrywasz? \u2013 ponagli\u0142am.<\/p>\n\n\n\n<p>Jan spu\u015bci\u0142 wzrok. Przez chwil\u0119 wydawa\u0142o mi si\u0119, \u017ce s\u0142owa ugrz\u0119z\u0142y mu w gardle, ale w ko\u0144cu zacz\u0105\u0142 m\u00f3wi\u0107. Opowiedzia\u0142 mi co\u015b, czego nigdy si\u0119 nie spodziewa\u0142am.<\/p>\n\n\n\n<p>Okaza\u0142o si\u0119, \u017ce przez ca\u0142e nasze \u017cycie Jan prowadzi\u0142 drugie, r\u00f3wnoleg\u0142e \u017cycie.<\/p>\n\n\n\n<p>Nie, nie mia\u0142 innej \u017cony ani dzieci \u2013 to nie by\u0142a opowie\u015b\u0107 o zdradzie w klasycznym sensie. M\u00f3j m\u0105\u017c by\u0142\u2026 agentem s\u0142u\u017cb specjalnych.<\/p>\n\n\n\n<p>Przez dekady pracowa\u0142 jako szpieg. Jego wyjazdy \u201es\u0142u\u017cbowe\u201d, kt\u00f3re zawsze t\u0142umaczy\u0142 biznesowymi sprawami w latach 70. i 80., by\u0142y w rzeczywisto\u015bci misjami, o kt\u00f3rych nie m\u00f3g\u0142 mi powiedzie\u0107.<\/p>\n\n\n\n<figure class=\"wp-block-image\"><img decoding=\"async\" src=\"https:\/\/newspol.pl\/wp-content\/uploads\/2024\/11\/1-1.webp\" alt=\"\" class=\"wp-image-11195\"\/><\/figure>\n\n\n\n<p>Wiedzia\u0142am, \u017ce by\u0142 dobrym fachowcem w swojej pracy jako in\u017cynier, ale nigdy nie przysz\u0142o mi do g\u0142owy, \u017ce to tylko przykrywka.<\/p>\n\n\n\n<p>\u2013 Ale dlaczego nigdy mi tego nie powiedzia\u0142e\u015b? \u2013 spyta\u0142am z niedowierzaniem.<\/p>\n\n\n\n<p>Jan spojrza\u0142 na mnie ze \u0142zami w oczach.<br>\u2013 \u017beby ci\u0119 chroni\u0107. Mia\u0142em wrog\u00f3w, Mario. Ludzi, kt\u00f3rzy zrobiliby wszystko, \u017ceby mnie zniszczy\u0107, a mo\u017ce nawet skrzywdzi\u0107 ciebie i nasze dzieci.<\/p>\n\n\n\n<p>Wiedzia\u0142em, \u017ce im mniej wiesz, tym jeste\u015b bezpieczniejsza.<\/p>\n\n\n\n<p>Z jednej strony rozumia\u0142am jego intencje, z drugiej czu\u0142am si\u0119 zdradzona. Przez 45 lat by\u0142am w ma\u0142\u017ce\u0144stwie, kt\u00f3re nie by\u0142o tak przejrzyste, jak mi si\u0119 wydawa\u0142o. Kim by\u0142 ten cz\u0142owiek, z kt\u00f3rym dzieli\u0142am \u017cycie?<\/p>\n\n\n\n<p>Przez kolejne dni stara\u0142am si\u0119 przyswoi\u0107 t\u0119 now\u0105 rzeczywisto\u015b\u0107. Jan, widz\u0105c moje wahanie, opowiedzia\u0142 mi wi\u0119cej \u2013 o swoich misjach, o ryzyku, jakie podejmowa\u0142, i o momentach, w kt\u00f3rych chcia\u0142 wszystko rzuci\u0107, ale nie m\u00f3g\u0142, bo czu\u0142, \u017ce jego praca jest wa\u017cna.<\/p>\n\n\n\n<p>W ko\u0144cu, po tygodniach rozm\u00f3w i \u0142ez, zrozumia\u0142am jedno: cho\u0107 Jan ukrywa\u0142 przede mn\u0105 tak wiele, to w swoim pokr\u0119tnym sposobie zawsze mnie kocha\u0142 i stara\u0142 si\u0119 mnie chroni\u0107.<\/p>\n\n\n\n<p>Jego tajemnica by\u0142a cz\u0119\u015bci\u0105 jego \u017cycia, ale to, co mieli\u015bmy razem, by\u0142o prawdziwe.<\/p>\n\n\n\n<p>Dzi\u015b patrz\u0119 na niego inaczej. Jest w moich oczach bohaterem i jednocze\u015bnie cz\u0142owiekiem pe\u0142nym skaz. Ale mi\u0142o\u015b\u0107 to tak\u017ce akceptacja.<\/p>\n\n\n\n<p>I cho\u0107 ta prawda mnie zaskoczy\u0142a, nasza historia toczy si\u0119 dalej \u2013 teraz z pe\u0142n\u0105 \u015bwiadomo\u015bci\u0105 tego, kim naprawd\u0119 by\u0142 m\u00f3j m\u0105\u017c.<\/p>\n","protected":false},"excerpt":{"rendered":"Mam 67 lat i po 45 latach ma\u0142\u017ce\u0144stwa odkry\u0142am druzgoc\u0105c\u0105 prawd\u0119 o moim m\u0119\u017cu M\u00f3j \u015bwiat zawsze by\u0142 uporz\u0105dkowany. Codzienne rytua\u0142y, ciche wieczory \n<a class=\"moretag\" href=\"https:\/\/swiat24.pl.ua\/?p=17323\"> [...]<\/a>","protected":false},"author":1,"featured_media":17324,"comment_status":"open","ping_status":"open","sticky":false,"template":"","format":"standard","meta":{"footnotes":""},"categories":[1],"tags":[],"class_list":["post-17323","post","type-post","status-publish","format-standard","has-post-thumbnail","hentry","category-blog"],"_links":{"self":[{"href":"https:\/\/swiat24.pl.ua\/index.php?rest_route=\/wp\/v2\/posts\/17323","targetHints":{"allow":["GET"]}}],"collection":[{"href":"https:\/\/swiat24.pl.ua\/index.php?rest_route=\/wp\/v2\/posts"}],"about":[{"href":"https:\/\/swiat24.pl.ua\/index.php?rest_route=\/wp\/v2\/types\/post"}],"author":[{"embeddable":true,"href":"https:\/\/swiat24.pl.ua\/index.php?rest_route=\/wp\/v2\/users\/1"}],"replies":[{"embeddable":true,"href":"https:\/\/swiat24.pl.ua\/index.php?rest_route=%2Fwp%2Fv2%2Fcomments&post=17323"}],"version-history":[{"count":1,"href":"https:\/\/swiat24.pl.ua\/index.php?rest_route=\/wp\/v2\/posts\/17323\/revisions"}],"predecessor-version":[{"id":17325,"href":"https:\/\/swiat24.pl.ua\/index.php?rest_route=\/wp\/v2\/posts\/17323\/revisions\/17325"}],"wp:featuredmedia":[{"embeddable":true,"href":"https:\/\/swiat24.pl.ua\/index.php?rest_route=\/wp\/v2\/media\/17324"}],"wp:attachment":[{"href":"https:\/\/swiat24.pl.ua\/index.php?rest_route=%2Fwp%2Fv2%2Fmedia&parent=17323"}],"wp:term":[{"taxonomy":"category","embeddable":true,"href":"https:\/\/swiat24.pl.ua\/index.php?rest_route=%2Fwp%2Fv2%2Fcategories&post=17323"},{"taxonomy":"post_tag","embeddable":true,"href":"https:\/\/swiat24.pl.ua\/index.php?rest_route=%2Fwp%2Fv2%2Ftags&post=17323"}],"curies":[{"name":"wp","href":"https:\/\/api.w.org\/{rel}","templated":true}]}}