{"id":17302,"date":"2025-11-08T14:44:24","date_gmt":"2025-11-08T14:44:24","guid":{"rendered":"https:\/\/swiat24.pl.ua\/?p=17302"},"modified":"2025-11-08T14:44:24","modified_gmt":"2025-11-08T14:44:24","slug":"ten-ojciec-trojki-dzieci-pracuje-jako-inzynier-przez-ostatnie-10-lat-chodzil-do-pracy-w-sukienkach-i-spodnicach","status":"publish","type":"post","link":"https:\/\/swiat24.pl.ua\/?p=17302","title":{"rendered":"Ten ojciec tr\u00f3jki dzieci pracuje jako in\u017cynier, przez ostatnie 10 lat chodzi\u0142 do pracy w sukienkach i sp\u00f3dnicach"},"content":{"rendered":"\n<p>Mark Bryan to 61-letni in\u017cynier mieszkaj\u0105cy w Niemczech, kt\u00f3ry \u015bmia\u0142o prze\u0142amuje stereotypy zwi\u0105zane z p\u0142ci\u0105 i mod\u0105.<\/p>\n\n\n\n<p>Cho\u0107 w przesz\u0142o\u015bci wysokie obcasy by\u0142y tworzone z my\u015bl\u0105 o m\u0119\u017cczyznach, z czasem zacz\u0119to je postrzega\u0107 jako wy\u0142\u0105cznie kobiecy element garderoby.<\/p>\n\n\n\n<p>Mark Bryan, ojciec tr\u00f3jki dzieci i specjalista w dziedzinie robotyki, \u0142\u0105czy swoje zawodowe obowi\u0105zki z rodzinnymi, zachowuj\u0105c przy tym czas na rozwijanie swojej pasji do mody.<\/p>\n\n\n\n<p>Patrz\u0105c na niego, trudno domy\u015bli\u0107 si\u0119, \u017ce cieszy si\u0119 du\u017c\u0105 popularno\u015bci\u0105 w mediach spo\u0142eczno\u015bciowych.<\/p>\n\n\n\n<p>Jednak ten Niemiec \u2013 ku zdziwieniu niekt\u00f3rych \u2013 zdoby\u0142 poka\u017ane grono fan\u00f3w online.<\/p>\n\n\n\n<p>Ostatnio wzbudzi\u0142 niema\u0142e zainteresowanie w Internecie dzi\u0119ki swoim nietuzinkowym stylizacjom i zdj\u0119ciom.<\/p>\n\n\n\n<p>Mark zgromadzi\u0142 na Instagramie blisko 660 000 obserwuj\u0105cych, kt\u00f3rzy \u015bledz\u0105 jego modowe wybory.<\/p>\n\n\n\n<figure class=\"wp-block-image\"><img decoding=\"async\" src=\"https:\/\/newspol.pl\/wp-content\/uploads\/2025\/01\/1-5.png\" alt=\"\" class=\"wp-image-11993\"\/><\/figure>\n\n\n\n<p>Jego zestawy cz\u0119sto obejmuj\u0105 szpilki, buty na obcasie oraz sp\u00f3dnice.<\/p>\n\n\n\n<p>Do zdj\u0119\u0107 Mark do\u0142\u0105cza opisy, w kt\u00f3rych podkre\u015bla, \u017ce jego spos\u00f3b ubierania si\u0119 jest czym\u015b zupe\u0142nie normalnym.<\/p>\n\n\n\n<p>In\u017cynier uwa\u017ca, \u017ce \u200b\u200bodzie\u017c nie powinna by\u0107 przypisywana do konkretnej p\u0142ci.<\/p>\n\n\n\n<p>Woli sp\u00f3dnice od sukienek, poniewa\u017c pozwalaj\u0105 mu na \u0142\u0105czenie ich z bardziej \u201em\u0119skimi\u201d elementami garderoby, takimi jak koszule czy marynarki.<\/p>\n\n\n\n<p>Wed\u0142ug Marka ubrania takie jak sp\u00f3dnice daj\u0105 wi\u0119cej mo\u017cliwo\u015bci i wygody ni\u017c typowe spodnie, kt\u00f3re stanowi\u0105 podstaw\u0119 m\u0119skiej garderoby biurowej.<\/p>\n\n\n\n<p>Rodzina Marka wspiera jego pasj\u0119.<\/p>\n\n\n\n<figure class=\"wp-block-image\"><img decoding=\"async\" src=\"https:\/\/newspol.pl\/wp-content\/uploads\/2025\/01\/2-5.png\" alt=\"\" class=\"wp-image-11994\"\/><\/figure>\n\n\n\n<p>Dzieci, kt\u00f3re wychowa\u0142, od najm\u0142odszych lat wiedz\u0105, \u017ce ubrania nie definiuj\u0105 p\u0142ci ani orientacji seksualnej.<\/p>\n\n\n\n<p>Jego c\u00f3rka jest jedn\u0105 z jego najwi\u0119kszych fanek i z niecierpliwo\u015bci\u0105 czeka na moment, w kt\u00f3rym b\u0119dzie mog\u0142a podbiera\u0107 ubrania z szafy taty.<\/p>\n\n\n\n<p>R\u00f3wnie\u017c \u017cona Marka jest jego wsparciem \u2013 nie tylko akceptuje jego wybory, ale i pomaga mu w dobieraniu odpowiednich stylizacji.<\/p>\n\n\n\n<p>Niestety, nie ka\u017cdy podchodzi do tego z podobnym zrozumieniem.<\/p>\n\n\n\n<p>Mark cz\u0119sto spotyka si\u0119 z krytycznymi komentarzami w Internecie.<\/p>\n\n\n\n<p>Regularnie musi wyja\u015bnia\u0107 swoje wybory i przypomina\u0107, \u017ce takie opinie nie pojawi\u0142yby si\u0119, gdyby zdecydowa\u0142 si\u0119 na klasyczne spodnie.<\/p>\n\n\n\n<p>A co Ty my\u015blisz o podej\u015bciu Marka do mody?<\/p>\n\n\n\n<p>Czy potrafi\u0142by\u015b postawi\u0107 si\u0119 w jego sytuacji?<\/p>\n","protected":false},"excerpt":{"rendered":"Mark Bryan to 61-letni in\u017cynier mieszkaj\u0105cy w Niemczech, kt\u00f3ry \u015bmia\u0142o prze\u0142amuje stereotypy zwi\u0105zane z p\u0142ci\u0105 i mod\u0105. Cho\u0107 w przesz\u0142o\u015bci wysokie obcasy by\u0142y \n<a class=\"moretag\" href=\"https:\/\/swiat24.pl.ua\/?p=17302\"> [...]<\/a>","protected":false},"author":1,"featured_media":17303,"comment_status":"open","ping_status":"open","sticky":false,"template":"","format":"standard","meta":{"footnotes":""},"categories":[1],"tags":[],"class_list":["post-17302","post","type-post","status-publish","format-standard","has-post-thumbnail","hentry","category-blog"],"_links":{"self":[{"href":"https:\/\/swiat24.pl.ua\/index.php?rest_route=\/wp\/v2\/posts\/17302","targetHints":{"allow":["GET"]}}],"collection":[{"href":"https:\/\/swiat24.pl.ua\/index.php?rest_route=\/wp\/v2\/posts"}],"about":[{"href":"https:\/\/swiat24.pl.ua\/index.php?rest_route=\/wp\/v2\/types\/post"}],"author":[{"embeddable":true,"href":"https:\/\/swiat24.pl.ua\/index.php?rest_route=\/wp\/v2\/users\/1"}],"replies":[{"embeddable":true,"href":"https:\/\/swiat24.pl.ua\/index.php?rest_route=%2Fwp%2Fv2%2Fcomments&post=17302"}],"version-history":[{"count":1,"href":"https:\/\/swiat24.pl.ua\/index.php?rest_route=\/wp\/v2\/posts\/17302\/revisions"}],"predecessor-version":[{"id":17304,"href":"https:\/\/swiat24.pl.ua\/index.php?rest_route=\/wp\/v2\/posts\/17302\/revisions\/17304"}],"wp:featuredmedia":[{"embeddable":true,"href":"https:\/\/swiat24.pl.ua\/index.php?rest_route=\/wp\/v2\/media\/17303"}],"wp:attachment":[{"href":"https:\/\/swiat24.pl.ua\/index.php?rest_route=%2Fwp%2Fv2%2Fmedia&parent=17302"}],"wp:term":[{"taxonomy":"category","embeddable":true,"href":"https:\/\/swiat24.pl.ua\/index.php?rest_route=%2Fwp%2Fv2%2Fcategories&post=17302"},{"taxonomy":"post_tag","embeddable":true,"href":"https:\/\/swiat24.pl.ua\/index.php?rest_route=%2Fwp%2Fv2%2Ftags&post=17302"}],"curies":[{"name":"wp","href":"https:\/\/api.w.org\/{rel}","templated":true}]}}