{"id":17281,"date":"2025-11-07T16:58:58","date_gmt":"2025-11-07T16:58:58","guid":{"rendered":"https:\/\/swiat24.pl.ua\/?p=17281"},"modified":"2025-11-07T16:58:58","modified_gmt":"2025-11-07T16:58:58","slug":"zdjecie-kierowcy-autobusu-szkolnego-ktore-wstrzasnelo-policja","status":"publish","type":"post","link":"https:\/\/swiat24.pl.ua\/?p=17281","title":{"rendered":"Zdj\u0119cie kierowcy autobusu szkolnego, kt\u00f3re wstrz\u0105sn\u0119\u0142o policj\u0105!"},"content":{"rendered":"\n<p>Pewna opowie\u015b\u0107 o ma\u0142ym ch\u0142opcu o imieniu Axel Johnson poruszy\u0142a wielu ludzi na ca\u0142ym \u015bwiecie.<\/p>\n\n\n\n<p>Dzie\u0144, kt\u00f3ry mia\u0142 by\u0107 pe\u0142en rado\u015bci i podekscytowania, szybko przybra\u0142 inny obr\u00f3t.<\/p>\n\n\n\n<p>Axel mia\u0142 w\u0142a\u015bnie po raz pierwszy wsi\u0105\u015b\u0107 do autobusu szkolnego, by rozpocz\u0105\u0107 swoj\u0105 edukacyjn\u0105 przygod\u0119, jednak w chwili, gdy pojazd zatrzyma\u0142 si\u0119 przed domem, jego entuzjazm przerodzi\u0142 si\u0119 w niepok\u00f3j.<\/p>\n\n\n\n<p>Jego mama, Amy, postanowi\u0142a uwieczni\u0107 te trudne dla syna chwile.<\/p>\n\n\n\n<p>Zdj\u0119cia, kt\u00f3re zrobi\u0142a, p\u00f3\u017aniej sta\u0142y si\u0119 symbolem troski i empatii \u2013 zosta\u0142y r\u00f3wnie\u017c zauwa\u017cone i docenione przez lokaln\u0105 policj\u0119, kt\u00f3ra udost\u0119pni\u0142a je dalej.<\/p>\n\n\n\n<p>P\u00f3j\u015bcie do szko\u0142y to ogromny krok w \u017cyciu ka\u017cdego dziecka.<\/p>\n\n\n\n<p>Dla niekt\u00f3rych to ekscytuj\u0105ce do\u015bwiadczenie, dla innych \u2013 trudne wyzwanie pe\u0142ne niepewno\u015bci.<\/p>\n\n\n\n<p>Zmienia si\u0119 ca\u0142e ich codzienne otoczenie, musz\u0105 zmierzy\u0107 si\u0119 z nieznanym \u015bwiatem, a dla wielu najwi\u0119kszym wyzwaniem jest roz\u0142\u0105ka z rodzicami.<\/p>\n\n\n\n<p>Tak by\u0142o w\u0142a\u015bnie w przypadku Axela.<\/p>\n\n\n\n<p>Na pocz\u0105tku wydawa\u0142 si\u0119 by\u0107 szcz\u0119\u015bliwy i gotowy na nowe przygody.<\/p>\n\n\n\n<p>Jednak gdy zobaczy\u0142 autobus, jego mina posmutnia\u0142a, a w oczach pojawi\u0142 si\u0119 strach.<\/p>\n\n\n\n<p>To by\u0142 dla niego ogromny moment, pe\u0142en emocji, kt\u00f3rych jeszcze nie potrafi\u0142 w pe\u0142ni zrozumie\u0107.<\/p>\n\n\n\n<p>Na szcz\u0119\u015bcie los postawi\u0142 na jego drodze wyj\u0105tkow\u0105 osob\u0119 \u2013 kierowczyni\u0119 autobusu, Isabel Lane.<\/p>\n\n\n\n<p>Gdy zauwa\u017cy\u0142a, \u017ce ch\u0142opiec jest przera\u017cony, nie pozosta\u0142a oboj\u0119tna.<\/p>\n\n\n\n<p>W ge\u015bcie wsparcia i ciep\u0142a wyci\u0105gn\u0119\u0142a r\u0119k\u0119 i uj\u0119\u0142a jego d\u0142o\u0144. Ten prosty, ale znacz\u0105cy gest doda\u0142 Axelowi odwagi.<\/p>\n\n\n\n<p>W jego oczach pojawi\u0142o si\u0119 \u015bwiat\u0142o, a twarz rozja\u015bni\u0142a si\u0119 nieco.<\/p>\n\n\n\n<p>Amy, poruszona tym, co zobaczy\u0142a, chwyci\u0142a za telefon i zrobi\u0142a zdj\u0119cie tej chwili.<\/p>\n\n\n\n<p>Widz\u0105c reakcj\u0119 Isabel, poczu\u0142a ulg\u0119. Wiedzia\u0142a, \u017ce jej dziecko jest bezpieczne i zaopiekowane.<\/p>\n\n\n\n<p>Kilka dni p\u00f3\u017aniej postanowi\u0142a podzieli\u0107 si\u0119 tym zdj\u0119ciem w mediach spo\u0142eczno\u015bciowych.<\/p>\n\n\n\n<p>Reakcja by\u0142a natychmiastowa. Internauci t\u0142umnie komentowali post, wyra\u017caj\u0105c wzruszenie i podziw dla Isabel.<\/p>\n\n\n\n<p>Zdj\u0119cie zdoby\u0142o tysi\u0105ce reakcji, a komentarze pe\u0142ne by\u0142y wdzi\u0119czno\u015bci i uznania dla ciep\u0142a, jakie okaza\u0142a ch\u0142opcu.<\/p>\n\n\n\n<p>\u201eTo takie pi\u0119kne. Tyle empatii w jednym ge\u015bcie\u201d, pisa\u0142 kto\u015b.<\/p>\n\n\n\n<p>\u201eChcia\u0142bym, by ka\u017cde dziecko mia\u0142o wok\u00f3\u0142 siebie takich doros\u0142ych\u201d, doda\u0142 inny u\u017cytkownik.<\/p>\n\n\n\n<p>\u201eDzi\u0119ki tej kobiecie Axel zyska\u0142 kogo\u015b wyj\u0105tkowego w swoim \u017cyciu.\u201d<\/p>\n\n\n\n<p>Z czasem Axel zacz\u0105\u0142 wyczekiwa\u0107 autobusu.<\/p>\n\n\n\n<p>Ka\u017cdego ranka wypatrywa\u0142 Isabel, a spotkanie z ni\u0105 dodawa\u0142o mu otuchy przed kolejnym dniem w szkole.<\/p>\n\n\n\n<p>Amy nie mog\u0142a ukry\u0107 swojej rado\u015bci, gdy widzia\u0142a, jak jej syn z u\u015bmiechem wsiada do pojazdu. Isabel i Amy zawsze serdecznie si\u0119 wita\u0142y \u2013 mi\u0119dzy kobietami zrodzi\u0142a si\u0119 ni\u0107 porozumienia i wdzi\u0119czno\u015bci.<\/p>\n\n\n\n<p>Zdj\u0119cie, kt\u00f3re zrobi\u0142a Amy, dotar\u0142o tak\u017ce do lokalnych s\u0142u\u017cb.<\/p>\n\n\n\n<p>Policja udost\u0119pni\u0142a je na swoich kana\u0142ach, podkre\u015blaj\u0105c, jak wa\u017cne s\u0105 takie momenty ludzkiej blisko\u015bci.<\/p>\n\n\n\n<p>W \u015bwiecie, w kt\u00f3rym cz\u0119sto dominuj\u0105 niepok\u00f3j i przemoc, takie historie przypominaj\u0105 o istnieniu dobra i \u017cyczliwo\u015bci.<\/p>\n\n\n\n<p>To proste wydarzenie zyska\u0142o wi\u0119ksze znaczenie \u2013 sta\u0142o si\u0119 symbolem nadziei i inspiracji.<\/p>\n\n\n\n<p>W czasach, gdy bezpiecze\u0144stwo w szko\u0142ach coraz cz\u0119\u015bciej jest zagro\u017cone, ka\u017cda iskra dobra jest na wag\u0119 z\u0142ota.<\/p>\n\n\n\n<p>Amy nie spodziewa\u0142a si\u0119, \u017ce jedno zdj\u0119cie mo\u017ce poruszy\u0107 tak wiele serc.<\/p>\n\n\n\n<p>A jednak \u2013 pokaza\u0142a wszystkim, \u017ce czasem jeden u\u015bcisk d\u0142oni mo\u017ce zmieni\u0107 ca\u0142y dzie\u0144 ma\u0142ego dziecka.<\/p>\n","protected":false},"excerpt":{"rendered":"Pewna opowie\u015b\u0107 o ma\u0142ym ch\u0142opcu o imieniu Axel Johnson poruszy\u0142a wielu ludzi na ca\u0142ym \u015bwiecie. Dzie\u0144, kt\u00f3ry mia\u0142 by\u0107 pe\u0142en rado\u015bci i podekscytowania, \n<a class=\"moretag\" href=\"https:\/\/swiat24.pl.ua\/?p=17281\"> [...]<\/a>","protected":false},"author":1,"featured_media":17282,"comment_status":"open","ping_status":"open","sticky":false,"template":"","format":"standard","meta":{"footnotes":""},"categories":[1],"tags":[],"class_list":["post-17281","post","type-post","status-publish","format-standard","has-post-thumbnail","hentry","category-blog"],"_links":{"self":[{"href":"https:\/\/swiat24.pl.ua\/index.php?rest_route=\/wp\/v2\/posts\/17281","targetHints":{"allow":["GET"]}}],"collection":[{"href":"https:\/\/swiat24.pl.ua\/index.php?rest_route=\/wp\/v2\/posts"}],"about":[{"href":"https:\/\/swiat24.pl.ua\/index.php?rest_route=\/wp\/v2\/types\/post"}],"author":[{"embeddable":true,"href":"https:\/\/swiat24.pl.ua\/index.php?rest_route=\/wp\/v2\/users\/1"}],"replies":[{"embeddable":true,"href":"https:\/\/swiat24.pl.ua\/index.php?rest_route=%2Fwp%2Fv2%2Fcomments&post=17281"}],"version-history":[{"count":1,"href":"https:\/\/swiat24.pl.ua\/index.php?rest_route=\/wp\/v2\/posts\/17281\/revisions"}],"predecessor-version":[{"id":17283,"href":"https:\/\/swiat24.pl.ua\/index.php?rest_route=\/wp\/v2\/posts\/17281\/revisions\/17283"}],"wp:featuredmedia":[{"embeddable":true,"href":"https:\/\/swiat24.pl.ua\/index.php?rest_route=\/wp\/v2\/media\/17282"}],"wp:attachment":[{"href":"https:\/\/swiat24.pl.ua\/index.php?rest_route=%2Fwp%2Fv2%2Fmedia&parent=17281"}],"wp:term":[{"taxonomy":"category","embeddable":true,"href":"https:\/\/swiat24.pl.ua\/index.php?rest_route=%2Fwp%2Fv2%2Fcategories&post=17281"},{"taxonomy":"post_tag","embeddable":true,"href":"https:\/\/swiat24.pl.ua\/index.php?rest_route=%2Fwp%2Fv2%2Ftags&post=17281"}],"curies":[{"name":"wp","href":"https:\/\/api.w.org\/{rel}","templated":true}]}}