{"id":17254,"date":"2025-11-07T13:13:41","date_gmt":"2025-11-07T13:13:41","guid":{"rendered":"https:\/\/swiat24.pl.ua\/?p=17254"},"modified":"2025-11-07T13:13:41","modified_gmt":"2025-11-07T13:13:41","slug":"przechowywanie-prochow-w-domu-co-warto-wiedziec-przed-podjeciem-decyzji","status":"publish","type":"post","link":"https:\/\/swiat24.pl.ua\/?p=17254","title":{"rendered":"Przechowywanie proch\u00f3w w domu: co warto wiedzie\u0107 przed podj\u0119ciem decyzji"},"content":{"rendered":"\n<p>Strata bliskiej osoby pozostawia emocjonaln\u0105 pustk\u0119, kt\u00f3rej cz\u0119sto nie da si\u0119 wype\u0142ni\u0107 s\u0142owami. Dla wielu przechowywanie proch\u00f3w bliskiej osoby w domu to spos\u00f3b na podtrzymanie kontaktu i pocieszenie. <\/p>\n\n\n\n<p>Wraz ze wzrostem popularno\u015bci kremacji w Stanach Zjednoczonych, coraz wi\u0119cej rodzin pyta, czy ta praktyka jest w\u0142a\u015bciwa i pe\u0142na szacunku \u2013 a odpowied\u017a zale\u017cy od osobistych przekona\u0144, warto\u015bci duchowych i potrzeb emocjonalnych.<\/p>\n\n\n\n<p>Przechowywanie proch\u00f3w w domu mo\u017ce zapewni\u0107 spok\u00f3j i poczucie wi\u0119zi. Prosta urna umieszczona obok zdj\u0119cia lub \u015bwiecy mo\u017ce by\u0107 cichym przypomnieniem mi\u0142o\u015bci, szczeg\u00f3lnie dla senior\u00f3w, kt\u00f3rzy stracili d\u0142ugoletniego partnera. Jednak r\u00f3\u017cne tradycje religijne oferuj\u0105 zr\u00f3\u017cnicowane perspektywy. Na przyk\u0142ad nauki spirytystyczne sugeruj\u0105, \u017ce zbyt mocne trzymanie proch\u00f3w mo\u017ce wp\u0142yn\u0105\u0107 na zdolno\u015b\u0107 ducha do poruszania si\u0119, zalecaj\u0105c zamiast tego zwr\u00f3cenie proch\u00f3w naturze lub umieszczenie ich w \u015bwi\u0119tym miejscu spoczynku.<\/p>\n\n\n\n<p>Chrze\u015bcija\u0144stwo r\u00f3wnie\u017c darzy cia\u0142o szacunkiem. Chocia\u017c wsp\u00f3\u0142czesne wyznania chrze\u015bcija\u0144skie, w tym Ko\u015bci\u00f3\u0142 katolicki, akceptuj\u0105 kremacj\u0119, zazwyczaj zalecaj\u0105 przechowywanie proch\u00f3w w miejscach po\u015bwi\u0119conych. Pogl\u0105dy protestant\u00f3w mog\u0105 by\u0107 r\u00f3\u017cne, ale nacisk pozostaje po\u0142o\u017cony na szacunek, pami\u0119\u0107 i cze\u015b\u0107 zar\u00f3wno dla cia\u0142a, jak i dla duszy.<\/p>\n\n\n\n<p>Doradcy ds. \u017ca\u0142oby k\u0142ad\u0105 nacisk na spok\u00f3j osobisty ponad surowe zasady. Je\u015bli przechowywanie proch\u00f3w w domu pomaga komu\u015b w gojeniu ran, mo\u017ce to by\u0107 s\u0142uszny wyb\u00f3r. Ale je\u015bli obecno\u015b\u0107 proch\u00f3w pog\u0142\u0119bia smutek, alternatywne formy upami\u0119tnienia \u2013 takie jak ogrody, darowizny czy albumy ze zdj\u0119ciami \u2013 mog\u0105 przynie\u015b\u0107 ukojenie i zamkni\u0119cie. Kluczem jest wyb\u00f3r tego, co sprzyja gojeniu ran.<\/p>\n\n\n\n<p>Kwestie praktyczne r\u00f3wnie\u017c odgrywaj\u0105 rol\u0119. Nale\u017cy wzi\u0105\u0107 pod uwag\u0119 jako\u015b\u0107 urn, jasne planowanie przysz\u0142o\u015bci oraz lokalne przepisy dotycz\u0105ce rozsypywania proch\u00f3w. Niekt\u00f3re rodziny dziel\u0105 prochy mi\u0119dzy krewnych lub tworz\u0105 pami\u0105tki, umo\u017cliwiaj\u0105c wsp\u00f3lne wspominanie bez emocjonalnego przyt\u0142oczenia.<\/p>\n\n\n\n<p>Ostatecznie wyb\u00f3r miejsca, w kt\u00f3rym z\u0142o\u017cymy prochy, powinien odzwierciedla\u0107 mi\u0142o\u015b\u0107, a nie strach. Niezale\u017cnie od tego, czy prochy zostan\u0105 z\u0142o\u017cone w domu, rozsypane na \u0142onie natury, czy pochowane gdzie indziej, intencja uczczenia pami\u0119ci bliskiej osoby jest najwa\u017cniejsza.<\/p>\n","protected":false},"excerpt":{"rendered":"Strata bliskiej osoby pozostawia emocjonaln\u0105 pustk\u0119, kt\u00f3rej cz\u0119sto nie da si\u0119 wype\u0142ni\u0107 s\u0142owami. Dla wielu przechowywanie proch\u00f3w bliskiej osoby w domu to spos\u00f3b \n<a class=\"moretag\" href=\"https:\/\/swiat24.pl.ua\/?p=17254\"> [...]<\/a>","protected":false},"author":1,"featured_media":17255,"comment_status":"open","ping_status":"open","sticky":false,"template":"","format":"standard","meta":{"footnotes":""},"categories":[1],"tags":[],"class_list":["post-17254","post","type-post","status-publish","format-standard","has-post-thumbnail","hentry","category-blog"],"_links":{"self":[{"href":"https:\/\/swiat24.pl.ua\/index.php?rest_route=\/wp\/v2\/posts\/17254","targetHints":{"allow":["GET"]}}],"collection":[{"href":"https:\/\/swiat24.pl.ua\/index.php?rest_route=\/wp\/v2\/posts"}],"about":[{"href":"https:\/\/swiat24.pl.ua\/index.php?rest_route=\/wp\/v2\/types\/post"}],"author":[{"embeddable":true,"href":"https:\/\/swiat24.pl.ua\/index.php?rest_route=\/wp\/v2\/users\/1"}],"replies":[{"embeddable":true,"href":"https:\/\/swiat24.pl.ua\/index.php?rest_route=%2Fwp%2Fv2%2Fcomments&post=17254"}],"version-history":[{"count":1,"href":"https:\/\/swiat24.pl.ua\/index.php?rest_route=\/wp\/v2\/posts\/17254\/revisions"}],"predecessor-version":[{"id":17256,"href":"https:\/\/swiat24.pl.ua\/index.php?rest_route=\/wp\/v2\/posts\/17254\/revisions\/17256"}],"wp:featuredmedia":[{"embeddable":true,"href":"https:\/\/swiat24.pl.ua\/index.php?rest_route=\/wp\/v2\/media\/17255"}],"wp:attachment":[{"href":"https:\/\/swiat24.pl.ua\/index.php?rest_route=%2Fwp%2Fv2%2Fmedia&parent=17254"}],"wp:term":[{"taxonomy":"category","embeddable":true,"href":"https:\/\/swiat24.pl.ua\/index.php?rest_route=%2Fwp%2Fv2%2Fcategories&post=17254"},{"taxonomy":"post_tag","embeddable":true,"href":"https:\/\/swiat24.pl.ua\/index.php?rest_route=%2Fwp%2Fv2%2Ftags&post=17254"}],"curies":[{"name":"wp","href":"https:\/\/api.w.org\/{rel}","templated":true}]}}