{"id":17226,"date":"2025-11-06T16:46:26","date_gmt":"2025-11-06T16:46:26","guid":{"rendered":"https:\/\/swiat24.pl.ua\/?p=17226"},"modified":"2025-11-06T16:46:26","modified_gmt":"2025-11-06T16:46:26","slug":"joanna-kulig-droga-od-biednego-dziecinstwa-do-swiatowej-slawy","status":"publish","type":"post","link":"https:\/\/swiat24.pl.ua\/?p=17226","title":{"rendered":"Joanna Kulig \u2014 droga od biednego dzieci\u0144stwa do \u015bwiatowej s\u0142awy"},"content":{"rendered":"\n<h3 class=\"wp-block-heading\">Trudne pocz\u0105tki i \u017cycie w oszcz\u0119dno\u015bci<\/h3>\n\n\n\n<p>Joanna Kulig cz\u0119sto podkre\u015bla w wywiadach, \u017ce pochodzi z ma\u0142ej miejscowo\u015bci i dorasta\u0142a w warunkach, kt\u00f3re wymusza\u0142y pokor\u0119 i oszcz\u0119dno\u015b\u0107. <\/p>\n\n\n\n<p>Jej rodzina nie mia\u0142a dostatku \u2014 rodzice nie mogli sobie pozwoli\u0107 nawet na drobne przyjemno\u015bci, co znacz\u0105co wp\u0142yn\u0119\u0142o na postrzeganie warto\u015bci rzeczy w \u017cyciu. <\/p>\n\n\n\n<p>Aktorka m\u00f3wi\u0142a, \u017ce dzieci\u0144stwo nauczy\u0142o j\u0105 dzielenia si\u0119 i empatii: kiedy mia\u0142a ma\u0142o zabawek, rozwija\u0142a kreatywno\u015b\u0107 i zdolno\u015b\u0107 dostrzegania potrzeb innych.<\/p>\n\n\n\n<h3 class=\"wp-block-heading\">Wczesne talenty i wyb\u00f3r artystycznej drogi<\/h3>\n\n\n\n<p>Ju\u017c jako dziecko Joanna marzy\u0142a o muzyce. Uczy\u0142a si\u0119 gry na fortepianie w szkole muzycznej w Krynicy-Zdroju. P\u00f3\u017aniej jednak wybra\u0142a technikum hotelarskie, lecz nie porzuci\u0142a sztuki \u2014 bra\u0142a udzia\u0142 w lokalnych koncertach, weselach, wyst\u0119powa\u0142a na ulicach miasteczka, co mia\u0142o kszta\u0142towa\u0107 jej wyst\u0105pienia przed publiczno\u015bci\u0105. W wieku 16 lat wyst\u0105pi\u0142a w programie \u201eSzansa na Sukces\u201d i zdoby\u0142a uwag\u0119 widz\u00f3w oraz juror\u00f3w. Cho\u0107 nie dosta\u0142a si\u0119 na wydzia\u0142 jazzu i muzyki rozrywkowej, nie za\u0142ama\u0142a si\u0119 \u2014 przenios\u0142a si\u0119 do krakowskiej szko\u0142y aktorskiej o profilu wokalno-estradowym.<\/p>\n\n\n\n<h3 class=\"wp-block-heading\">Moment prze\u0142omowy: od spektaklu do filmu<\/h3>\n\n\n\n<p>Po studiach Kulig zadebiutowa\u0142a na scenie teatralnej m.in. w \u201e\u015anie nocy letniej\u201d. Jej kariera filmowa startowa\u0142a od niewielkich r\u00f3l \u2014 w filmie \u201e\u015aroda, czwartek rano\u201d odegra\u0142a posta\u0107, kt\u00f3ra przynios\u0142a jej nagrod\u0119 za debiut na Festiwalu Filmowym w Gdyni. Prawdziwy prze\u0142om nast\u0105pi\u0142, gdy Pawe\u0142 Pawlikowski, poszukuj\u0105c nowych twarzy do swojego filmu, dostrzeg\u0142 w niej potencja\u0142. Zaprosi\u0142 j\u0105 do obsady&nbsp;<em>Zimnej wojny<\/em>&nbsp;\u2014 rola Zuli zadecydowa\u0142a o mi\u0119dzynarodowej ekspozycji Kulig.<\/p>\n\n\n\n<h3 class=\"wp-block-heading\">Kariera mi\u0119dzynarodowa i nowe wyzwania<\/h3>\n\n\n\n<p>Kulig ma dzi\u015b na swoim koncie udzia\u0142 w produkcjach zagranicznych \u2014 serialach jak&nbsp;<em>Hanna<\/em>&nbsp;czy projektach filmowych w USA. Otrzyma\u0142a te\u017c zaproszenie do Ameryka\u0144skiej Akademii Sztuki i Wiedzy Filmowej (AMPAS), co daje jej wp\u0142yw na nominacje Oscarowe. Mimo sukces\u00f3w za granic\u0105, ca\u0142e \u017cycie mieszka w Polsce \u2014 podkre\u015bla, \u017ce emigracja nie by\u0142a celem, lecz narz\u0119dziem pracy. Poza aktorstwem anga\u017cuje si\u0119 spo\u0142ecznie \u2014 wspiera projekty pomocowe i charytatywne, m.in. Szlachetn\u0105 Paczk\u0119, co uwa\u017ca za naturalny wyraz wra\u017cliwo\u015bci wyros\u0142ej z jej do\u015bwiadcze\u0144.<\/p>\n\n\n\n<h3 class=\"wp-block-heading\">Osobiste \u017cycie i spojrzenie w przysz\u0142o\u015b\u0107<\/h3>\n\n\n\n<p>Od 2019 roku Joanna Kulig jest \u017con\u0105 Macieja Bochniaka. Maj\u0105 syna Jana. W rozmowach podkre\u015bla, \u017ce rodzina jest dla niej fundamentem, \u017ce chce rozwija\u0107 karier\u0119 z odpowiedzialno\u015bci\u0105 \u2014 by \u017cycie prywatne i zawodowe si\u0119 r\u00f3wnowa\u017cy\u0142y. Mimo ogromnych sukces\u00f3w w Polsce i za granic\u0105, aktorka cz\u0119sto m\u00f3wi, \u017ce czuje si\u0119 \u201ez ma\u0142ej miejscowo\u015bci\u201d, i \u017ce to przynosi jej balans i pokor\u0119.<\/p>\n","protected":false},"excerpt":{"rendered":"Trudne pocz\u0105tki i \u017cycie w oszcz\u0119dno\u015bci Joanna Kulig cz\u0119sto podkre\u015bla w wywiadach, \u017ce pochodzi z ma\u0142ej miejscowo\u015bci i dorasta\u0142a w warunkach, kt\u00f3re wymusza\u0142y \n<a class=\"moretag\" href=\"https:\/\/swiat24.pl.ua\/?p=17226\"> [...]<\/a>","protected":false},"author":1,"featured_media":17227,"comment_status":"open","ping_status":"open","sticky":false,"template":"","format":"standard","meta":{"footnotes":""},"categories":[1],"tags":[],"class_list":["post-17226","post","type-post","status-publish","format-standard","has-post-thumbnail","hentry","category-blog"],"_links":{"self":[{"href":"https:\/\/swiat24.pl.ua\/index.php?rest_route=\/wp\/v2\/posts\/17226","targetHints":{"allow":["GET"]}}],"collection":[{"href":"https:\/\/swiat24.pl.ua\/index.php?rest_route=\/wp\/v2\/posts"}],"about":[{"href":"https:\/\/swiat24.pl.ua\/index.php?rest_route=\/wp\/v2\/types\/post"}],"author":[{"embeddable":true,"href":"https:\/\/swiat24.pl.ua\/index.php?rest_route=\/wp\/v2\/users\/1"}],"replies":[{"embeddable":true,"href":"https:\/\/swiat24.pl.ua\/index.php?rest_route=%2Fwp%2Fv2%2Fcomments&post=17226"}],"version-history":[{"count":1,"href":"https:\/\/swiat24.pl.ua\/index.php?rest_route=\/wp\/v2\/posts\/17226\/revisions"}],"predecessor-version":[{"id":17228,"href":"https:\/\/swiat24.pl.ua\/index.php?rest_route=\/wp\/v2\/posts\/17226\/revisions\/17228"}],"wp:featuredmedia":[{"embeddable":true,"href":"https:\/\/swiat24.pl.ua\/index.php?rest_route=\/wp\/v2\/media\/17227"}],"wp:attachment":[{"href":"https:\/\/swiat24.pl.ua\/index.php?rest_route=%2Fwp%2Fv2%2Fmedia&parent=17226"}],"wp:term":[{"taxonomy":"category","embeddable":true,"href":"https:\/\/swiat24.pl.ua\/index.php?rest_route=%2Fwp%2Fv2%2Fcategories&post=17226"},{"taxonomy":"post_tag","embeddable":true,"href":"https:\/\/swiat24.pl.ua\/index.php?rest_route=%2Fwp%2Fv2%2Ftags&post=17226"}],"curies":[{"name":"wp","href":"https:\/\/api.w.org\/{rel}","templated":true}]}}