{"id":17151,"date":"2025-11-05T14:43:03","date_gmt":"2025-11-05T14:43:03","guid":{"rendered":"https:\/\/swiat24.pl.ua\/?p=17151"},"modified":"2025-11-05T14:43:03","modified_gmt":"2025-11-05T14:43:03","slug":"putin-rozpoczal-faze-0-nato-przygotowuje-sie-na-najgorszy-scenariusz","status":"publish","type":"post","link":"https:\/\/swiat24.pl.ua\/?p=17151","title":{"rendered":"Putin rozpocz\u0105\u0142 \u201efaz\u0119 0\u201d. NATO przygotowuje si\u0119 na najgorszy scenariusz"},"content":{"rendered":"\n<p>Jak podaje niemiecki dziennik\u00a0<strong>\u201eDie Welt\u201d<\/strong>, Rosja wesz\u0142a w faz\u0119 okre\u015blan\u0105 przez wojskowych mianem\u00a0<em>\u201efazy 0\u201d<\/em>\u00a0\u2014 nowy etap przygotowa\u0144 do mo\u017cliwego konfliktu z NATO. <\/p>\n\n\n\n<p>Niedawno w Brukseli zaprezentowano tajn\u0105 koncepcj\u0119 obronn\u0105 sojuszu, co pot\u0119guje niepok\u00f3j w\u015br\u00f3d dow\u00f3dc\u00f3w wojskowych.<\/p>\n\n\n\n<h2 class=\"wp-block-heading\">Koncepcja obrony wschodniej flanki NATO<\/h2>\n\n\n\n<p>W ubieg\u0142ym tygodniu podczas spotkania z udzia\u0142em przedstawicieli 32 pa\u0144stw NATO, naczelny dow\u00f3dca si\u0142 l\u0105dowych sojuszu, gen. Christopher T. <\/p>\n\n\n\n<p>Donahue, zaprezentowa\u0142 kompleksowy plan ochrony wschodniej flanki. Szczeg\u00f3lnie powa\u017cne obawy wzbudza reorganizacja rosyjskich okr\u0119g\u00f3w wojskowych oraz powstawanie nowych jednostek w rejonach granicz\u0105cych z pa\u0144stwami NATO.<\/p>\n\n\n\n<p>Szef esto\u0144skiego wywiadu, Kaupo Rosin, podkre\u015bla, \u017ce formacje te \u2014 po kr\u00f3tkim okresie szkolenia \u2014 trafiaj\u0105 na front w Ukrainie, jednak w ko\u0144cu ponownie zostan\u0105 skierowane przeciwko NATO.<\/p>\n\n\n\n<figure class=\"wp-block-image\"><img decoding=\"async\" src=\"https:\/\/www.bystragrazyna.pl\/wp-content\/uploads\/2025\/11\/2057.jpg\" alt=\"\" class=\"wp-image-24108\"\/><\/figure>\n\n\n\n<h2 class=\"wp-block-heading\">Rosyjska \u201efaza 0\u201d to test wytrzyma\u0142o\u015bci Zachodu<\/h2>\n\n\n\n<p>Byli wojskowi sojuszu zwracaj\u0105 uwag\u0119, \u017ce dzia\u0142ania Putina nie ograniczaj\u0105 si\u0119 tylko do przesuni\u0119\u0107 wojsk. Wed\u0142ug ameryka\u0144skiego&nbsp;<strong>Instytutu Bada\u0144 nad Wojn\u0105 (ISW)<\/strong>, Kreml intensyfikuje&nbsp;<strong>cyberataki, kampanie dezinformacyjne, operacje dron\u00f3w, sabota\u017ce i podpalenia<\/strong>&nbsp;na terenie kraj\u00f3w NATO. Wszystkie te zagrywki stanowi\u0105 o tzw.&nbsp;<em>\u201efazie 0\u201d<\/em>&nbsp;\u2014 pierwszym etapie przygotowa\u0144 do ewentualnego konfliktu zbrojnego.<\/p>\n\n\n\n<p>To swoisty test granic cierpliwo\u015bci Zachodu, r\u00f3wnocze\u015bnie buduj\u0105cy odpowiednie struktury do szybkie eskalacji dzia\u0142a\u0144 w wojnie.<\/p>\n\n\n\n<h2 class=\"wp-block-heading\">Ostrze\u017cenia ze strony przyw\u00f3dc\u00f3w NATO<\/h2>\n\n\n\n<p>Mark Rutte, by\u0142y premier Holandii i obecny szef NATO, ostrzega\u0142 wcze\u015bniej, \u017ce Rosja przestawia swoj\u0105 gospodark\u0119 na tryb wojenny, przygotowuj\u0105c si\u0119 na d\u0142ugotrwa\u0142\u0105 konfrontacj\u0119 z NATO i Zachodem. W jego opinii Putin pr\u00f3buje zniszczy\u0107 europejsk\u0105 wolno\u015b\u0107 oraz styl \u017cycia, co wymaga od sojuszu czujno\u015bci i gotowo\u015bci na najgorsze scenariusze.<\/p>\n\n\n\n<blockquote class=\"wp-block-quote is-layout-flow wp-block-quote-is-layout-flow\">\n<p>\u201ePutin b\u0119dzie pr\u00f3bowa\u0142 zniszczy\u0107 nasz\u0105 wolno\u015b\u0107 i styl \u017cycia. Wszystko wskazuje na to, \u017ce musimy by\u0107 g\u0142\u0119boko zaniepokojeni. Ja jestem.\u201d \u2014 Mark Rutte<\/p>\n<\/blockquote>\n\n\n\n<h2 class=\"wp-block-heading\">NATO zwi\u0119ksza wydatki i przywraca plany obronne<\/h2>\n\n\n\n<p>W odpowiedzi na rosn\u0105ce zagro\u017cenie sojusz planuje zwi\u0119kszenie nak\u0142ad\u00f3w na obronno\u015b\u0107 do 5% PKB kraj\u00f3w cz\u0142onkowskich. Ponadto NATO przywraca tajne, regionalne plany obronne, kt\u00f3re obejmuj\u0105 oko\u0142o&nbsp;<strong>4400 stron dokument\u00f3w<\/strong>. Maj\u0105 one pozwoli\u0107 na sprawniejsze reagowanie w sytuacjach kryzysowych i lepsze przygotowanie si\u0119 na mo\u017cliwe zagro\u017cenia.<\/p>\n\n\n\n<h2 class=\"wp-block-heading\">Rosyjska presja i przysz\u0142e wyzwania<\/h2>\n\n\n\n<p>Reorganizacja rosyjskich si\u0142 oraz prowadzona przez Kreml dzia\u0142alno\u015b\u0107 hybrydowa, jak ataki cybernetyczne i dezinformacja, zmuszaj\u0105 NATO do ci\u0105g\u0142ego podnoszenia alarmu. Eksperci podkre\u015blaj\u0105, \u017ce Rosja poprzez te dzia\u0142ania testuje sojusz, licz\u0105c na ujawnienie ewentualnych s\u0142abo\u015bci. Sytuacja na wschodniej flance wymaga wi\u0119c szczeg\u00f3lnej uwagi zar\u00f3wno polityk\u00f3w, jak i ekspert\u00f3w wojskowych.<\/p>\n\n\n\n<p>\u0179r\u00f3d\u0142o: Radio ZET \/ Die Welt<\/p>\n","protected":false},"excerpt":{"rendered":"Jak podaje niemiecki dziennik\u00a0\u201eDie Welt\u201d, Rosja wesz\u0142a w faz\u0119 okre\u015blan\u0105 przez wojskowych mianem\u00a0\u201efazy 0\u201d\u00a0\u2014 nowy etap przygotowa\u0144 do mo\u017cliwego konfliktu z NATO. Niedawno \n<a class=\"moretag\" href=\"https:\/\/swiat24.pl.ua\/?p=17151\"> [...]<\/a>","protected":false},"author":1,"featured_media":17152,"comment_status":"open","ping_status":"open","sticky":false,"template":"","format":"standard","meta":{"footnotes":""},"categories":[1],"tags":[],"class_list":["post-17151","post","type-post","status-publish","format-standard","has-post-thumbnail","hentry","category-blog"],"_links":{"self":[{"href":"https:\/\/swiat24.pl.ua\/index.php?rest_route=\/wp\/v2\/posts\/17151","targetHints":{"allow":["GET"]}}],"collection":[{"href":"https:\/\/swiat24.pl.ua\/index.php?rest_route=\/wp\/v2\/posts"}],"about":[{"href":"https:\/\/swiat24.pl.ua\/index.php?rest_route=\/wp\/v2\/types\/post"}],"author":[{"embeddable":true,"href":"https:\/\/swiat24.pl.ua\/index.php?rest_route=\/wp\/v2\/users\/1"}],"replies":[{"embeddable":true,"href":"https:\/\/swiat24.pl.ua\/index.php?rest_route=%2Fwp%2Fv2%2Fcomments&post=17151"}],"version-history":[{"count":1,"href":"https:\/\/swiat24.pl.ua\/index.php?rest_route=\/wp\/v2\/posts\/17151\/revisions"}],"predecessor-version":[{"id":17153,"href":"https:\/\/swiat24.pl.ua\/index.php?rest_route=\/wp\/v2\/posts\/17151\/revisions\/17153"}],"wp:featuredmedia":[{"embeddable":true,"href":"https:\/\/swiat24.pl.ua\/index.php?rest_route=\/wp\/v2\/media\/17152"}],"wp:attachment":[{"href":"https:\/\/swiat24.pl.ua\/index.php?rest_route=%2Fwp%2Fv2%2Fmedia&parent=17151"}],"wp:term":[{"taxonomy":"category","embeddable":true,"href":"https:\/\/swiat24.pl.ua\/index.php?rest_route=%2Fwp%2Fv2%2Fcategories&post=17151"},{"taxonomy":"post_tag","embeddable":true,"href":"https:\/\/swiat24.pl.ua\/index.php?rest_route=%2Fwp%2Fv2%2Ftags&post=17151"}],"curies":[{"name":"wp","href":"https:\/\/api.w.org\/{rel}","templated":true}]}}