{"id":17103,"date":"2025-11-04T13:26:35","date_gmt":"2025-11-04T13:26:35","guid":{"rendered":"https:\/\/swiat24.pl.ua\/?p=17103"},"modified":"2025-11-04T13:26:35","modified_gmt":"2025-11-04T13:26:35","slug":"nie-zyje-legenda-polskiej-muzyki-jego-utwory-zna-cala-polska","status":"publish","type":"post","link":"https:\/\/swiat24.pl.ua\/?p=17103","title":{"rendered":"Nie \u017cyje legenda polskiej muzyki. Jego utwory zna ca\u0142a Polska"},"content":{"rendered":"\n<p>W wieku 84 lat zmar\u0142 Jerzy Derfel, pianista, kompozytor i dyrygent. Informacja poruszy\u0142a \u015brodowisko muzyczne i filmowe, bo jego dorobek wyznacza\u0142 standard pracy z tekstem, rytmem i obrazem.<\/p>\n\n\n\n<p>Zostawi\u0142 katalog utwor\u00f3w, kt\u00f3re dzia\u0142a\u0142y na scenie i w kinie. Co tak naprawd\u0119 m\u00f3wi o nim to, co po nim zosta\u0142o?<\/p>\n\n\n\n<h2 class=\"wp-block-heading\">Mistrz fortepianu i sceny<\/h2>\n\n\n\n<p><strong>Jerzy Derfel by\u0142 jednym z tych artyst\u00f3w, kt\u00f3rzy potrafili po\u0142\u0105czy\u0107 klasyczne wykszta\u0142cenie z niezwyk\u0142\u0105 wra\u017cliwo\u015bci\u0105 i muzycznym instynktem.&nbsp;<\/strong>Uko\u0144czy\u0142 Pa\u0144stwow\u0105 Wy\u017csz\u0105 Szko\u0142\u0119 Muzyczn\u0105 w Warszawie, gdzie kszta\u0142ci\u0142 si\u0119 pod okiem wybitnego pedagoga Ryszarda Baksta.<\/p>\n\n\n\n<p>Ju\u017c w m\u0142odo\u015bci zwi\u0105za\u0142 si\u0119 z jazzem \u2013 jego zesp\u00f3\u0142 wyst\u0105pi\u0142 na legendarnym Jazz Jamboree 1961, zdobywaj\u0105c uznanie publiczno\u015bci i krytyk\u00f3w. To w\u0142a\u015bnie jazz ukszta\u0142towa\u0142 jego artystyczn\u0105 swobod\u0119, kt\u00f3ra p\u00f3\u017aniej sta\u0142a si\u0119 znakiem rozpoznawczym w jego tw\u00f3rczo\u015bci kompozytorskiej.<\/p>\n\n\n\n<h2 class=\"wp-block-heading\">D\u017awi\u0119ki, kt\u00f3re tworzy\u0142y magi\u0119 polskiego kina<\/h2>\n\n\n\n<p>Nie spos\u00f3b m\u00f3wi\u0107 o dorobku Jerzego Derfla bez wspomnienia o jego wk\u0142adzie w polsk\u0105 muzyk\u0119 filmow\u0105. To on stworzy\u0142 \u015bcie\u017cki d\u017awi\u0119kowe do najwa\u017cniejszych dzie\u0142 Stanis\u0142awa Barei, w tym do \u201eMisia\u201d i \u201eCo mi zrobisz, jak mnie z\u0142apiesz?\u201d.<\/p>\n\n\n\n<p>Jego muzyka idealnie dope\u0142nia\u0142a absurdalny humor i satyr\u0119 film\u00f3w, tworz\u0105c klimat, kt\u00f3ry do dzi\u015b pozostaje niepowtarzalny. Derfel wsp\u00f3\u0142pracowa\u0142 r\u00f3wnie\u017c z Andrzejem Wajd\u0105 przy filmie&nbsp;<em>\u201eBez znieczulenia\u201d<\/em>&nbsp;oraz z Sylwestrem Ch\u0119ci\u0144skim przy&nbsp;<em>\u201eDrodze\u201d<\/em>. Co ciekawe, w samym \u201eMisiu\u201d artysta pojawi\u0142 si\u0119 na ekranie \u2013 w roli\u2026 dyrygenta.<\/p>\n\n\n\n<h2 class=\"wp-block-heading\">Kompozytor, kt\u00f3rego kocha\u0142a polska estrada<\/h2>\n\n\n\n<p>Poza \u015bwiatem filmu Jerzy Derfel by\u0142 filarem polskiej piosenki autorskiej. Na przestrzeni lat napisa\u0142 ponad 200 utwor\u00f3w, wykonywanych przez najwi\u0119ksze gwiazdy estrady \u2013 w tym Ew\u0119 Bem, Alicj\u0119 Majewsk\u0105, Iren\u0119 Santor i Artura Barcisia.<\/p>\n\n\n\n<p>Szczeg\u00f3lnie owocna by\u0142a jego wsp\u00f3\u0142praca z Wojciechem M\u0142ynarskim, z kt\u00f3rym tworzy\u0142 artystyczny duet pe\u0142en poezji, humoru i muzycznej klasy. W 2004 roku za swoje osi\u0105gni\u0119cia Jerzy Derfel zosta\u0142 uhonorowany Krzy\u017cem Oficerskim Orderu Odrodzenia Polski \u2013 odznaczeniem nale\u017cnym artystom najwy\u017cszej rangi.<\/p>\n","protected":false},"excerpt":{"rendered":"W wieku 84 lat zmar\u0142 Jerzy Derfel, pianista, kompozytor i dyrygent. Informacja poruszy\u0142a \u015brodowisko muzyczne i filmowe, bo jego dorobek wyznacza\u0142 standard pracy \n<a class=\"moretag\" href=\"https:\/\/swiat24.pl.ua\/?p=17103\"> [...]<\/a>","protected":false},"author":1,"featured_media":17104,"comment_status":"open","ping_status":"open","sticky":false,"template":"","format":"standard","meta":{"footnotes":""},"categories":[1],"tags":[],"class_list":["post-17103","post","type-post","status-publish","format-standard","has-post-thumbnail","hentry","category-blog"],"_links":{"self":[{"href":"https:\/\/swiat24.pl.ua\/index.php?rest_route=\/wp\/v2\/posts\/17103","targetHints":{"allow":["GET"]}}],"collection":[{"href":"https:\/\/swiat24.pl.ua\/index.php?rest_route=\/wp\/v2\/posts"}],"about":[{"href":"https:\/\/swiat24.pl.ua\/index.php?rest_route=\/wp\/v2\/types\/post"}],"author":[{"embeddable":true,"href":"https:\/\/swiat24.pl.ua\/index.php?rest_route=\/wp\/v2\/users\/1"}],"replies":[{"embeddable":true,"href":"https:\/\/swiat24.pl.ua\/index.php?rest_route=%2Fwp%2Fv2%2Fcomments&post=17103"}],"version-history":[{"count":1,"href":"https:\/\/swiat24.pl.ua\/index.php?rest_route=\/wp\/v2\/posts\/17103\/revisions"}],"predecessor-version":[{"id":17105,"href":"https:\/\/swiat24.pl.ua\/index.php?rest_route=\/wp\/v2\/posts\/17103\/revisions\/17105"}],"wp:featuredmedia":[{"embeddable":true,"href":"https:\/\/swiat24.pl.ua\/index.php?rest_route=\/wp\/v2\/media\/17104"}],"wp:attachment":[{"href":"https:\/\/swiat24.pl.ua\/index.php?rest_route=%2Fwp%2Fv2%2Fmedia&parent=17103"}],"wp:term":[{"taxonomy":"category","embeddable":true,"href":"https:\/\/swiat24.pl.ua\/index.php?rest_route=%2Fwp%2Fv2%2Fcategories&post=17103"},{"taxonomy":"post_tag","embeddable":true,"href":"https:\/\/swiat24.pl.ua\/index.php?rest_route=%2Fwp%2Fv2%2Ftags&post=17103"}],"curies":[{"name":"wp","href":"https:\/\/api.w.org\/{rel}","templated":true}]}}