{"id":17076,"date":"2025-11-03T19:16:14","date_gmt":"2025-11-03T19:16:14","guid":{"rendered":"https:\/\/swiat24.pl.ua\/?p=17076"},"modified":"2025-11-03T19:16:14","modified_gmt":"2025-11-03T19:16:14","slug":"zaginela-16-letnia-oliwia-jej-ostatnie-slowa-budza-strach-policja-wydala-pilny-apel","status":"publish","type":"post","link":"https:\/\/swiat24.pl.ua\/?p=17076","title":{"rendered":"Zagin\u0119\u0142a 16-letnia Oliwia. Jej ostatnie s\u0142owa budz\u0105 strach, policja wyda\u0142a pilny apel"},"content":{"rendered":"\n<p>Trwaj\u0105 poszukiwania 16-letniej Oliwii Paw\u0142owskiej. Dziewczyna zagin\u0119\u0142a we wtorek, 10 wrze\u015bnia i do tej pory nie nawi\u0105za\u0142a kontaktu z bliskimi. <\/p>\n\n\n\n<p>Z ustale\u0144 portalu Istotne.pl wynika, \u017ce Oliwia po\u017cegna\u0142a si\u0119 z m\u0142odsz\u0105 siostr\u0105 bardzo niepokoj\u0105cymi s\u0142owami.<\/p>\n\n\n\n<p>Zagin\u0119\u0142a 16-letnia Oliwia<br>Policjanci prowadz\u0105 poszukiwania 16-letniej Oliwii Paw\u0142owskiej, kt\u00f3ra we wtorek, 10 wrze\u015bnia oko\u0142o godz. 8 wysz\u0142a z terenu Plac\u00f3wki Opieku\u0144czo-Wychowawczej \u201cNASZ DOM\u201d w Ciechanowie na ul. Sienkiewicza i do chwili obecnej nie powr\u00f3ci\u0142a. Mundurowi apeluj\u0105 o przekazywanie wszelkich istotnych informacji w tej sprawie.<\/p>\n\n\n\n<p>Trwaj\u0105 poszukiwania Oliwii Paw\u0142owskiej<br>Nastolatka ma oko\u0142o 170 centymetr\u00f3w wzrostu, ma szczup\u0142\u0105 budow\u0119 cia\u0142a oraz br\u0105zowe, d\u0142ugie w\u0142osy. W oficjalnym komunikacie policji nie ma informacji, co do ubioru dziewczyny w dniu zagini\u0119cia, jednak portal istotne.pl podaje, \u017ce mia\u0142a w\u00f3wczas na sobie czarn\u0105 bluz\u0119, szare spodnie dresowe i czarne buty.&nbsp;<\/p>\n\n\n\n<p>Ostatni raz Oliwia by\u0142a widziana w rejonie Ciechanowa, ale istnieje podejrzenie, \u017ce mog\u0142a uda\u0107 si\u0119 w kierunku Boles\u0142awca, gdzie mieszkaj\u0105 jej znajomi i rodzina.<\/p>\n\n\n\n<p>Jak przekaza\u0142 portal Istotne.pl, Oliwia po\u017cegna\u0142a si\u0119 z m\u0142odsz\u0105 siostr\u0105, m\u00f3wi\u0105c: \u201c\u017cegnaj ma\u0142a, kocham ci\u0119\u201d, co wzbudzi\u0142o powa\u017cne obawy co do jej bezpiecze\u0144stwa. Telefon 16-latki pozostaje wy\u0142\u0105czony.&nbsp;<\/p>\n\n\n\n<p>Wszystkie osoby posiadaj\u0105ce jakiekolwiek informacje o miejscu pobytu Oliwii proszone s\u0105 o kontakt z dy\u017curnym ciechanowskiej komendy pod numerem telefonu: 47 703 12 00, 112 lub z najbli\u017csz\u0105 jednostk\u0105 Policji.<\/p>\n","protected":false},"excerpt":{"rendered":"Trwaj\u0105 poszukiwania 16-letniej Oliwii Paw\u0142owskiej. Dziewczyna zagin\u0119\u0142a we wtorek, 10 wrze\u015bnia i do tej pory nie nawi\u0105za\u0142a kontaktu z bliskimi. Z ustale\u0144 portalu \n<a class=\"moretag\" href=\"https:\/\/swiat24.pl.ua\/?p=17076\"> [...]<\/a>","protected":false},"author":1,"featured_media":17077,"comment_status":"open","ping_status":"open","sticky":false,"template":"","format":"standard","meta":{"footnotes":""},"categories":[1],"tags":[],"class_list":["post-17076","post","type-post","status-publish","format-standard","has-post-thumbnail","hentry","category-blog"],"_links":{"self":[{"href":"https:\/\/swiat24.pl.ua\/index.php?rest_route=\/wp\/v2\/posts\/17076","targetHints":{"allow":["GET"]}}],"collection":[{"href":"https:\/\/swiat24.pl.ua\/index.php?rest_route=\/wp\/v2\/posts"}],"about":[{"href":"https:\/\/swiat24.pl.ua\/index.php?rest_route=\/wp\/v2\/types\/post"}],"author":[{"embeddable":true,"href":"https:\/\/swiat24.pl.ua\/index.php?rest_route=\/wp\/v2\/users\/1"}],"replies":[{"embeddable":true,"href":"https:\/\/swiat24.pl.ua\/index.php?rest_route=%2Fwp%2Fv2%2Fcomments&post=17076"}],"version-history":[{"count":1,"href":"https:\/\/swiat24.pl.ua\/index.php?rest_route=\/wp\/v2\/posts\/17076\/revisions"}],"predecessor-version":[{"id":17078,"href":"https:\/\/swiat24.pl.ua\/index.php?rest_route=\/wp\/v2\/posts\/17076\/revisions\/17078"}],"wp:featuredmedia":[{"embeddable":true,"href":"https:\/\/swiat24.pl.ua\/index.php?rest_route=\/wp\/v2\/media\/17077"}],"wp:attachment":[{"href":"https:\/\/swiat24.pl.ua\/index.php?rest_route=%2Fwp%2Fv2%2Fmedia&parent=17076"}],"wp:term":[{"taxonomy":"category","embeddable":true,"href":"https:\/\/swiat24.pl.ua\/index.php?rest_route=%2Fwp%2Fv2%2Fcategories&post=17076"},{"taxonomy":"post_tag","embeddable":true,"href":"https:\/\/swiat24.pl.ua\/index.php?rest_route=%2Fwp%2Fv2%2Ftags&post=17076"}],"curies":[{"name":"wp","href":"https:\/\/api.w.org\/{rel}","templated":true}]}}