{"id":16927,"date":"2025-10-31T14:21:41","date_gmt":"2025-10-31T14:21:41","guid":{"rendered":"https:\/\/swiat24.pl.ua\/?p=16927"},"modified":"2025-10-31T14:21:41","modified_gmt":"2025-10-31T14:21:41","slug":"tragedia-w-portugalii-kim-byla-blandine-daux-francusko-kanadyjska-obywatelka-ktora-zginela-w-tragicznym-wypadku-kolejki-linowo-terenowej-w-lizbonie","status":"publish","type":"post","link":"https:\/\/swiat24.pl.ua\/?p=16927","title":{"rendered":"Tragedia w Portugalii: Kim by\u0142a Blandine Daux, francusko-kanadyjska obywatelka, kt\u00f3ra zgin\u0119\u0142a w tragicznym wypadku kolejki linowo-terenowej w Lizbonie?"},"content":{"rendered":"\n<p>W tragicznym wypadku kolejki linowo-terenowej, do kt\u00f3rego dosz\u0142o w \u015brod\u0119 3 wrze\u015bnia w Lizbonie, w\u015br\u00f3d ofiar by\u0142a Francuzka.<\/p>\n\n\n\n<p>Blandine Daux, mieszkanka Quebecu, by\u0142a na wakacjach w Portugalii z m\u0119\u017cem, Andr\u00e9 Bergeronem.<\/p>\n\n\n\n<p>To by\u0142a tragedia, kt\u00f3ra naznaczy\u0142a ten tydzie\u0144 w Europie. W \u015brod\u0119, 3 wrze\u015bnia 2025 r., kolejka linowo-terenowa Gloria, symbol Lizbony i bardzo popularna w\u015br\u00f3d turyst\u00f3w, wykolei\u0142a si\u0119.<\/p>\n\n\n\n<p>Rozbi\u0142a si\u0119 nieco ni\u017cej, po tym jak zjecha\u0142a \u201e z pe\u0142n\u0105 pr\u0119dko\u015bci\u0105 \u201d strom\u0105 ulic\u0105. \u201e Uderzy\u0142a w budynek z brutaln\u0105 si\u0142\u0105 i zawali\u0142a si\u0119 jak kartonowe pude\u0142ko, nie mia\u0142a hamulc\u00f3w \u201d \u2014 powiedzia\u0142 \u015bwiadek, cytowany przez Le Parisien .<\/p>\n\n\n\n<p>Do czwartku, 4 wrze\u015bnia, liczba ofiar \u015bmiertelnych wzros\u0142a do 16, wliczaj\u0105c kierowc\u0119, i 21 rannych, w tym Francuzka. Quai d\u2019Orsay potwierdzi\u0142o r\u00f3wnie\u017c \u015bmier\u0107 francusko-kanadyjskiej kobiety. Blandine Daux znikn\u0119\u0142a ze swoim m\u0119\u017cem, pochodz\u0105cym z Quebecu, Andr\u00e9 Bergeronem. Wed\u0142ug bliskiego przyjaciela, dzie\u0144 wypadku mia\u0142 by\u0107 ich ostatnim w Portugalii, gdzie byli na wakacjach.<\/p>\n\n\n\n<p>Dwie pogr\u0105\u017cone w \u017ca\u0142obie dziewczyny<br>Brat Andr\u00e9 Bergerona, \u00c9ric Bergeron, powiedzia\u0142 w wywiadzie dla CBC: \u201e Byli ma\u0142\u017ce\u0144stwem od ponad 20 lat. M\u00f3j brat w\u0142a\u015bnie przeszed\u0142 na emerytur\u0119, a ta podr\u00f3\u017c do Portugalii by\u0142a dla niego prezentem urodzinowym \u201d. Pogr\u0105\u017cony w \u017ca\u0142obie, uda\u0142 si\u0119 do Lizbony z dwiema c\u00f3rkami pary, Violette i \u00c9veline. \u201e Jestem zdruzgotany, to wydaje si\u0119 nierealne. Wyobra\u017a sobie, \u017ce straci\u0142e\u015b oboje rodzic\u00f3w naraz \u201d \u2013 ubolewa\u0142.<\/p>\n\n\n\n<p>Violette Daux-Bergeron, 22-letnia studentka, skontaktowa\u0142a si\u0119 z opini\u0105 publiczn\u0105 ju\u017c w pierwszych godzinach po tragedii. W obliczu braku mo\u017cliwo\u015bci uzyskania informacji oficjalnymi kana\u0142ami, zwr\u00f3ci\u0142a si\u0119 do internaut\u00f3w, wyja\u015bnia Journal de Qu\u00e9bec . Na TikToku poprosi\u0142a \u015bwiadk\u00f3w o kontakt, je\u015bli wiedz\u0105 co\u015b wi\u0119cej. W pi\u0105tek, 5 wrze\u015bnia, potwierdzi\u0142a \u015bmier\u0107 rodzic\u00f3w. \u201e Odszed\u0142e\u015b zbyt wcze\u015bnie i zbyt nagle \u201d \u2013 powiedzia\u0142a, zwracaj\u0105c si\u0119 do zmar\u0142ego. \u201e Ostatnie godziny wydawa\u0142y si\u0119 tygodniami. Zachowam ci\u0119 w moim sercu na zawsze \u201d.<\/p>\n\n\n\n<p>Znani archeolodzy<br>Blandine Daux, pochodz\u0105ca pierwotnie z regionu Wogez\u00f3w , osiedli\u0142a si\u0119 w Quebecu. Wraz z m\u0119\u017cem pracowa\u0142a w Centrum Konserwacji Zabytk\u00f3w w Quebecu, gdzie oboje pracowali jako archeolodzy. Stowarzyszenie Archeolog\u00f3w z Quebecu odda\u0142o ho\u0142d zmar\u0142emu. \u201e Wszyscy archeolodzy znaj\u0105 vademecum , kt\u00f3re napisa\u0142 [Andr\u00e9 Bergeron]. [On] by\u0142 tym, do kt\u00f3rego zwracali si\u0119 kuratorzy i archeolodzy, gdy mieli pytania dotycz\u0105ce wra\u017cliwej pr\u00f3bki. Ile razy m\u00f3wili\u015bmy lub s\u0142yszeli\u015bmy: \u2018Powiniene\u015b zadzwoni\u0107 do Andr\u00e9?\u2019 \u201d Opr\u00f3cz Blandine Daux, w\u015br\u00f3d rannych w wypadku by\u0142a r\u00f3wnie\u017c Francuzka. Rodzina niemieckich turyst\u00f3w zosta\u0142a ranna. Zgin\u0119\u0142o trzech Brytyjczyk\u00f3w, dw\u00f3ch Kanadyjczyk\u00f3w, dw\u00f3ch Korea\u0144czyk\u00f3w z Po\u0142udnia, obywatel Szwajcarii, Amerykanin i Ukrainiec.<\/p>\n","protected":false},"excerpt":{"rendered":"W tragicznym wypadku kolejki linowo-terenowej, do kt\u00f3rego dosz\u0142o w \u015brod\u0119 3 wrze\u015bnia w Lizbonie, w\u015br\u00f3d ofiar by\u0142a Francuzka. Blandine Daux, mieszkanka Quebecu, by\u0142a \n<a class=\"moretag\" href=\"https:\/\/swiat24.pl.ua\/?p=16927\"> [...]<\/a>","protected":false},"author":1,"featured_media":16928,"comment_status":"open","ping_status":"open","sticky":false,"template":"","format":"standard","meta":{"footnotes":""},"categories":[1],"tags":[],"class_list":["post-16927","post","type-post","status-publish","format-standard","has-post-thumbnail","hentry","category-blog"],"_links":{"self":[{"href":"https:\/\/swiat24.pl.ua\/index.php?rest_route=\/wp\/v2\/posts\/16927","targetHints":{"allow":["GET"]}}],"collection":[{"href":"https:\/\/swiat24.pl.ua\/index.php?rest_route=\/wp\/v2\/posts"}],"about":[{"href":"https:\/\/swiat24.pl.ua\/index.php?rest_route=\/wp\/v2\/types\/post"}],"author":[{"embeddable":true,"href":"https:\/\/swiat24.pl.ua\/index.php?rest_route=\/wp\/v2\/users\/1"}],"replies":[{"embeddable":true,"href":"https:\/\/swiat24.pl.ua\/index.php?rest_route=%2Fwp%2Fv2%2Fcomments&post=16927"}],"version-history":[{"count":1,"href":"https:\/\/swiat24.pl.ua\/index.php?rest_route=\/wp\/v2\/posts\/16927\/revisions"}],"predecessor-version":[{"id":16929,"href":"https:\/\/swiat24.pl.ua\/index.php?rest_route=\/wp\/v2\/posts\/16927\/revisions\/16929"}],"wp:featuredmedia":[{"embeddable":true,"href":"https:\/\/swiat24.pl.ua\/index.php?rest_route=\/wp\/v2\/media\/16928"}],"wp:attachment":[{"href":"https:\/\/swiat24.pl.ua\/index.php?rest_route=%2Fwp%2Fv2%2Fmedia&parent=16927"}],"wp:term":[{"taxonomy":"category","embeddable":true,"href":"https:\/\/swiat24.pl.ua\/index.php?rest_route=%2Fwp%2Fv2%2Fcategories&post=16927"},{"taxonomy":"post_tag","embeddable":true,"href":"https:\/\/swiat24.pl.ua\/index.php?rest_route=%2Fwp%2Fv2%2Ftags&post=16927"}],"curies":[{"name":"wp","href":"https:\/\/api.w.org\/{rel}","templated":true}]}}