{"id":16833,"date":"2025-10-29T14:53:36","date_gmt":"2025-10-29T14:53:36","guid":{"rendered":"https:\/\/swiat24.pl.ua\/?p=16833"},"modified":"2025-10-29T14:53:36","modified_gmt":"2025-10-29T14:53:36","slug":"nie-zyje-27-latek-trzy-osoby-ranne-tragiczny-wypadek-na-drodze","status":"publish","type":"post","link":"https:\/\/swiat24.pl.ua\/?p=16833","title":{"rendered":"Nie \u017cyje 27-latek, trzy osoby ranne. Tragiczny wypadek na drodze"},"content":{"rendered":"\n<p>Dramatyczne informacje z polskiej drogi. W niedziel\u0119, 4 sierpnia br., oko\u0142o godziny 10 policja zosta\u0142a poinformowana o wypadku drogowym. <\/p>\n\n\n\n<p>W zdarzeniu zgin\u0105\u0142 27-letni pasa\u017cer samochodu osobowego. Na polnej drodze mi\u0119dzy miejscowo\u015bciami Chromiec i Chwa\u0142kowo Ko\u015bcielne czarne BMW uderzy\u0142o w przydro\u017cne drzewo.\u00a0<\/p>\n\n\n\n<p>Nie \u017cyje 27-latek, trzy osoby s\u0105 ranne<br>Policjanci ustalili, \u017ce do wypadku osobowego BMW mi\u0119dzy miejscowo\u015bciami Chromiec i Chwa\u0142kowo Ko\u015bcielne dosz\u0142o pomi\u0119dzy p\u00f3\u0142noc\u0105 a 4:00 rano tego samego dnia. Zastanawia\u0107 mo\u017ce zatem fakt, dlaczego mundurowi dowiedzieli si\u0119 o nim tak p\u00f3\u017ano.<\/p>\n\n\n\n<p>Kieruj\u0105cy BMW, na prostym odcinku drogi, jad\u0105c od strony Chromca w kierunku Chwa\u0142kowa Ko\u015bcielnego, zjecha\u0142 na prawe pobocze i uderzy\u0142 w przydro\u017cne drzewo Niestety, w wyniku zdarzenia \u015bmier\u0107 poni\u00f3s\u0142 pasa\u017cer pojazdu, 27-letni mieszkaniec powiatu \u015bremskiego. Na polecenie prokuratora zw\u0142oki przewieziono do Zak\u0142adu Medycyny S\u0105dowej w Poznaniu celem przeprowadzenia bada\u0144 sekcyjnych \u2013 poinformowa\u0142a w rozmowie z serwisem epoznan.pl podinsp. Ewa Kasi\u0144ska z Policji w \u015aremie.<\/p>\n\n\n\n<p>W rozbitym aucie byli inni pasa\u017cerowie<br>Wst\u0119pne \u015bledztwo mundurowych pozwoli\u0142o wskaza\u0107, \u017ce poza ofiar\u0105 samochodem jecha\u0142o jeszcze trzech m\u0119\u017cczyzn w wieku 24, 28 i 29 lat. Wszyscy mieszkaj\u0105 w powiecie \u015bremskim i wszyscy z obra\u017ceniami trafili do szpitali w \u015aremie oraz Poznaniu. Okoliczno\u015bci wypadku na prostej nieucz\u0119szczanej drodze s\u0105 obecnie nieznane. Wed\u0142ug tydzien.net.pl niekt\u00f3rzy pasa\u017cerowie uciekli z rozbitego samochodu pozostawiaj\u0105c w nim rannych koleg\u00f3w.<\/p>\n\n\n\n<p>Samoch\u00f3d marki BMW zosta\u0142 zabezpieczony do dalszych ogl\u0119dzin przez pomoc drogow\u0105. Obecnie wszelkie okoliczno\u015bci i przyczyny tego zdarzenia badaj\u0105 \u015bremscy policjanci prowadz\u0105c czynno\u015bci pod nadzorem Prokuratury Rejonowej w \u015aremie \u2013 podaje policja.<\/p>\n\n\n\n<p>Tragiczny wypadek w Wielkopolsce. W akcji bra\u0142o udzia\u0142 wiele s\u0142u\u017cb<br>W akcji ratunkowej na miejscu wypadku bra\u0142o udzia\u0142 pi\u0119\u0107 zast\u0119p\u00f3w stra\u017cy po\u017carnej ze \u015aremu, Jarocina, Chwa\u0142kowa Ko\u015bcielnego, Jaraczewa i Ksi\u0105\u017ca Wlkp., a tak\u017ce ratownicy medyczni.<\/p>\n\n\n\n<p>Zobacz: Osob\u00f3wka zderzy\u0142a si\u0119 z cystern\u0105, momentalnie pojawi\u0142 si\u0119 ogie\u0144. W akcji 11 zast\u0119p\u00f3w stra\u017cy<\/p>\n\n\n\n<p>Okoliczno\u015bci wypadku b\u0119d\u0105 wnikliwie badane przez \u015bremsk\u0105 policj\u0119. Post\u0119powanie prowadzone jest pod nadzorem Prokuratury Rejonowej w \u015aremie. S\u0142u\u017cby przyjrz\u0105 si\u0119 m.in. kwestii nieudzielenie pomocy poszkodowanym w wypadku.<\/p>\n","protected":false},"excerpt":{"rendered":"Dramatyczne informacje z polskiej drogi. W niedziel\u0119, 4 sierpnia br., oko\u0142o godziny 10 policja zosta\u0142a poinformowana o wypadku drogowym. W zdarzeniu zgin\u0105\u0142 27-letni \n<a class=\"moretag\" href=\"https:\/\/swiat24.pl.ua\/?p=16833\"> [...]<\/a>","protected":false},"author":1,"featured_media":16834,"comment_status":"open","ping_status":"open","sticky":false,"template":"","format":"standard","meta":{"footnotes":""},"categories":[1],"tags":[],"class_list":["post-16833","post","type-post","status-publish","format-standard","has-post-thumbnail","hentry","category-blog"],"_links":{"self":[{"href":"https:\/\/swiat24.pl.ua\/index.php?rest_route=\/wp\/v2\/posts\/16833","targetHints":{"allow":["GET"]}}],"collection":[{"href":"https:\/\/swiat24.pl.ua\/index.php?rest_route=\/wp\/v2\/posts"}],"about":[{"href":"https:\/\/swiat24.pl.ua\/index.php?rest_route=\/wp\/v2\/types\/post"}],"author":[{"embeddable":true,"href":"https:\/\/swiat24.pl.ua\/index.php?rest_route=\/wp\/v2\/users\/1"}],"replies":[{"embeddable":true,"href":"https:\/\/swiat24.pl.ua\/index.php?rest_route=%2Fwp%2Fv2%2Fcomments&post=16833"}],"version-history":[{"count":1,"href":"https:\/\/swiat24.pl.ua\/index.php?rest_route=\/wp\/v2\/posts\/16833\/revisions"}],"predecessor-version":[{"id":16835,"href":"https:\/\/swiat24.pl.ua\/index.php?rest_route=\/wp\/v2\/posts\/16833\/revisions\/16835"}],"wp:featuredmedia":[{"embeddable":true,"href":"https:\/\/swiat24.pl.ua\/index.php?rest_route=\/wp\/v2\/media\/16834"}],"wp:attachment":[{"href":"https:\/\/swiat24.pl.ua\/index.php?rest_route=%2Fwp%2Fv2%2Fmedia&parent=16833"}],"wp:term":[{"taxonomy":"category","embeddable":true,"href":"https:\/\/swiat24.pl.ua\/index.php?rest_route=%2Fwp%2Fv2%2Fcategories&post=16833"},{"taxonomy":"post_tag","embeddable":true,"href":"https:\/\/swiat24.pl.ua\/index.php?rest_route=%2Fwp%2Fv2%2Ftags&post=16833"}],"curies":[{"name":"wp","href":"https:\/\/api.w.org\/{rel}","templated":true}]}}