{"id":16812,"date":"2025-10-29T13:56:25","date_gmt":"2025-10-29T13:56:25","guid":{"rendered":"https:\/\/swiat24.pl.ua\/?p=16812"},"modified":"2025-10-29T13:56:25","modified_gmt":"2025-10-29T13:56:25","slug":"przykre-wiesci-ws-oli-kwasniewskiej-wiedzieli-tylko-bliscy-jej-mama-potwierdza","status":"publish","type":"post","link":"https:\/\/swiat24.pl.ua\/?p=16812","title":{"rendered":"Przykre wie\u015bci ws. Oli Kwa\u015bniewskiej, Wiedzieli tylko bliscy. Jej mama potwierdza"},"content":{"rendered":"\n<p>Urodzona 3 czerwca 1955 roku w Gda\u0144sku Jolanta Kwa\u015bniewska, z domu Konty, to polska prawniczka, dzia\u0142aczka spo\u0142eczna, prezenterka telewizyjna oraz prezeska fundacji \u201ePorozumienie bez barier\u201d. <\/p>\n\n\n\n<p>W latach 1995\u20132005 sprawowa\u0142a rol\u0119 pierwszej damy jako ma\u0142\u017conka prezydenta Aleksandra Kwa\u015bniewskiego, kt\u00f3rego wspiera\u0142a na ka\u017cdym kroku.<\/p>\n\n\n\n<p>W tamtym okresie aktywnie anga\u017cowa\u0142a si\u0119 w dzia\u0142ania spo\u0142eczne, ze szczeg\u00f3lnym naciskiem na pomoc dzieciom oraz osobom z niepe\u0142nosprawno\u015bciami. R\u00f3wnolegle prowadzi\u0142a programy telewizyjne oraz zaanga\u017cowa\u0142a si\u0119 w przedsi\u0119wzi\u0119cia charytatywne.<\/p>\n\n\n\n<figure class=\"wp-block-image\"><img decoding=\"async\" src=\"https:\/\/www.bystragrazyna.pl\/wp-content\/uploads\/2025\/05\/1946.jpg\" alt=\"obrazek\"\/><\/figure>\n\n\n\n<p>Fundacj\u0119 Porozumienie bez barier, kt\u00f3rej celem jest promowanie integracji os\u00f3b z niepe\u0142nosprawno\u015bciami i wspieranie m\u0142odych talent\u00f3w, Jolanta za\u0142o\u017cy\u0142a w 1996 roku. Dzia\u0142a na rzecz r\u00f3wno\u015bci szans oraz przeciwstawiania si\u0119 dyskryminacji.<\/p>\n\n\n\n<figure class=\"wp-block-image\"><img decoding=\"async\" src=\"https:\/\/images.iberion.media\/images\/origin\/Jolanta_Kwasniewska_fot_KA_Pi_F_1260f3bddc.jpg\" alt=\"Jolanta Kwa\u015bniewska, fot. KAPiF\"\/><figcaption class=\"wp-element-caption\">Jolanta Kwa\u015bniewska, fot. KAPiF<\/figcaption><\/figure>\n\n\n\n<h2 class=\"wp-block-heading\">Wzruszaj\u0105ce wyznanie Jolanty Kwa\u015bniewskiej o c\u00f3rce<\/h2>\n\n\n\n<p>Podczas podcastu Ma\u0142gorzaty Rozenek-Majdan, Jolanta podzieli\u0142a si\u0119 osobist\u0105 refleksj\u0105 na temat swojej c\u00f3rki, Aleksandry Kwa\u015bniewskiej. Obawy matki, gdy jej m\u0105\u017c obejmowa\u0142 urz\u0105d prezydenta, skupia\u0142y si\u0119 g\u0142\u00f3wnie na Oli.<\/p>\n\n\n\n<blockquote class=\"wp-block-quote is-layout-flow wp-block-quote-is-layout-flow\">\n<p>Tak naprawd\u0119 bardziej martwi\u0142am si\u0119 o Ol\u0119 ni\u017c o mnie, bo ja mia\u0142am i fajne dzieci\u0144stwo, ale te\u017c fajn\u0105 m\u0142odo\u015b\u0107. \u017by\u0142am na swoich zasadach. A w momencie, kiedy Ole\u0144ka za spraw\u0105 taty zosta\u0142a pierwszym dzieckiem w naszym kraju, to ona sama narzuci\u0142a sobie taki gorset \u2013 nie my. To nie by\u0142o tak, \u017ce my\u015bmy powiedzieli: &#8216;Ole\u0144ka, tylko \u017ceby\u015b nam wstydu nie przynios\u0142a\u2019 \u2013 wyzna\u0142a Jolanta.<\/p>\n<\/blockquote>\n\n\n\n<p>By\u0142a pierwsza dama obawia\u0142a si\u0119 przede wszystkim, jak Ola odnajdzie si\u0119 w roli osoby publicznej w okresie dojrzewania i nastoletnim, jednak podkre\u015bli\u0142a, \u017ce tamte lata by\u0142y \u0142agodniejsze pod wzgl\u0119dem medialnej presji.<\/p>\n\n\n\n<blockquote class=\"wp-block-quote is-layout-flow wp-block-quote-is-layout-flow\">\n<p>Nie by\u0142o tak \u017ale, nie by\u0142o wtedy paparazzi w 1996 roku. (\u2026) Ole\u0144ka \u017cy\u0142a naprawd\u0119 normalnym \u017cyciem, bo ludzie jej nie znali. (\u2026) jej wizerunek nie by\u0142 na tyle rozpowszechniony, \u017ceby\u015bmy musieli o ni\u0105 w jaki\u015b szczeg\u00f3lny spos\u00f3b si\u0119 martwi\u0107 \u2013 zaznaczy\u0142a.<\/p>\n<\/blockquote>\n\n\n\n<h2 class=\"wp-block-heading\">Mro\u017c\u0105ce krew w \u017cy\u0142ach wydarzenia z udzia\u0142em Oli Kwa\u015bniewskiej<\/h2>\n\n\n\n<p>Podczas rozmowy Jolanta poruszy\u0142a r\u00f3wnie\u017c trudny i delikatny temat zwi\u0105zany z bezpiecze\u0144stwem c\u00f3rki. W pewnym momencie prawdziwym powodem jej zmartwienia sta\u0142a si\u0119 gro\u017aba ze strony os\u00f3b z Wo\u0142omina.<\/p>\n\n\n\n<blockquote class=\"wp-block-quote is-layout-flow wp-block-quote-is-layout-flow\">\n<p>Kiedy\u015b pami\u0119tam, \u017ce do nas taka informacja dotar\u0142a. By\u0142 alert w szkole. Pani wo\u017ana odgrywa\u0142a bardzo wa\u017cn\u0105 rol\u0119 (\u2026) i bardzo czujni byli koledzy i kole\u017canki Oli. (\u2026) Na szcz\u0119\u015bcie nic si\u0119 nie dzia\u0142o \u2013 wspomina\u0142a by\u0142a pierwsza dama.<\/p>\n<\/blockquote>\n\n\n\n<figure class=\"wp-block-image\"><img decoding=\"async\" src=\"https:\/\/www.bystragrazyna.pl\/wp-content\/uploads\/2025\/10\/1946.jpg\" alt=\"\" class=\"wp-image-23928\"\/><\/figure>\n\n\n\n<p>Niebezpieczne sytuacje nie ograniczy\u0142y si\u0119 jedynie do czas\u00f3w szkolnych. Jolanta przyzna\u0142a, \u017ce podczas studi\u00f3w Aleksandra do\u015bwiadczy\u0142a powa\u017cnego incydentu, gdy na uczelni pojawi\u0142 si\u0119 kto\u015b, kto rozpytuj\u0105c o jej miejsce pobytu, wzbudzi\u0142 alarm.<\/p>\n\n\n\n<blockquote class=\"wp-block-quote is-layout-flow wp-block-quote-is-layout-flow\">\n<p>Dopiero jak Ola by\u0142a na studiach (\u2026) pojawi\u0142 si\u0119 tam i biega\u0142 po wydziale, dopytywa\u0142 si\u0119, gdzie jest Ola, wi\u0119c wyk\u0142adowczyni gdzie\u015b tam schowa\u0142a si\u0119 do jakiego\u015b pomieszczenia. (\u2026) Policja przyjecha\u0142a i zosta\u0142 aresztowany \u2013 wyzna\u0142a po latach Jolanta Kwa\u015bniewska.<\/p>\n<\/blockquote>\n\n\n\n<p>Te dramatyczne wydarzenia jasno ukaza\u0142y, jak wielkie zagro\u017cenia mog\u0105 pojawi\u0107 si\u0119 nawet w \u017cyciu dzieci znanych os\u00f3b. R\u00f3wnie\u017c podkre\u015bli\u0142y znaczenie czujno\u015bci ze strony otoczenia oraz szybkiej reakcji odpowiednich s\u0142u\u017c<\/p>\n","protected":false},"excerpt":{"rendered":"Urodzona 3 czerwca 1955 roku w Gda\u0144sku Jolanta Kwa\u015bniewska, z domu Konty, to polska prawniczka, dzia\u0142aczka spo\u0142eczna, prezenterka telewizyjna oraz prezeska fundacji \u201ePorozumienie \n<a class=\"moretag\" href=\"https:\/\/swiat24.pl.ua\/?p=16812\"> [...]<\/a>","protected":false},"author":1,"featured_media":16813,"comment_status":"open","ping_status":"open","sticky":false,"template":"","format":"standard","meta":{"footnotes":""},"categories":[1],"tags":[],"class_list":["post-16812","post","type-post","status-publish","format-standard","has-post-thumbnail","hentry","category-blog"],"_links":{"self":[{"href":"https:\/\/swiat24.pl.ua\/index.php?rest_route=\/wp\/v2\/posts\/16812","targetHints":{"allow":["GET"]}}],"collection":[{"href":"https:\/\/swiat24.pl.ua\/index.php?rest_route=\/wp\/v2\/posts"}],"about":[{"href":"https:\/\/swiat24.pl.ua\/index.php?rest_route=\/wp\/v2\/types\/post"}],"author":[{"embeddable":true,"href":"https:\/\/swiat24.pl.ua\/index.php?rest_route=\/wp\/v2\/users\/1"}],"replies":[{"embeddable":true,"href":"https:\/\/swiat24.pl.ua\/index.php?rest_route=%2Fwp%2Fv2%2Fcomments&post=16812"}],"version-history":[{"count":1,"href":"https:\/\/swiat24.pl.ua\/index.php?rest_route=\/wp\/v2\/posts\/16812\/revisions"}],"predecessor-version":[{"id":16814,"href":"https:\/\/swiat24.pl.ua\/index.php?rest_route=\/wp\/v2\/posts\/16812\/revisions\/16814"}],"wp:featuredmedia":[{"embeddable":true,"href":"https:\/\/swiat24.pl.ua\/index.php?rest_route=\/wp\/v2\/media\/16813"}],"wp:attachment":[{"href":"https:\/\/swiat24.pl.ua\/index.php?rest_route=%2Fwp%2Fv2%2Fmedia&parent=16812"}],"wp:term":[{"taxonomy":"category","embeddable":true,"href":"https:\/\/swiat24.pl.ua\/index.php?rest_route=%2Fwp%2Fv2%2Fcategories&post=16812"},{"taxonomy":"post_tag","embeddable":true,"href":"https:\/\/swiat24.pl.ua\/index.php?rest_route=%2Fwp%2Fv2%2Ftags&post=16812"}],"curies":[{"name":"wp","href":"https:\/\/api.w.org\/{rel}","templated":true}]}}