{"id":16775,"date":"2025-10-28T17:31:01","date_gmt":"2025-10-28T17:31:01","guid":{"rendered":"https:\/\/swiat24.pl.ua\/?p=16775"},"modified":"2025-10-28T17:31:01","modified_gmt":"2025-10-28T17:31:01","slug":"moj-maz-mnie-nie-zabral","status":"publish","type":"post","link":"https:\/\/swiat24.pl.ua\/?p=16775","title":{"rendered":"M\u00f3j m\u0105\u017c mnie nie zabra\u0142"},"content":{"rendered":"\n<p><strong>Layla odkrywa ukryt\u0105 prawd\u0119 o corocznych podr\u00f3\u017cach m\u0119\u017ca<\/strong><\/p>\n\n\n\n<p>M\u0105\u017c Layli, Tom, od dwunastu lat co roku wyje\u017cd\u017ca na rodzinne wakacje bez niej,<\/p>\n\n\n\n<p>zawsze obwiniaj\u0105c matk\u0119 za rzekome zakazy do\u0142\u0105czania si\u0119 te\u015bci\u00f3w.<\/p>\n\n\n\n<p>Po latach frustracji Layla odkrywa prawd\u0119 i mierzy si\u0119 z prawdziwymi powodami swojego wykluczenia.<\/p>\n\n\n\n<p>Co roku Tom wyje\u017cd\u017ca\u0142 na wakacje, zostawiaj\u0105c Layl\u0119 i dw\u00f3jk\u0119 dzieci.<\/p>\n\n\n\n<p>Jego wym\u00f3wka brzmia\u0142a: \u201eMoja mama nie chce te\u015bci\u00f3w na wycieczce, Layla. Wiesz o tym\u201d.<\/p>\n\n\n\n<p>Layla znosi\u0142a te wyja\u015bnienia, dop\u00f3ki nie odkry\u0142a w mediach spo\u0142eczno\u015bciowych zdj\u0119\u0107 z zesz\u0142orocznych wakacji, na kt\u00f3rych wida\u0107 Toma z \u017con\u0105 jego brata, Sadie.<\/p>\n\n\n\n<p>Zdezorientowana i zraniona Layla zadzwoni\u0142a do Sadie, kt\u00f3ra niewinnie jej wyzna\u0142a,<\/p>\n\n\n\n<p>\u201eWci\u0105\u017c jestem smutna, \u017ce \u200b\u200bnie mog\u0142e\u015b przyjecha\u0107, bo nie mia\u0142e\u015b nikogo, kto m\u00f3g\u0142by zaj\u0105\u0107 si\u0119 dzie\u0107mi\u201d.<\/p>\n\n\n\n<p>Zdaj\u0105c sobie spraw\u0119 z oszustwa, Layla skonfrontowa\u0142a si\u0119 ze swoj\u0105 te\u015bciow\u0105, Denise, kt\u00f3ra zaprzeczy\u0142a jakiemukolwiek udzia\u0142owi w oszustwie.<\/p>\n\n\n\n<p>\u201eM\u00f3j m\u0105\u017c i synowie co roku wyje\u017cd\u017caj\u0105 na wakacje, ale mnie te\u017c nigdy nie zabrali\u201d \u2013 powiedzia\u0142a.<\/p>\n\n\n\n<p>Odkrycie Layli obali\u0142o d\u0142ugotrwa\u0142e k\u0142amstwo Toma,<\/p>\n\n\n\n<p>niszcz\u0105c jej zaufanie i nieodwracalnie wywracaj\u0105c do g\u00f3ry nogami relacje rodzinne.<\/p>\n","protected":false},"excerpt":{"rendered":"Layla odkrywa ukryt\u0105 prawd\u0119 o corocznych podr\u00f3\u017cach m\u0119\u017ca M\u0105\u017c Layli, Tom, od dwunastu lat co roku wyje\u017cd\u017ca na rodzinne wakacje bez niej, zawsze \n<a class=\"moretag\" href=\"https:\/\/swiat24.pl.ua\/?p=16775\"> [...]<\/a>","protected":false},"author":1,"featured_media":16776,"comment_status":"open","ping_status":"open","sticky":false,"template":"","format":"standard","meta":{"footnotes":""},"categories":[1],"tags":[],"class_list":["post-16775","post","type-post","status-publish","format-standard","has-post-thumbnail","hentry","category-blog"],"_links":{"self":[{"href":"https:\/\/swiat24.pl.ua\/index.php?rest_route=\/wp\/v2\/posts\/16775","targetHints":{"allow":["GET"]}}],"collection":[{"href":"https:\/\/swiat24.pl.ua\/index.php?rest_route=\/wp\/v2\/posts"}],"about":[{"href":"https:\/\/swiat24.pl.ua\/index.php?rest_route=\/wp\/v2\/types\/post"}],"author":[{"embeddable":true,"href":"https:\/\/swiat24.pl.ua\/index.php?rest_route=\/wp\/v2\/users\/1"}],"replies":[{"embeddable":true,"href":"https:\/\/swiat24.pl.ua\/index.php?rest_route=%2Fwp%2Fv2%2Fcomments&post=16775"}],"version-history":[{"count":1,"href":"https:\/\/swiat24.pl.ua\/index.php?rest_route=\/wp\/v2\/posts\/16775\/revisions"}],"predecessor-version":[{"id":16777,"href":"https:\/\/swiat24.pl.ua\/index.php?rest_route=\/wp\/v2\/posts\/16775\/revisions\/16777"}],"wp:featuredmedia":[{"embeddable":true,"href":"https:\/\/swiat24.pl.ua\/index.php?rest_route=\/wp\/v2\/media\/16776"}],"wp:attachment":[{"href":"https:\/\/swiat24.pl.ua\/index.php?rest_route=%2Fwp%2Fv2%2Fmedia&parent=16775"}],"wp:term":[{"taxonomy":"category","embeddable":true,"href":"https:\/\/swiat24.pl.ua\/index.php?rest_route=%2Fwp%2Fv2%2Fcategories&post=16775"},{"taxonomy":"post_tag","embeddable":true,"href":"https:\/\/swiat24.pl.ua\/index.php?rest_route=%2Fwp%2Fv2%2Ftags&post=16775"}],"curies":[{"name":"wp","href":"https:\/\/api.w.org\/{rel}","templated":true}]}}